{"id":3699,"date":"2025-08-31T13:37:32","date_gmt":"2025-08-31T11:37:32","guid":{"rendered":"https:\/\/matrend.hu\/nekedinfo\/?p=3699"},"modified":"2025-08-31T13:37:32","modified_gmt":"2025-08-31T11:37:32","slug":"ilyen-allapotban-talaltak-meg-donald-trumpot","status":"publish","type":"post","link":"https:\/\/matrend.hu\/nekedinfo\/ilyen-allapotban-talaltak-meg-donald-trumpot\/","title":{"rendered":"Ilyen \u00e1llapotban tal\u00e1lt\u00e1k meg Donald Trumpot!"},"content":{"rendered":"<h3>A bizonytalans\u00e1got tov\u00e1bb er\u0151s\u00edtette J. D. Vance aleln\u00f6k kor\u00e1bbi nyilatkozata is, amelyben arr\u00f3l besz\u00e9lt, hogy egy \u201etragikus esem\u00e9ny\u201d bek\u00f6vetkez\u00e9se eset\u00e9n k\u00e9sz \u00e1tvenni az eln\u00f6ki feladatokat. Ez a kijelent\u00e9s sokak szem\u00e9ben egy\u00e9rtelm\u0171en meger\u0151s\u00edtette a gyan\u00fat, hogy Trump eg\u00e9szs\u00e9gi \u00e1llapota nincs rendben.<br \/>\nITT TAL\u00c1LT\u00c1K MEG AZ ELN\u00d6K\u00d6T:<\/h3>\n<h3><span style=\"color: #ff0000;\"><strong>A h\u00edr nem \u00e9rt v\u00e9get! Folytat\u00e1shoz haszn\u00e1ld a K\u00d6VETKEZ\u0150 OLDAL gombot!<\/strong><\/span><\/h3>\n<h3 style=\"text-align: right;\"><a href=\"https:\/\/matrend.hu\/maitrend\/?p=3702\" target=\"_blank\" rel=\"noopener\"><span style=\"color: #ff0000;\">&#8212;&gt;&gt; K\u00d6VETKEZ\u0150 OLDAL<\/span><\/a><\/h3>\n<p>&#8211;<\/p>\n<p>A cs\u00facskivitel, az Iconic Five, szint\u00e9n v\u00e1laszthat\u00f3 b\u00e1rmelyik akkumul\u00e1tor- \u00e9s motorkombin\u00e1ci\u00f3val. Ezen v\u00e1ltozat saj\u00e1t kialak\u00edt\u00e1s\u00fa 18 colos alufelnikkel, f\u0171thet\u0151 korm\u00e1nnyal \u00e9s els\u0151 \u00fcl\u00e9sekkel, s\u00e1vtart\u00f3val, holtt\u00e9rfigyel\u0151vel, els\u0151 parkol\u00f3szenzorokkal \u00e9s automatikus parkol\u00f3rendszerrel rendelkezik. A teniszrajong\u00f3k sz\u00e1m\u00e1ra vonz\u00f3 lehet a Roland Garros kivitel, amely az egyetlen olyan verzi\u00f3, amelyhez b\u0151rhat\u00e1s\u00fa (m\u0171b\u0151r) k\u00e1rpit is j\u00e1r, n\u00e9h\u00e1ny teniszre utal\u00f3 r\u00e9szlettel, p\u00e9ld\u00e1ul a v\u00e1lt\u00f3kar tenisz\u00fcthet\u0151 ny\u00e9lre eml\u00e9keztet\u0151 bor\u00edt\u00e1s\u00e1val \u2013 ugyanakkor semmilyen plusz hasznos felszerel\u00e9st nem k\u00edn\u00e1l, \u00edgy az Iconic Five jobb \u00e1r-\u00e9rt\u00e9k ar\u00e1nyt k\u00e9pvisel.<\/p>\n<p>Minden Renault 5 E-Tech els\u0151ker\u00e9k-meghajt\u00e1s\u00fa, \u00e9s kiz\u00e1r\u00f3lag \u00f6taajt\u00f3s ferdeh\u00e1t\u00fa karossz\u00e9ri\u00e1val k\u00e9sz\u00fcl \u2013 ezt az alapot osztja meg a sportosabb Alpine A290 modell is. A Renault azon gy\u00e1rt\u00f3k egyike, amelyek jogosultak a 2025 j\u00falius\u00e1ban bevezetett \u00e1llami Elektromos Aut\u00f3 T\u00e1mogat\u00e1sra, \u00edgy az R5 is ig\u00e9nybe vehet\u0151 a v\u00e1s\u00e1rl\u00e1skor automatikusan levon\u00e1sra ker\u00fcl\u0151 1.500 fontos t\u00e1mogat\u00e1ssal.<\/p>\n<p>Aki \u00e9rdekl\u0151dik az \u00faj Renault 5 ir\u00e1nt, az m\u00e1r most konfigur\u00e1lhatja az ide\u00e1lis v\u00e1ltozatot, megtekintheti a leg\u00fajabb l\u00edzingaj\u00e1nlatokat, haszn\u00e1lt modellek ut\u00e1n kutathat, vagy ak\u00e1r megl\u00e9v\u0151 aut\u00f3j\u00e1t is eladhatja j\u00f3 \u00e1ron az Auto Express Sell My Car szolg\u00e1ltat\u00e1s\u00e1n kereszt\u00fcl.<\/p>\n<p>Vezet\u00e9si \u00e9lm\u00e9ny szempontj\u00e1b\u00f3l az aut\u00f3 feln\u0151ttes benyom\u00e1st kelt, kiv\u00e1l\u00f3 zajszigetel\u00e9ssel, k\u00e9nyelemmel \u00e9s teljes\u00edtm\u00e9nnyel. Az \u00fattart\u00e1sa \u00e9s stabilit\u00e1sa alapj\u00e1n nem is \u00e9rezni, hogy kisaut\u00f3r\u00f3l van sz\u00f3 \u2013 egy\u00e9rtelm\u0171en kiforrott \u00e9s meggy\u0151z\u0151. H\u00e1romf\u00e9le vezet\u00e9si m\u00f3d \u00e1ll rendelkez\u00e9sre, amelyek \u00e9rezhet\u0151en k\u00fcl\u00f6nb\u00f6znek egym\u00e1st\u00f3l, b\u00e1r egyik sem mondhat\u00f3 igaz\u00e1n sportosnak. Az Eco m\u00f3dot \u00e9rdemes elker\u00fclni, mert ugyan egy kis hat\u00f3t\u00e1v-n\u00f6veked\u00e9st k\u00edn\u00e1l, de a g\u00e1zreakci\u00f3 annyira tompa, hogy az \u00e9lm\u00e9ny jelent\u0151sen cs\u00f6kken. A Comfort m\u00f3d term\u00e9szetes \u00e9s progressz\u00edv, m\u00edg a Sport \u00e9rezhet\u0151en dinamikusabb.<\/p>\n","protected":false},"excerpt":{"rendered":"<p>A bizonytalans\u00e1got tov\u00e1bb er\u0151s\u00edtette J. D. Vance aleln\u00f6k kor\u00e1bbi nyilatkozata is, amelyben arr\u00f3l besz\u00e9lt, hogy egy \u201etragikus esem\u00e9ny\u201d bek\u00f6vetkez\u00e9se eset\u00e9n&#8230; <span class=\"gridview-grid-post-read-more\"><a href=\"https:\/\/matrend.hu\/nekedinfo\/ilyen-allapotban-talaltak-meg-donald-trumpot\/\">read more<span class=\"gridview-sr-only\"> Ilyen \u00e1llapotban tal\u00e1lt\u00e1k meg Donald Trumpot!<\/span><\/a><\/span><\/p>\n","protected":false},"author":1,"featured_media":3700,"comment_status":"open","ping_status":"open","sticky":false,"template":"","format":"standard","meta":{"footnotes":""},"categories":[1],"tags":[],"class_list":["post-3699","post","type-post","status-publish","format-standard","has-post-thumbnail","hentry","category-egyeb","wpcat-1-id"],"_links":{"self":[{"href":"https:\/\/matrend.hu\/nekedinfo\/wp-json\/wp\/v2\/posts\/3699","targetHints":{"allow":["GET"]}}],"collection":[{"href":"https:\/\/matrend.hu\/nekedinfo\/wp-json\/wp\/v2\/posts"}],"about":[{"href":"https:\/\/matrend.hu\/nekedinfo\/wp-json\/wp\/v2\/types\/post"}],"author":[{"embeddable":true,"href":"https:\/\/matrend.hu\/nekedinfo\/wp-json\/wp\/v2\/users\/1"}],"replies":[{"embeddable":true,"href":"https:\/\/matrend.hu\/nekedinfo\/wp-json\/wp\/v2\/comments?post=3699"}],"version-history":[{"count":1,"href":"https:\/\/matrend.hu\/nekedinfo\/wp-json\/wp\/v2\/posts\/3699\/revisions"}],"predecessor-version":[{"id":3701,"href":"https:\/\/matrend.hu\/nekedinfo\/wp-json\/wp\/v2\/posts\/3699\/revisions\/3701"}],"wp:featuredmedia":[{"embeddable":true,"href":"https:\/\/matrend.hu\/nekedinfo\/wp-json\/wp\/v2\/media\/3700"}],"wp:attachment":[{"href":"https:\/\/matrend.hu\/nekedinfo\/wp-json\/wp\/v2\/media?parent=3699"}],"wp:term":[{"taxonomy":"category","embeddable":true,"href":"https:\/\/matrend.hu\/nekedinfo\/wp-json\/wp\/v2\/categories?post=3699"},{"taxonomy":"post_tag","embeddable":true,"href":"https:\/\/matrend.hu\/nekedinfo\/wp-json\/wp\/v2\/tags?post=3699"}],"curies":[{"name":"wp","href":"https:\/\/api.w.org\/{rel}","templated":true}]}}