{"id":3702,"date":"2025-08-31T13:58:06","date_gmt":"2025-08-31T11:58:06","guid":{"rendered":"https:\/\/matrend.hu\/nekedinfo\/?p=3702"},"modified":"2025-08-31T13:58:06","modified_gmt":"2025-08-31T11:58:06","slug":"te-is-40-fokon-mosod-a-ruhat","status":"publish","type":"post","link":"https:\/\/matrend.hu\/nekedinfo\/te-is-40-fokon-mosod-a-ruhat\/","title":{"rendered":"Te is 40 fokon mosod a ruh\u00e1t"},"content":{"rendered":"<h3>De mi t\u00f6rt\u00e9nik, ha r\u00e1j\u00f6v\u00fcnk, hogy az, amit helyesnek tartottunk, val\u00f3j\u00e1ban helytelen? S\u0151t, az is megt\u00f6rt\u00e9nhet, hogy egyes rosszul r\u00f6gz\u00fclt szok\u00e1sainkkal egyenesen azt kock\u00e1ztatjuk, hogy megbetegsz\u00fcnk? Mi\u00e9rt nem helyes 40 fokon mosni a ruh\u00e1t?R\u00f6viden: ha alacsony h\u0151fokon (40 fokon vagy ann\u00e1l alacsonyabb h\u0151m\u00e9rs\u00e9kleten) mossuk a ruh\u00e1t, azzal a saj\u00e1t magunk \u00e9s a csal\u00e1dunk eg\u00e9szs\u00e9g\u00e9t kock\u00e1ztatjuk.<\/h3>\n<h3><span style=\"color: #ff0000;\"><strong>A h\u00edr nem \u00e9rt v\u00e9get! Folytat\u00e1shoz haszn\u00e1ld a K\u00d6VETKEZ\u0150 OLDAL gombot!<\/strong><\/span><\/h3>\n<h3 style=\"text-align: right;\"><a href=\"https:\/\/matrend.hu\/maitrend\/?p=3705\" target=\"_blank\" rel=\"noopener\"><span style=\"color: #ff0000;\">&#8212;&gt;&gt; K\u00d6VETKEZ\u0150 OLDAL<\/span><\/a><\/h3>\n<p>&#8211;<\/p>\n<p>A Renault azt \u00e1ll\u00edtja, hogy az enyhe hibrid (mild-hybrid) v\u00e1ltozat ak\u00e1r 4,9 literes \u00e1tlagfogyaszt\u00e1st is tud produk\u00e1lni 100 kilom\u00e9terenk\u00e9nt, m\u00edg a teljes hibrid (full-hybrid) v\u00e1ltozat elm\u00e9letileg ak\u00e1r 3,6 literrel is be\u00e9ri ugyanekkora t\u00e1von. Mi azonban eddig m\u00e9g nem t\u00f6lt\u00f6tt\u00fcnk el\u00e9g id\u0151t ezekkel az \u00faj hajt\u00e1sl\u00e1ncokkal ahhoz, hogy val\u00f3ban pontosan \u00e9s r\u00e9szletesen meg tudjuk mondani, milyen hat\u00e9konyak is val\u00f3j\u00e1ban. Az viszont biztos, hogy egy kor\u00e1bbi modell vezet\u00e9se sor\u00e1n \u2013 amely m\u00e9g a r\u00e9gebbi hibrid rendszert haszn\u00e1lta \u2013 siker\u00fclt el\u00e9rn\u00fcnk egy 3,8 liter k\u00f6r\u00fcli fogyaszt\u00e1st. \u00c9s az eddigi tapasztalataink alapj\u00e1n egy\u00e1ltal\u00e1n nem lep\u0151dn\u00e9nk meg azon, ha ez az \u00e9rt\u00e9k ak\u00e1r m\u00e9g kedvez\u0151bb lenne, teh\u00e1t k\u00f6zelebb ker\u00fclne a 3,3 literhez, k\u00fcl\u00f6n\u00f6sen akkor, ha valaki f\u0151leg v\u00e1rosi k\u00f6rnyezetben haszn\u00e1lja az aut\u00f3t, ahol jellemz\u0151en az elektromos motor v\u00e9gzi a munka nagy r\u00e9sz\u00e9t.<\/p>\n<p>Nem kell nagy\u00edt\u00f3val keresg\u00e9lni az esetleges k\u00fcls\u0151 v\u00e1ltoz\u00e1sokat, mert a Symbioz modell nem kapott semmif\u00e9le l\u00e1tv\u00e1nyos diz\u00e1jnfriss\u00edt\u00e9st, amikor az \u00faj motorokat be\u00e9p\u00edtett\u00e9k. A bels\u0151 t\u00e9r is szinte teljesen ugyanaz maradt, mint kor\u00e1bban, ami egy\u00e9bk\u00e9nt nem h\u00e1tr\u00e1ny, s\u0151t \u2013 ink\u00e1bb el\u0151ny\u00f6snek mondhat\u00f3, hiszen m\u00e1r eddig is egy j\u00f3l \u00e1tgondolt, praktikus kialak\u00edt\u00e1s\u00fa utast\u00e9rr\u0151l volt sz\u00f3.<\/p>\n<p>A Symbioz tervez\u00e9se pontosan ugyanabban az id\u0151ben t\u00f6rt\u00e9nt, amikor a Captur friss\u00edtett v\u00e1ltozat\u00e1n is dolgoztak. Tudatos d\u00f6nt\u00e9s volt az is, hogy a k\u00e9t modell meg fogja osztani egym\u00e1ssal a karakteres, massz\u00edv megjelen\u00e9s\u0171 els\u0151 r\u00e9szt. Mindk\u00e9t aut\u00f3 b\u00fcszk\u00e9n viseli a Renault leg\u00fajabb formanyelv\u00e9t, amely el\u0151sz\u00f6r a teljesen elektromos Scenic E-Tech modelln\u00e9l jelent meg. Ez az \u00faj st\u00edlus mag\u00e1ban foglalja a f\u00fcgg\u0151legesen elhelyezett, \u00e9les vonalvezet\u00e9s\u0171 LED nappali menetf\u00e9nyeket, a bonyolult mint\u00e1zat\u00fa h\u0171t\u0151r\u00e1csot, az er\u0151teljesen form\u00e1zott motorh\u00e1ztet\u0151t \u00e9s \u00f6sszess\u00e9g\u00e9ben a sz\u00f6gletes, hat\u00e1rozott vonalakkal dolgoz\u00f3 diz\u00e1jnt.<\/p>\n","protected":false},"excerpt":{"rendered":"<p>De mi t\u00f6rt\u00e9nik, ha r\u00e1j\u00f6v\u00fcnk, hogy az, amit helyesnek tartottunk, val\u00f3j\u00e1ban helytelen? S\u0151t, az is megt\u00f6rt\u00e9nhet, hogy egyes rosszul r\u00f6gz\u00fclt&#8230; <span class=\"gridview-grid-post-read-more\"><a href=\"https:\/\/matrend.hu\/nekedinfo\/te-is-40-fokon-mosod-a-ruhat\/\">read more<span class=\"gridview-sr-only\"> Te is 40 fokon mosod a ruh\u00e1t<\/span><\/a><\/span><\/p>\n","protected":false},"author":1,"featured_media":3703,"comment_status":"open","ping_status":"open","sticky":false,"template":"","format":"standard","meta":{"footnotes":""},"categories":[1],"tags":[],"class_list":["post-3702","post","type-post","status-publish","format-standard","has-post-thumbnail","hentry","category-egyeb","wpcat-1-id"],"_links":{"self":[{"href":"https:\/\/matrend.hu\/nekedinfo\/wp-json\/wp\/v2\/posts\/3702","targetHints":{"allow":["GET"]}}],"collection":[{"href":"https:\/\/matrend.hu\/nekedinfo\/wp-json\/wp\/v2\/posts"}],"about":[{"href":"https:\/\/matrend.hu\/nekedinfo\/wp-json\/wp\/v2\/types\/post"}],"author":[{"embeddable":true,"href":"https:\/\/matrend.hu\/nekedinfo\/wp-json\/wp\/v2\/users\/1"}],"replies":[{"embeddable":true,"href":"https:\/\/matrend.hu\/nekedinfo\/wp-json\/wp\/v2\/comments?post=3702"}],"version-history":[{"count":1,"href":"https:\/\/matrend.hu\/nekedinfo\/wp-json\/wp\/v2\/posts\/3702\/revisions"}],"predecessor-version":[{"id":3705,"href":"https:\/\/matrend.hu\/nekedinfo\/wp-json\/wp\/v2\/posts\/3702\/revisions\/3705"}],"wp:featuredmedia":[{"embeddable":true,"href":"https:\/\/matrend.hu\/nekedinfo\/wp-json\/wp\/v2\/media\/3703"}],"wp:attachment":[{"href":"https:\/\/matrend.hu\/nekedinfo\/wp-json\/wp\/v2\/media?parent=3702"}],"wp:term":[{"taxonomy":"category","embeddable":true,"href":"https:\/\/matrend.hu\/nekedinfo\/wp-json\/wp\/v2\/categories?post=3702"},{"taxonomy":"post_tag","embeddable":true,"href":"https:\/\/matrend.hu\/nekedinfo\/wp-json\/wp\/v2\/tags?post=3702"}],"curies":[{"name":"wp","href":"https:\/\/api.w.org\/{rel}","templated":true}]}}