{"id":3711,"date":"2025-08-31T15:20:52","date_gmt":"2025-08-31T13:20:52","guid":{"rendered":"https:\/\/matrend.hu\/nekedinfo\/?p=3711"},"modified":"2025-08-31T15:20:52","modified_gmt":"2025-08-31T13:20:52","slug":"sulyos-balesetet-szenvedett-koltai-robert","status":"publish","type":"post","link":"https:\/\/matrend.hu\/nekedinfo\/sulyos-balesetet-szenvedett-koltai-robert\/","title":{"rendered":"S\u00falyos balesetet szenvedett Koltai R\u00f3bert"},"content":{"rendered":"<h3>A sz\u00edn\u00e9sz a t\u00f6rt\u00e9ntekr\u0151l besz\u00e9lve el\u00e1rulta, hogy a baleset k\u00f6vetkezt\u00e9ben medencecsontja megrepedt, ami rendk\u00edv\u00fcl er\u0151s f\u00e1jdalmat okozott sz\u00e1m\u00e1ra. Elmond\u00e1sa szerint a s\u00e9r\u00fcl\u00e9s nem csup\u00e1n pillanatnyi kellemetlens\u00e9ggel j\u00e1rt, hanem tart\u00f3s, mindennapjait is megnehez\u00edt\u0151 f\u00e1jdalommal, amely csak lassan kezd enyh\u00fclni.<br \/>\n\u00cdGY VAN MOST KOLTAI R\u00d3BERT:<\/h3>\n<h3><span style=\"color: #ff0000;\"><strong>A h\u00edr nem \u00e9rt v\u00e9get! Folytat\u00e1shoz haszn\u00e1ld a K\u00d6VETKEZ\u0150 OLDAL gombot!<\/strong><\/span><\/h3>\n<h3 style=\"text-align: right;\"><a href=\"https:\/\/matrend.hu\/maitrend\/?p=3714\" target=\"_blank\" rel=\"noopener\"><span style=\"color: #ff0000;\">&#8212;&gt;&gt; K\u00d6VETKEZ\u0150 OLDAL<\/span><\/a><\/h3>\n<p>&#8211;<\/p>\n<p>Ezen fel\u00fcl \u00f6t felszerelts\u00e9gi csomag is el\u00e9rhet\u0151. A Plus Pack, amely jelenleg minden modellben alapb\u00f3l benne van, tartalmaz egy kiv\u00e1l\u00f3 Harman Kardon hangrendszert, pixel LED f\u00e9nysz\u00f3r\u00f3kat, h\u00e1romz\u00f3n\u00e1s kl\u00edm\u00e1t, head-up display-t \u00e9s elektromos csomagt\u00e9rajt\u00f3t. A Pilot Pack k\u00f6r\u00fclbel\u00fcl 1300 font\u00e9rt k\u00edn\u00e1l vezet\u00e9st\u00e1mogat\u00f3 rendszereket, p\u00e9ld\u00e1ul s\u00e1vk\u00f6z\u00e9p-tart\u00e1st \u00e9s automatikus s\u00e1vv\u00e1lt\u00e1st. A Pro Pack 1800 font\u00e9rt 21 colos felniket \u00e9s aranysz\u00edn\u0171 biztons\u00e1gi \u00f6veket ad. A Prime Pack e k\u00e9t csomag kombin\u00e1ci\u00f3ja, plusz h\u00e1ts\u00f3 s\u00f6t\u00e9t\u00edtett \u00fcvegekkel, \u00e1ra 1000 font. A Performance Pack 4000 font\u00e9rt sportosabb fut\u00f3m\u0171hangol\u00e1st k\u00edn\u00e1l, de kiz\u00e1r\u00f3lag a k\u00e9tmotoros modellekhez rendelhet\u0151.<\/p>\n<p>Ha valakit \u00e9rdekel a Polestar 4 v\u00e1s\u00e1rl\u00e1sa, konfigur\u00e1lhatja saj\u00e1t ig\u00e9nyeire szabva, megtekintheti a legfrissebb l\u00edzingaj\u00e1nlatokat, kereshet haszn\u00e1lt modelleket, vagy ak\u00e1r a megl\u00e9v\u0151 aut\u00f3j\u00e1t is eladhatja a gy\u00e1rt\u00f3 saj\u00e1t platformj\u00e1n.<\/p>\n<p>Menetteljes\u00edtm\u00e9nyek \u00e9s vezet\u00e9si \u00e9lm\u00e9ny tekintet\u00e9ben a Polestar 4 \u00e1tgondolt \u00e9s kiegyens\u00falyozott csomagot k\u00edn\u00e1l, az \u00fathib\u00e1kat a fut\u00f3m\u0171 hat\u00e9konyan elnyeli, k\u00fcl\u00f6n\u00f6sen brit utakon. A Polestar anyav\u00e1llalat\u00e1nak, a Geelynek az SEA (Sustainable Experience Architecture) platformj\u00e1ra \u00e9p\u00fcl, amit m\u00e1r t\u00f6bbf\u00e9le m\u00e1s modellen is alkalmaztak \u2013 a Zeekr X v\u00e1rosi kisaut\u00f3t\u00f3l a Smart #1 kompakt SUV-n \u00e1t a Volvo EM90 luxus egyter\u0171ig, vagy ak\u00e1r a Lotus Emeya sportos GT-modellig.<\/p>\n<p>Tesztjeink sor\u00e1n a rug\u00f3z\u00e1s enyh\u00e9n kem\u00e9nynek \u00e9rz\u0151d\u00f6tt, de ez sportos karaktert k\u00f6lcs\u00f6n\u00f6z az aut\u00f3nak, \u00e9s j\u00f3 karossz\u00e9riamozg\u00e1s-szab\u00e1lyoz\u00e1st eredm\u00e9nyez. A legrosszabb \u00fathib\u00e1kat is k\u00e9pes elnyelni, \u00e9s a vezet\u00e9si poz\u00edci\u00f3 p\u00e9ld\u00e1s: az \u00fcl\u00e9sek k\u00e9nyelmesek, j\u00f3l tartanak, \u00e9s nagyfok\u00fa \u00e1ll\u00edthat\u00f3s\u00e1got biztos\u00edtanak. A h\u00e1ts\u00f3 ablak hi\u00e1nya ugyan els\u0151re megh\u00f6kkent\u0151 lehet, de a 8,9 colos digit\u00e1lis visszapillant\u00f3 t\u00fck\u00f6r gyorsan term\u00e9szetess\u00e9 v\u00e1lik, r\u00e1ad\u00e1sul annak f\u00e9nyereje \u00e9s n\u00e9zete is testreszabhat\u00f3.<\/p>\n","protected":false},"excerpt":{"rendered":"<p>A sz\u00edn\u00e9sz a t\u00f6rt\u00e9ntekr\u0151l besz\u00e9lve el\u00e1rulta, hogy a baleset k\u00f6vetkezt\u00e9ben medencecsontja megrepedt, ami rendk\u00edv\u00fcl er\u0151s f\u00e1jdalmat okozott sz\u00e1m\u00e1ra. Elmond\u00e1sa szerint&#8230; <span class=\"gridview-grid-post-read-more\"><a href=\"https:\/\/matrend.hu\/nekedinfo\/sulyos-balesetet-szenvedett-koltai-robert\/\">read more<span class=\"gridview-sr-only\"> S\u00falyos balesetet szenvedett Koltai R\u00f3bert<\/span><\/a><\/span><\/p>\n","protected":false},"author":1,"featured_media":3712,"comment_status":"open","ping_status":"open","sticky":false,"template":"","format":"standard","meta":{"footnotes":""},"categories":[1],"tags":[],"class_list":["post-3711","post","type-post","status-publish","format-standard","has-post-thumbnail","hentry","category-egyeb","wpcat-1-id"],"_links":{"self":[{"href":"https:\/\/matrend.hu\/nekedinfo\/wp-json\/wp\/v2\/posts\/3711","targetHints":{"allow":["GET"]}}],"collection":[{"href":"https:\/\/matrend.hu\/nekedinfo\/wp-json\/wp\/v2\/posts"}],"about":[{"href":"https:\/\/matrend.hu\/nekedinfo\/wp-json\/wp\/v2\/types\/post"}],"author":[{"embeddable":true,"href":"https:\/\/matrend.hu\/nekedinfo\/wp-json\/wp\/v2\/users\/1"}],"replies":[{"embeddable":true,"href":"https:\/\/matrend.hu\/nekedinfo\/wp-json\/wp\/v2\/comments?post=3711"}],"version-history":[{"count":1,"href":"https:\/\/matrend.hu\/nekedinfo\/wp-json\/wp\/v2\/posts\/3711\/revisions"}],"predecessor-version":[{"id":3713,"href":"https:\/\/matrend.hu\/nekedinfo\/wp-json\/wp\/v2\/posts\/3711\/revisions\/3713"}],"wp:featuredmedia":[{"embeddable":true,"href":"https:\/\/matrend.hu\/nekedinfo\/wp-json\/wp\/v2\/media\/3712"}],"wp:attachment":[{"href":"https:\/\/matrend.hu\/nekedinfo\/wp-json\/wp\/v2\/media?parent=3711"}],"wp:term":[{"taxonomy":"category","embeddable":true,"href":"https:\/\/matrend.hu\/nekedinfo\/wp-json\/wp\/v2\/categories?post=3711"},{"taxonomy":"post_tag","embeddable":true,"href":"https:\/\/matrend.hu\/nekedinfo\/wp-json\/wp\/v2\/tags?post=3711"}],"curies":[{"name":"wp","href":"https:\/\/api.w.org\/{rel}","templated":true}]}}