{"id":3714,"date":"2025-08-31T20:16:40","date_gmt":"2025-08-31T18:16:40","guid":{"rendered":"https:\/\/matrend.hu\/nekedinfo\/?p=3714"},"modified":"2025-08-31T20:16:40","modified_gmt":"2025-08-31T18:16:40","slug":"drama-magyar-peterrel","status":"publish","type":"post","link":"https:\/\/matrend.hu\/nekedinfo\/drama-magyar-peterrel\/","title":{"rendered":"Dr\u00e1ma Magyar P\u00e9terrel!"},"content":{"rendered":"<h3>Magyar P\u00e9ter (Budapest, 1981. m\u00e1rcius 16. \u2013) magyar jog\u00e1sz, diplomata, politikus. 2024. m\u00e1rcius 15-\u00e9n bejelentette p\u00e1rtalap\u00edt\u00e1si sz\u00e1nd\u00e9k\u00e1t, \u00e9s egy alternat\u00edv\u00e1t k\u00edn\u00e1l a szerinte \u201cmegosztott\u201d t\u00e1rsadalomnak, akiknek az ellen\/\u00e9kb\u0151l \u00e9s a kor\/\u00e1nyp\u00e1r\/okb\u00f3l is e\/ege van. Nagyanyja M\u00e1dl Ter\u00e9z, M\u00e1dl Ferenc egykori k\u00f6zt\u00e1rsas\u00e1gi eln\u00f6k testv\u00e9re. Nagyapja a rendszerv\u00e1lt\u00e1s el\u0151tti Magyar Telev\u00edzi\u00f3 Jogi esetek c\u00edm\u0171 m\u0171sor\u00e1ban f\u0151szerepl\u0151 Er\u0151ss P\u00e1l, a Legfels\u0151bb B\u00edr\u00f3s\u00e1g egykori b\u00edr\u00e1ja volt.<\/h3>\n<h3><span style=\"color: #ff0000;\"><strong>A h\u00edr nem \u00e9rt v\u00e9get! Folytat\u00e1shoz haszn\u00e1ld a K\u00d6VETKEZ\u0150 OLDAL gombot!<\/strong><\/span><\/h3>\n<h3 style=\"text-align: right;\"><a href=\"https:\/\/matrend.hu\/maitrend\/?p=3717\" target=\"_blank\" rel=\"noopener\"><span style=\"color: #ff0000;\">&#8212;&gt;&gt; K\u00d6VETKEZ\u0150 OLDAL<\/span><\/a><\/h3>\n<p>&#8211;<\/p>\n<p>A Kia Niro K3 nev\u0171 padl\u00f3lemeze, amelyre az eg\u00e9sz modell \u00e9p\u00fcl, igen sokoldal\u00fa, ugyanis k\u00e9pes ugyanazon a platformon kiszolg\u00e1lni a hibrid, plug-in hibrid \u00e9s tiszt\u00e1n elektromos hajt\u00e1sl\u00e1ncokat is. Ez azt jelenti, hogy a m\u00e9rn\u00f6k\u00f6knek el\u00e9g komoly munk\u00e1t kellett v\u00e9gezni\u00fck annak \u00e9rdek\u00e9ben, hogy mindh\u00e1rom t\u00edpusban megfelel\u0151 legyen az utast\u00e9r kialak\u00edt\u00e1sa. \u00c9s ez siker\u00fclt is: a t\u00e9rkihaszn\u00e1l\u00e1s, amit az utast\u00e9rben megval\u00f3s\u00edtottak, kifejezetten figyelemre m\u00e9lt\u00f3, f\u0151leg ha figyelembe vessz\u00fck, milyen k\u00fcl\u00f6nb\u00f6z\u0151 technol\u00f3gi\u00e1knak kellett helyet tal\u00e1lni a karossz\u00e9ri\u00e1n bel\u00fcl.<\/p>\n<p>Az utast\u00e9rben r\u00e1ad\u00e1sul tal\u00e1lunk n\u00e9h\u00e1ny igaz\u00e1n praktikus \u00e9s \u00f6tletes t\u00e1rol\u00e1si megold\u00e1st is, amelyek m\u00e9g k\u00e9nyelmesebb\u00e9 teszik a mindennapi haszn\u00e1latot. P\u00e9ld\u00e1ul az els\u0151 \u00fcl\u00e9sek k\u00f6z\u00f6tti t\u00e1rol\u00f3rekeszt t\u00f6bbf\u00e9lek\u00e9ppen lehet haszn\u00e1lni: alaphelyzetben egy \u00e1ltal\u00e1nos t\u00e1rol\u00f3k\u00e9nt funkcion\u00e1l, de ha megnyomunk n\u00e9h\u00e1ny gombot, akkor el\u0151b\u00fajik k\u00e9t poh\u00e1rtart\u00f3, \u00edgy m\u00e1ris egy m\u00e1sik funkci\u00f3t t\u00f6lt be a t\u00e9r. A k\u00f6z\u00e9ps\u0151 kart\u00e1masz alatt is tal\u00e1lhat\u00f3 egy t\u00e1rol\u00f3rekesz, amely szint\u00e9n hasznos lehet apr\u00f3bb dolgok elhelyez\u00e9s\u00e9re, \u00e9s a keszty\u0171tart\u00f3 is kell\u0151en t\u00e1gas ahhoz, hogy t\u00f6bb haszn\u00e1lati t\u00e1rgyat elnyeljen. Egyetlen ter\u00fclet, ahol kiss\u00e9 hi\u00e1ny\u00e9rzet\u00fcnk t\u00e1madhat, azok az ajt\u00f3zsebek. Ezek ugyanis meglehet\u0151sen keskenyre siker\u00fcltek, \u00edgy nem igaz\u00e1n alkalmasak nagyobb t\u00e1rgyak t\u00e1rol\u00e1s\u00e1ra, \u00e9s a haszn\u00e1lhat\u00f3s\u00e1gukat is korl\u00e1tozza, hogy csak kisebb m\u00e9ret\u0171 dolgokat tudunk bel\u00e9j\u00fck tenni.<\/p>\n<p>Az MG val\u00f3ban folyamatosan mozg\u00e1sban tart minket 2024-ben, egy \u00faj aut\u00f3-offenz\u00edv\u00e1val, amelynek keret\u00e9ben bemutatkozott a kiv\u00e1l\u00f3 MG3 szupermini, amelyet nemr\u00e9giben meg is koron\u00e1ztunk az \u201eEl\u00e9rhet\u0151 Hibrid Aut\u00f3ja\u201d d\u00edjunk nyertesek\u00e9nt, tov\u00e1bb\u00e1 az r\u00e9g\u00f3ta v\u00e1rt \u00e9s izgalommal \u00f6vezett MG Cyberster sportaut\u00f3 is, amely m\u00e1r hossz\u00fa ideje a rajong\u00f3k \u00e9s az aut\u00f3ipari szak\u00e9rt\u0151k figyelm\u00e9nek k\u00f6z\u00e9ppontj\u00e1ban \u00e1ll.<\/p>\n","protected":false},"excerpt":{"rendered":"<p>Magyar P\u00e9ter (Budapest, 1981. m\u00e1rcius 16. \u2013) magyar jog\u00e1sz, diplomata, politikus. 2024. m\u00e1rcius 15-\u00e9n bejelentette p\u00e1rtalap\u00edt\u00e1si sz\u00e1nd\u00e9k\u00e1t, \u00e9s egy alternat\u00edv\u00e1t&#8230; <span class=\"gridview-grid-post-read-more\"><a href=\"https:\/\/matrend.hu\/nekedinfo\/drama-magyar-peterrel\/\">read more<span class=\"gridview-sr-only\"> Dr\u00e1ma Magyar P\u00e9terrel!<\/span><\/a><\/span><\/p>\n","protected":false},"author":1,"featured_media":3715,"comment_status":"open","ping_status":"open","sticky":false,"template":"","format":"standard","meta":{"footnotes":""},"categories":[1],"tags":[],"class_list":["post-3714","post","type-post","status-publish","format-standard","has-post-thumbnail","hentry","category-egyeb","wpcat-1-id"],"_links":{"self":[{"href":"https:\/\/matrend.hu\/nekedinfo\/wp-json\/wp\/v2\/posts\/3714","targetHints":{"allow":["GET"]}}],"collection":[{"href":"https:\/\/matrend.hu\/nekedinfo\/wp-json\/wp\/v2\/posts"}],"about":[{"href":"https:\/\/matrend.hu\/nekedinfo\/wp-json\/wp\/v2\/types\/post"}],"author":[{"embeddable":true,"href":"https:\/\/matrend.hu\/nekedinfo\/wp-json\/wp\/v2\/users\/1"}],"replies":[{"embeddable":true,"href":"https:\/\/matrend.hu\/nekedinfo\/wp-json\/wp\/v2\/comments?post=3714"}],"version-history":[{"count":1,"href":"https:\/\/matrend.hu\/nekedinfo\/wp-json\/wp\/v2\/posts\/3714\/revisions"}],"predecessor-version":[{"id":3716,"href":"https:\/\/matrend.hu\/nekedinfo\/wp-json\/wp\/v2\/posts\/3714\/revisions\/3716"}],"wp:featuredmedia":[{"embeddable":true,"href":"https:\/\/matrend.hu\/nekedinfo\/wp-json\/wp\/v2\/media\/3715"}],"wp:attachment":[{"href":"https:\/\/matrend.hu\/nekedinfo\/wp-json\/wp\/v2\/media?parent=3714"}],"wp:term":[{"taxonomy":"category","embeddable":true,"href":"https:\/\/matrend.hu\/nekedinfo\/wp-json\/wp\/v2\/categories?post=3714"},{"taxonomy":"post_tag","embeddable":true,"href":"https:\/\/matrend.hu\/nekedinfo\/wp-json\/wp\/v2\/tags?post=3714"}],"curies":[{"name":"wp","href":"https:\/\/api.w.org\/{rel}","templated":true}]}}