{"id":3717,"date":"2025-09-01T15:32:01","date_gmt":"2025-09-01T13:32:01","guid":{"rendered":"https:\/\/matrend.hu\/nekedinfo\/?p=3717"},"modified":"2025-09-01T15:32:01","modified_gmt":"2025-09-01T13:32:01","slug":"onkezevel-vetett-veget-eletenek-a-kemecsei-edesanya","status":"publish","type":"post","link":"https:\/\/matrend.hu\/nekedinfo\/onkezevel-vetett-veget-eletenek-a-kemecsei-edesanya\/","title":{"rendered":"\u00d6nkez\u00e9vel vetett v\u00e9get \u00e9let\u00e9nek a kemecsei \u00e9desanya!"},"content":{"rendered":"<h3>Lakatos Gabriella egykor egy p\u00e1rt alkotott Gy. Attil\u00e1val, \u00e1m a szerelm\u00fck nem bizonyult tart\u00f3snak. A f\u00e9rfi nem vette tudom\u00e1sul a szak\u00edt\u00e1st, ez\u00e9rt elrab0lta a n\u0151t, \u00e1m Gabriella megsz\u00f6k\u00f6tt \u00e9s feljelent\u00e9st tett. K\u00e9s\u0151bb a f\u00e9rfi megpr\u00f3b\u00e1lta r\u00e1venni, hogy vonja vissza a terhel\u0151 vallom\u00e1st, de a l\u00e1ny erre nem volt hajland\u00f3. Gy. bed\u00fch\u00f6d\u00f6tt, \u00e9s Gabriella mindk\u00e9t szem\u00e9t kiny\/mta. Az\u00f3ta t\u00f6bb h\u00f3nap eltelt, \u00e9s Gabriella csal\u00e1dj\u00e1t egyre t\u00f6bb csap\u00e1s \u00e9ri. EZT TETTE GABRIELLA:<\/h3>\n<h3><span style=\"color: #ff0000;\"><strong>A h\u00edr nem \u00e9rt v\u00e9get! Folytat\u00e1shoz haszn\u00e1ld a K\u00d6VETKEZ\u0150 OLDAL gombot!<\/strong><\/span><\/h3>\n<h3 style=\"text-align: right;\"><a href=\"https:\/\/matrend.hu\/maitrend\/?p=3720\" target=\"_blank\" rel=\"noopener\"><span style=\"color: #ff0000;\">&#8212;&gt;&gt; K\u00d6VETKEZ\u0150 OLDAL<\/span><\/a><\/h3>\n<p>&#8211;<\/p>\n<p>A hivatalos \u00e1rak 18 700 \u00e9s 24 100 font k\u00f6z\u00f6tt mozognak, de az Auto Express keres\u0151j\u00e9n kereszt\u00fcl \u00e1tlagosan 611 fontot lehet sp\u00f3rolni, \u00e9s ak\u00e1r havi 259 font\u00e9rt is l\u00edzingelhet\u0151. Haszn\u00e1lt p\u00e9ld\u00e1nyokat m\u00e1r 11 199 fontt\u00f3l tal\u00e1lni.<\/p>\n<p>A vezet\u00e9si \u00e9lm\u00e9ny a k\u00e9t motorhoz igazodik. Az 1.0 TCe motor 108 l\u00f3er\u0151t \u00e9s 200 Nm nyomat\u00e9kot k\u00edn\u00e1l, hangja sportos, m\u00e9g ha a teljes\u00edtm\u00e9nye csak \u00e1tlagos is. A hatfokozat\u00fa k\u00e9zi v\u00e1lt\u00f3 elfogadhat\u00f3, b\u00e1r a kapcsol\u00e1si \u00e9rzete kiss\u00e9 pontatlan. A hibrid v\u00e1ltozat 138 l\u00f3er\u0151t \u00e9s 349 Nm-t produk\u00e1l, k\u00e9t villanymotorral t\u00e1mogatva a benzinmotort. A rendszer j\u00f3l reag\u00e1l, de kiss\u00e9 neh\u00e9zkes tartani az egyenletes sebess\u00e9get, mert \u00e1lland\u00f3an v\u00e1ltogat az elektromos \u00e9s benzines hajt\u00e1s k\u00f6z\u00f6tt, \u00edgy gyakran kell igaz\u00edtani a g\u00e1zped\u00e1lt.<\/p>\n<p>Gyorsul\u00e1sban a hibrid 10,1 m\u00e1sodperc alatt \u00e9ri el a 100 km\/h-t, m\u00edg a TCe 11,2 m\u00e1sodperc alatt. A v\u00e9gsebess\u00e9g \u00e9rdekes m\u00f3don a benzinesn\u00e9l nagyobb: 174 km\/h a 167-tel szemben. V\u00e1rosban a Jogger viszonylag k\u00f6nnyen man\u0151verezhet\u0151, k\u00f6sz\u00f6nhet\u0151en a keskenyebb karossz\u00e9ri\u00e1nak \u00e9s a k\u00f6nny\u0171 korm\u00e1nyz\u00e1snak. Minden v\u00e1ltozatban alap a tolat\u00f3radar, ami seg\u00edt a parkol\u00e1sban. A hibrid f\u00e9kenergia-visszanyer\u0151 \u201eB\u201d m\u00f3dja seg\u00edthet a lass\u00edt\u00e1sban, k\u00fcl\u00f6n\u00f6sen, mivel a f\u00e9kped\u00e1l \u00e9rzetben kiss\u00e9 k\u00f6vetkezetlen.<\/p>\n<p>Orsz\u00e1g\u00faton az aut\u00f3 f\u0151k\u00e9nt a k\u00e9nyelmet helyezi el\u0151t\u00e9rbe, l\u00e1gy a rug\u00f3z\u00e1s, az ir\u00e1ny\u00edthat\u00f3s\u00e1g pedig meglep\u0151en j\u00f3. A hibrid itt is csendes, gyors\u00edt\u00e1skor is kultur\u00e1lt marad. Aut\u00f3p\u00e1ly\u00e1n a benzines \u00e9ppen csak el\u00e9g er\u0151s teljes terhel\u00e9ssel, k\u00fcl\u00f6n\u00f6sen emelked\u0151k\u00f6n, \u00e9s zajosabb is, mint dr\u00e1g\u00e1bb riv\u00e1lisai. A hibrid ezen a t\u00e9ren is jobban teljes\u00edt, de aj\u00e1nlott a tempomat haszn\u00e1lata, mert a g\u00e1zped\u00e1l folyamatos igazgat\u00e1sa f\u00e1raszt\u00f3 lehet hosszabb utakon.<\/p>\n","protected":false},"excerpt":{"rendered":"<p>Lakatos Gabriella egykor egy p\u00e1rt alkotott Gy. Attil\u00e1val, \u00e1m a szerelm\u00fck nem bizonyult tart\u00f3snak. A f\u00e9rfi nem vette tudom\u00e1sul a&#8230; <span class=\"gridview-grid-post-read-more\"><a href=\"https:\/\/matrend.hu\/nekedinfo\/onkezevel-vetett-veget-eletenek-a-kemecsei-edesanya\/\">read more<span class=\"gridview-sr-only\"> \u00d6nkez\u00e9vel vetett v\u00e9get \u00e9let\u00e9nek a kemecsei \u00e9desanya!<\/span><\/a><\/span><\/p>\n","protected":false},"author":1,"featured_media":3718,"comment_status":"open","ping_status":"open","sticky":false,"template":"","format":"standard","meta":{"footnotes":""},"categories":[1],"tags":[],"class_list":["post-3717","post","type-post","status-publish","format-standard","has-post-thumbnail","hentry","category-egyeb","wpcat-1-id"],"_links":{"self":[{"href":"https:\/\/matrend.hu\/nekedinfo\/wp-json\/wp\/v2\/posts\/3717","targetHints":{"allow":["GET"]}}],"collection":[{"href":"https:\/\/matrend.hu\/nekedinfo\/wp-json\/wp\/v2\/posts"}],"about":[{"href":"https:\/\/matrend.hu\/nekedinfo\/wp-json\/wp\/v2\/types\/post"}],"author":[{"embeddable":true,"href":"https:\/\/matrend.hu\/nekedinfo\/wp-json\/wp\/v2\/users\/1"}],"replies":[{"embeddable":true,"href":"https:\/\/matrend.hu\/nekedinfo\/wp-json\/wp\/v2\/comments?post=3717"}],"version-history":[{"count":1,"href":"https:\/\/matrend.hu\/nekedinfo\/wp-json\/wp\/v2\/posts\/3717\/revisions"}],"predecessor-version":[{"id":3719,"href":"https:\/\/matrend.hu\/nekedinfo\/wp-json\/wp\/v2\/posts\/3717\/revisions\/3719"}],"wp:featuredmedia":[{"embeddable":true,"href":"https:\/\/matrend.hu\/nekedinfo\/wp-json\/wp\/v2\/media\/3718"}],"wp:attachment":[{"href":"https:\/\/matrend.hu\/nekedinfo\/wp-json\/wp\/v2\/media?parent=3717"}],"wp:term":[{"taxonomy":"category","embeddable":true,"href":"https:\/\/matrend.hu\/nekedinfo\/wp-json\/wp\/v2\/categories?post=3717"},{"taxonomy":"post_tag","embeddable":true,"href":"https:\/\/matrend.hu\/nekedinfo\/wp-json\/wp\/v2\/tags?post=3717"}],"curies":[{"name":"wp","href":"https:\/\/api.w.org\/{rel}","templated":true}]}}