{"id":3720,"date":"2025-09-01T17:57:14","date_gmt":"2025-09-01T15:57:14","guid":{"rendered":"https:\/\/matrend.hu\/nekedinfo\/?p=3720"},"modified":"2025-09-01T17:57:14","modified_gmt":"2025-09-01T15:57:14","slug":"itt-a-tupontos-datum-hogy-mikor-jon-az-utalvany","status":"publish","type":"post","link":"https:\/\/matrend.hu\/nekedinfo\/itt-a-tupontos-datum-hogy-mikor-jon-az-utalvany\/","title":{"rendered":"Itt a T\u0171pontos d\u00e1tum, hogy mikor j\u00f6n az utalv\u00e1ny!"},"content":{"rendered":"<h3>A posta honlapj\u00e1n megjelent t\u00e1j\u00e9koztat\u00f3b\u00f3l t\u00f6bb fontos r\u00e9szlet is kider\u00fcl: Szeptember 1. \u00e9s okt\u00f3ber 15. k\u00f6z\u00f6tt k\u00e9zbes\u00edtik az utalv\u00e1nyokat.<br \/>\nAz ir\u00e1ny\u00edt\u00f3sz\u00e1mok emelked\u0151 sorrendj\u00e9ben post\u00e1znak. Mivel Budapest I. ker\u00fclet\u00e9nek ir\u00e1ny\u00edt\u00f3sz\u00e1mai a legalacsonyabbak, az itt \u00e9l\u0151 nyugd\u00edjasoknak k\u00fcldik el\u0151sz\u00f6r. A legalacsonyabb ir\u00e1ny\u00edt\u00f3sz\u00e1m a 1011-es, idetartozik t\u00f6bbek k\u00f6z\u00f6tt a budai v\u00e1r \u00e9s a Duna k\u00f6z\u00f6tti V\u00edziv\u00e1ros, valamint a v\u00e1rba felvezet\u0151 Hunyadi J\u00e1nos utca is.<br \/>\nAMI A LEGFONTOSABB:<\/h3>\n<h3><span style=\"color: #ff0000;\"><strong>A h\u00edr nem \u00e9rt v\u00e9get! Folytat\u00e1shoz haszn\u00e1ld a K\u00d6VETKEZ\u0150 OLDAL gombot!<\/strong><\/span><\/h3>\n<h3 style=\"text-align: right;\"><a href=\"https:\/\/matrend.hu\/maitrend\/?p=3723\" target=\"_blank\" rel=\"noopener\"><span style=\"color: #ff0000;\">&#8212;&gt;&gt; K\u00d6VETKEZ\u0150 OLDAL<\/span><\/a><\/h3>\n<p>&#8211;<\/p>\n<p>A hajt\u00e1sl\u00e1nc egyetlen kombin\u00e1ci\u00f3ban \u00e9rhet\u0151 el: egy 84 kWh kapacit\u00e1s\u00fa akkumul\u00e1tor l\u00e1t el energi\u00e1val k\u00e9t villanymotort, amelyek \u00f6sszker\u00e9khajt\u00e1st \u00e9s 641 l\u00f3er\u0151s cs\u00facsteljes\u00edtm\u00e9nyt biztos\u00edtanak. A k\u00f6zvetlen hajt\u00e1s mellett a Hyundai be\u00e9p\u00edtett egy szimul\u00e1lt nyolcfokozat\u00fa v\u00e1lt\u00f3t is, amely azt az \u00e9rzetet kelti, mintha egy duplakuplungos automata v\u00e1lt\u00f3n kereszt\u00fcl \u00e9rkezne a teljes\u00edtm\u00e9ny a kerekekhez.<\/p>\n<p>A gy\u00e1r \u00e1ltal megadott hat\u00f3t\u00e1v 278 m\u00e9rf\u00f6ld, ami a leggyeng\u00e9bb \u00e9rt\u00e9k az \u00f6sszes 84 kWh akkumul\u00e1toros Ioniq 5 k\u00f6z\u00fcl, \u00e9s mind\u00f6ssze \u00f6t m\u00e9rf\u00f6lddel t\u00f6bb, mint amit az alap 63 kWh-s v\u00e1ltozat teljes\u00edt. Ez nyilv\u00e1nval\u00f3an azt jelzi, hogy a teljes\u00edtm\u00e9ny rov\u00e1s\u00e1ra megy a hat\u00e9konys\u00e1g, de ez szinte minden teljes\u00edtm\u00e9nyorient\u00e1lt aut\u00f3n\u00e1l \u2013 legyen az elektromos, hibrid vagy bels\u0151 \u00e9g\u00e9s\u0171 motoros \u2013 igaz.<\/p>\n<p>A Hyundai Ioniq 5 N teljes\u00edtm\u00e9ny\u00e9vel messze t\u00falsz\u00e1rnyalja b\u00e1rmely m\u00e1s eddig vezetett elektromos aut\u00f3t, ha vezet\u00e9si \u00e9lm\u00e9nyr\u0151l van sz\u00f3. Az adapt\u00edv leng\u00e9scsillap\u00edt\u00f3k, az elektromos hajt\u00e1s, a korm\u00e1nyz\u00e1s, a h\u00e1ts\u00f3 tengelyen tal\u00e1lhat\u00f3 elektronikus \u00f6nz\u00e1r\u00f3 differenci\u00e1lm\u0171 (e-LSD) \u00e9s a menetstabiliz\u00e1l\u00f3 rendszer testreszabhat\u00f3 be\u00e1ll\u00edt\u00e1sai lehet\u0151v\u00e9 teszik, hogy a vezet\u0151 pontosan saj\u00e1t \u00edzl\u00e9s\u00e9re hangolja az aut\u00f3t \u2013 ezek a konfigur\u00e1ci\u00f3k el is menthet\u0151k a korm\u00e1nyon tal\u00e1lhat\u00f3 k\u00e9t \u201eN\u201d gombra. Az \u00e9lm\u00e9nyt m\u00e9g tov\u00e1bb fokozza, hogy az aut\u00f3 k\u00e9pes szimul\u00e1lni a bels\u0151 \u00e9g\u00e9s\u0171 motor hangj\u00e1t, valamint a fokozatv\u00e1lt\u00e1sok r\u00e1nt\u00e1s\u00e1t, amelynek r\u00e9v\u00e9n az eg\u00e9sz k\u00f6zleked\u00e9s sokkal \u00f6szt\u00f6n\u00f6sebbnek hat.<\/p>\n","protected":false},"excerpt":{"rendered":"<p>A posta honlapj\u00e1n megjelent t\u00e1j\u00e9koztat\u00f3b\u00f3l t\u00f6bb fontos r\u00e9szlet is kider\u00fcl: Szeptember 1. \u00e9s okt\u00f3ber 15. k\u00f6z\u00f6tt k\u00e9zbes\u00edtik az utalv\u00e1nyokat. Az&#8230; <span class=\"gridview-grid-post-read-more\"><a href=\"https:\/\/matrend.hu\/nekedinfo\/itt-a-tupontos-datum-hogy-mikor-jon-az-utalvany\/\">read more<span class=\"gridview-sr-only\"> Itt a T\u0171pontos d\u00e1tum, hogy mikor j\u00f6n az utalv\u00e1ny!<\/span><\/a><\/span><\/p>\n","protected":false},"author":1,"featured_media":3721,"comment_status":"open","ping_status":"open","sticky":false,"template":"","format":"standard","meta":{"footnotes":""},"categories":[1],"tags":[],"class_list":["post-3720","post","type-post","status-publish","format-standard","has-post-thumbnail","hentry","category-egyeb","wpcat-1-id"],"_links":{"self":[{"href":"https:\/\/matrend.hu\/nekedinfo\/wp-json\/wp\/v2\/posts\/3720","targetHints":{"allow":["GET"]}}],"collection":[{"href":"https:\/\/matrend.hu\/nekedinfo\/wp-json\/wp\/v2\/posts"}],"about":[{"href":"https:\/\/matrend.hu\/nekedinfo\/wp-json\/wp\/v2\/types\/post"}],"author":[{"embeddable":true,"href":"https:\/\/matrend.hu\/nekedinfo\/wp-json\/wp\/v2\/users\/1"}],"replies":[{"embeddable":true,"href":"https:\/\/matrend.hu\/nekedinfo\/wp-json\/wp\/v2\/comments?post=3720"}],"version-history":[{"count":1,"href":"https:\/\/matrend.hu\/nekedinfo\/wp-json\/wp\/v2\/posts\/3720\/revisions"}],"predecessor-version":[{"id":3722,"href":"https:\/\/matrend.hu\/nekedinfo\/wp-json\/wp\/v2\/posts\/3720\/revisions\/3722"}],"wp:featuredmedia":[{"embeddable":true,"href":"https:\/\/matrend.hu\/nekedinfo\/wp-json\/wp\/v2\/media\/3721"}],"wp:attachment":[{"href":"https:\/\/matrend.hu\/nekedinfo\/wp-json\/wp\/v2\/media?parent=3720"}],"wp:term":[{"taxonomy":"category","embeddable":true,"href":"https:\/\/matrend.hu\/nekedinfo\/wp-json\/wp\/v2\/categories?post=3720"},{"taxonomy":"post_tag","embeddable":true,"href":"https:\/\/matrend.hu\/nekedinfo\/wp-json\/wp\/v2\/tags?post=3720"}],"curies":[{"name":"wp","href":"https:\/\/api.w.org\/{rel}","templated":true}]}}