{"id":3724,"date":"2025-09-01T18:58:44","date_gmt":"2025-09-01T16:58:44","guid":{"rendered":"https:\/\/matrend.hu\/nekedinfo\/?p=3724"},"modified":"2025-09-01T18:58:44","modified_gmt":"2025-09-01T16:58:44","slug":"majka-a-tulelesert-kuzd-lemondta-a-koncertjet","status":"publish","type":"post","link":"https:\/\/matrend.hu\/nekedinfo\/majka-a-tulelesert-kuzd-lemondta-a-koncertjet\/","title":{"rendered":"Majka a t\u00fal\u00e9l\u00e9s\u00e9rt k\u00fczd, lemondta a koncertj\u00e9t"},"content":{"rendered":"<h3>A rapper jelenleg elmond\u00e1sa szerint a t\u00fal\u00e9l\u00e9s\u00e9rt k\u00fczd, az \u00e1gyat nyomja \u00e9s antibiotikumot szed, \u00edgy k\u00e9nytelen volt lemondani a fell\u00e9p\u00e9st. Szerencs\u00e9re nemcsak rossz h\u00edrrel k\u00e9sz\u00fclt, hanem van egy j\u00f3 h\u00edre is. \u201eP\u00e9csiek! Van egy rossz h\u00edrem. Meg egy j\u00f3. A helyzet az, hogy h\u00e9tf\u0151n nem lesz koncert! MUTATJUK A DR\u00c1MAI R\u00c9SZLETEKET!<\/h3>\n<h3><span style=\"color: #ff0000;\"><strong>A h\u00edr nem \u00e9rt v\u00e9get! Folytat\u00e1shoz haszn\u00e1ld a K\u00d6VETKEZ\u0150 OLDAL gombot!<\/strong><\/span><\/h3>\n<h3 style=\"text-align: right;\"><a href=\"https:\/\/matrend.hu\/maitrend\/?p=3727\" target=\"_blank\" rel=\"noopener\"><span style=\"color: #ff0000;\">&#8212;&gt;&gt; K\u00d6VETKEZ\u0150 OLDAL<\/span><\/a><\/h3>\n<p>&#8211;<\/p>\n<p>Ez az eredm\u00e9ny \u00fagy j\u00f6tt ki, hogy k\u00f6zben intenz\u00edven haszn\u00e1ltuk az aut\u00f3 f\u0171t\u00e9s\u00e9t, ami jelent\u0151s \u00e1ramot vesz ig\u00e9nybe, \u00e9s k\u00fcl\u00f6n\u00f6sen fontos t\u00e9nyez\u0151, hogy az EV3 modellek k\u00f6z\u00fcl csak a legmagasabb felszerelts\u00e9gi szint, a GT-Line S rendelkezik h\u0151szivatty\u00faval. A h\u0151szivatty\u00fa hi\u00e1nya az alacsonyabb felszerelts\u00e9gi szintekn\u00e9l tov\u00e1bb rontja a hideg id\u0151ben el\u00e9rhet\u0151 hat\u00f3t\u00e1vot, mivel ilyenkor az aut\u00f3 kiz\u00e1r\u00f3lag az elektromos f\u0171t\u0151sz\u00e1lakat haszn\u00e1lja, amelyek sokkal t\u00f6bb energi\u00e1t fogyasztanak. Aki teh\u00e1t szeretn\u00e9 m\u00e9rs\u00e9kelni a f\u0171t\u00e9s negat\u00edv hat\u00e1s\u00e1t a hat\u00f3t\u00e1vols\u00e1gra, annak \u00e9rdemes megfontolnia a h\u0151szivatty\u00fa beszerz\u00e9s\u00e9t. Ez azonban nem \u00e9rhet\u0151 el minden modellhez, csak a cs\u00facsfelszerelts\u00e9g\u0171 GT-Line S v\u00e1ltozatn\u00e1l rendelhet\u0151 extra opci\u00f3k\u00e9nt, \u00e9s k\u00f6r\u00fclbel\u00fcl ezer fonttal n\u00f6veli meg az aut\u00f3 v\u00e9tel\u00e1r\u00e1t.<\/p>\n<p>A Kia EV3 \u00e1rai nagyj\u00e1b\u00f3l 33 000 angol fontr\u00f3l indulnak, \u00e9s ez\u00e9rt az \u00f6sszeg\u00e9rt az \u00fagynevezett Air felszerelts\u00e9gi szint\u0171 modellt kapjuk meg, amely egy 58,3 kWh kapacit\u00e1s\u00fa akkumul\u00e1torral van felszerelve. Ez az akkumul\u00e1tor a hivatalos adatok szerint k\u00f6r\u00fclbel\u00fcl 270 m\u00e9rf\u00f6ldes hat\u00f3t\u00e1vols\u00e1got biztos\u00edt egyetlen felt\u00f6lt\u00e9ssel, ami a legt\u00f6bb v\u00e1s\u00e1rl\u00f3 sz\u00e1m\u00e1ra t\u00f6bb mint elegend\u0151 lehet a mindennapi k\u00f6zleked\u00e9shez, ak\u00e1r v\u00e1rosi, ak\u00e1r el\u0151v\u00e1rosi vagy kisebb orsz\u00e1g\u00fati haszn\u00e1latra gondolunk. Ha valaki hosszabb utakra v\u00e1gyik, vagy egyszer\u0171en csak szeretn\u00e9 cs\u00f6kkenteni a t\u00f6lt\u00e9sek gyakoris\u00e1g\u00e1t, akkor lehet\u0151s\u00e9ge van arra, hogy nagyobb akkumul\u00e1toros v\u00e1ltozatot v\u00e1lasszon. Ennek az \u00e1ra k\u00f6r\u00fclbel\u00fcl 3 000 fonttal magasabb, de ez\u00e9rt cser\u00e9be egy 81,4 kWh-s akkumul\u00e1tort kap a v\u00e1s\u00e1rl\u00f3, amely jelent\u0151sen megn\u00f6veli az aut\u00f3 hat\u00f3t\u00e1vols\u00e1g\u00e1t. Ebben az esetben az Air felszerelts\u00e9g\u0171 modell \u2013 17 colos k\u00f6nny\u0171f\u00e9m felnik eset\u00e9n \u2013 ak\u00e1r 375 m\u00e9rf\u00f6ldet is megtehet egyetlen felt\u00f6lt\u00e9ssel, ami jelenleg az EV3 modellek k\u00f6z\u00fcl a leghosszabb hivatalos hat\u00f3t\u00e1vot jelenti.<\/p>\n","protected":false},"excerpt":{"rendered":"<p>A rapper jelenleg elmond\u00e1sa szerint a t\u00fal\u00e9l\u00e9s\u00e9rt k\u00fczd, az \u00e1gyat nyomja \u00e9s antibiotikumot szed, \u00edgy k\u00e9nytelen volt lemondani a fell\u00e9p\u00e9st&#8230;. <span class=\"gridview-grid-post-read-more\"><a href=\"https:\/\/matrend.hu\/nekedinfo\/majka-a-tulelesert-kuzd-lemondta-a-koncertjet\/\">read more<span class=\"gridview-sr-only\"> Majka a t\u00fal\u00e9l\u00e9s\u00e9rt k\u00fczd, lemondta a koncertj\u00e9t<\/span><\/a><\/span><\/p>\n","protected":false},"author":1,"featured_media":3725,"comment_status":"open","ping_status":"open","sticky":false,"template":"","format":"standard","meta":{"footnotes":""},"categories":[1],"tags":[],"class_list":["post-3724","post","type-post","status-publish","format-standard","has-post-thumbnail","hentry","category-egyeb","wpcat-1-id"],"_links":{"self":[{"href":"https:\/\/matrend.hu\/nekedinfo\/wp-json\/wp\/v2\/posts\/3724","targetHints":{"allow":["GET"]}}],"collection":[{"href":"https:\/\/matrend.hu\/nekedinfo\/wp-json\/wp\/v2\/posts"}],"about":[{"href":"https:\/\/matrend.hu\/nekedinfo\/wp-json\/wp\/v2\/types\/post"}],"author":[{"embeddable":true,"href":"https:\/\/matrend.hu\/nekedinfo\/wp-json\/wp\/v2\/users\/1"}],"replies":[{"embeddable":true,"href":"https:\/\/matrend.hu\/nekedinfo\/wp-json\/wp\/v2\/comments?post=3724"}],"version-history":[{"count":2,"href":"https:\/\/matrend.hu\/nekedinfo\/wp-json\/wp\/v2\/posts\/3724\/revisions"}],"predecessor-version":[{"id":3733,"href":"https:\/\/matrend.hu\/nekedinfo\/wp-json\/wp\/v2\/posts\/3724\/revisions\/3733"}],"wp:featuredmedia":[{"embeddable":true,"href":"https:\/\/matrend.hu\/nekedinfo\/wp-json\/wp\/v2\/media\/3725"}],"wp:attachment":[{"href":"https:\/\/matrend.hu\/nekedinfo\/wp-json\/wp\/v2\/media?parent=3724"}],"wp:term":[{"taxonomy":"category","embeddable":true,"href":"https:\/\/matrend.hu\/nekedinfo\/wp-json\/wp\/v2\/categories?post=3724"},{"taxonomy":"post_tag","embeddable":true,"href":"https:\/\/matrend.hu\/nekedinfo\/wp-json\/wp\/v2\/tags?post=3724"}],"curies":[{"name":"wp","href":"https:\/\/api.w.org\/{rel}","templated":true}]}}