{"id":3729,"date":"2025-09-01T18:55:20","date_gmt":"2025-09-01T16:55:20","guid":{"rendered":"https:\/\/matrend.hu\/nekedinfo\/?p=3729"},"modified":"2025-09-01T18:55:20","modified_gmt":"2025-09-01T16:55:20","slug":"elokerult-papai-joci-eltitkolt-fia-o-az","status":"publish","type":"post","link":"https:\/\/matrend.hu\/nekedinfo\/elokerult-papai-joci-eltitkolt-fia-o-az\/","title":{"rendered":"El\u0151ker\u00fclt P\u00e1pai Joci eltitkolt fia! \u0150 az!"},"content":{"rendered":"<h3>\u00c9n vagyok a Jocinak az eltitkolt gyereke \u2013 jelentette be a sz\u00ednpadon egy fiatal fi\u00fa. A k\u00f6vetkez\u0151 felv\u00e9telen m\u00e1r Valkusz Mil\u00e1n \u00e9s Majka balh\u00e9ja l\u00e1that\u00f3, amint \u00e9pp \u00f6sszeveszett egy jelentkez\u0151 miatt. Az RTL nagy bejelent\u00e9st tett nemr\u00e9g az X-Faktor vadi\u00faj \u00e9vad\u00e1val kapcsolatban: kider\u00fclt, hogy szeptember 6-\u00e1n t\u00e9r vissza a tehets\u00e9gkutat\u00f3 a 13. sz\u00e9ri\u00e1val.<\/h3>\n<h3><span style=\"color: #ff0000;\"><strong>A h\u00edr nem \u00e9rt v\u00e9get! Folytat\u00e1shoz haszn\u00e1ld a K\u00d6VETKEZ\u0150 OLDAL gombot!<\/strong><\/span><\/h3>\n<h3 style=\"text-align: right;\"><a href=\"https:\/\/matrend.hu\/maitrend\/?p=3732\" target=\"_blank\" rel=\"noopener\"><span style=\"color: #ff0000;\">&#8212;&gt;&gt; K\u00d6VETKEZ\u0150 OLDAL<\/span><\/a><\/h3>\n<p>&#8211;<\/p>\n<p>A leggyorsabb v\u00e1ltozat a k\u00edn\u00e1latban a 134 l\u00f3er\u0151s enyh\u00e9n hibrid modell, amely m\u00e1r sokkal dinamikusabban viselkedik. Ezzel az aut\u00f3val m\u00e1r 8,1 m\u00e1sodperc alatt is el lehet \u00e9rni a sz\u00e1z kilom\u00e9ter per \u00f3r\u00e1s sebess\u00e9get \u00e1ll\u00f3 helyzetb\u0151l, ami m\u00e1r eg\u00e9szen f\u00fcrge gyorsul\u00e1snak sz\u00e1m\u00edt ebben a kateg\u00f3ri\u00e1ban. A v\u00e9gsebess\u00e9ge pedig szint\u00e9n magasabb, el\u00e9ri a 204 kilom\u00e9ter per \u00f3r\u00e1t, ami m\u00e1r b\u0151ven kiel\u00e9g\u00edti azokat is, akik szeretik a lend\u00fcletes vezet\u00e9st.<\/p>\n<p>A Peugeot 208 korm\u00e1nyz\u00e1sa k\u00f6nnyed \u00e9rzetet ad, ami azt jelenti, hogy p\u00e9ld\u00e1ul sz\u0171k helyeken val\u00f3 man\u0151verez\u00e9skor \u2013 p\u00e9ld\u00e1ul parkol\u00e1s k\u00f6zben vagy kis utc\u00e1kban \u2013 nem ig\u00e9nyel sok fizikai er\u0151fesz\u00edt\u00e9st, \u00e9s a mozg\u00e1s k\u00f6nnyen kivitelezhet\u0151. Ugyanakkor maga a korm\u00e1nyker\u00e9k meglehet\u0151sen apr\u00f3 m\u00e9ret\u0171 \u00e9s form\u00e1ja is kiss\u00e9 szokatlan, ami els\u0151re, s\u0151t ak\u00e1r hosszabb haszn\u00e1lat sor\u00e1n is furcs\u00e1nak hathat. A tesztvezet\u00e9s sor\u00e1n voltak olyan pillanatok, amikor konkr\u00e9tan elvesztett\u00fck az \u00e9rz\u00e9st vagy a visszajelz\u00e9st arr\u00f3l, hogy pontosan merre \u00e1llnak az els\u0151 kerekek, \u00e9s ez bizony komoly neh\u00e9zs\u00e9get tud okozni, f\u0151k\u00e9nt akkor, amikor p\u00e9ld\u00e1ul p\u00e1rhuzamos parkol\u00e1st pr\u00f3b\u00e1l valaki v\u00e9grehajtani sz\u0171k helyen.<\/p>\n<p>A h\u00e1ts\u00f3 sz\u00e9lv\u00e9d\u0151 m\u00e9rete is a kisebbek k\u00f6z\u00e9 tartozik, ami k\u00fcl\u00f6n\u00f6sen akkor okozhat probl\u00e9m\u00e1t, amikor valaki h\u00e1trafel\u00e9 pr\u00f3b\u00e1l man\u0151verezni, p\u00e9ld\u00e1ul tolat\u00e1s k\u00f6zben, f\u0151k\u00e9nt, ha nem egyenesen, hanem valamilyen sz\u00f6gben kell haladni. Ilyenkor a kil\u00e1t\u00e1s nem mindig kiel\u00e9g\u00edt\u0151, \u00e9s ez megnehez\u00edti a pontos ir\u00e1ny\u00edt\u00e1st.<\/p>\n","protected":false},"excerpt":{"rendered":"<p>\u00c9n vagyok a Jocinak az eltitkolt gyereke \u2013 jelentette be a sz\u00ednpadon egy fiatal fi\u00fa. A k\u00f6vetkez\u0151 felv\u00e9telen m\u00e1r Valkusz&#8230; <span class=\"gridview-grid-post-read-more\"><a href=\"https:\/\/matrend.hu\/nekedinfo\/elokerult-papai-joci-eltitkolt-fia-o-az\/\">read more<span class=\"gridview-sr-only\"> El\u0151ker\u00fclt P\u00e1pai Joci eltitkolt fia! \u0150 az!<\/span><\/a><\/span><\/p>\n","protected":false},"author":1,"featured_media":3730,"comment_status":"open","ping_status":"open","sticky":false,"template":"","format":"standard","meta":{"footnotes":""},"categories":[1],"tags":[],"class_list":["post-3729","post","type-post","status-publish","format-standard","has-post-thumbnail","hentry","category-egyeb","wpcat-1-id"],"_links":{"self":[{"href":"https:\/\/matrend.hu\/nekedinfo\/wp-json\/wp\/v2\/posts\/3729","targetHints":{"allow":["GET"]}}],"collection":[{"href":"https:\/\/matrend.hu\/nekedinfo\/wp-json\/wp\/v2\/posts"}],"about":[{"href":"https:\/\/matrend.hu\/nekedinfo\/wp-json\/wp\/v2\/types\/post"}],"author":[{"embeddable":true,"href":"https:\/\/matrend.hu\/nekedinfo\/wp-json\/wp\/v2\/users\/1"}],"replies":[{"embeddable":true,"href":"https:\/\/matrend.hu\/nekedinfo\/wp-json\/wp\/v2\/comments?post=3729"}],"version-history":[{"count":1,"href":"https:\/\/matrend.hu\/nekedinfo\/wp-json\/wp\/v2\/posts\/3729\/revisions"}],"predecessor-version":[{"id":3731,"href":"https:\/\/matrend.hu\/nekedinfo\/wp-json\/wp\/v2\/posts\/3729\/revisions\/3731"}],"wp:featuredmedia":[{"embeddable":true,"href":"https:\/\/matrend.hu\/nekedinfo\/wp-json\/wp\/v2\/media\/3730"}],"wp:attachment":[{"href":"https:\/\/matrend.hu\/nekedinfo\/wp-json\/wp\/v2\/media?parent=3729"}],"wp:term":[{"taxonomy":"category","embeddable":true,"href":"https:\/\/matrend.hu\/nekedinfo\/wp-json\/wp\/v2\/categories?post=3729"},{"taxonomy":"post_tag","embeddable":true,"href":"https:\/\/matrend.hu\/nekedinfo\/wp-json\/wp\/v2\/tags?post=3729"}],"curies":[{"name":"wp","href":"https:\/\/api.w.org\/{rel}","templated":true}]}}