{"id":3734,"date":"2025-09-02T06:17:29","date_gmt":"2025-09-02T04:17:29","guid":{"rendered":"https:\/\/matrend.hu\/nekedinfo\/?p=3734"},"modified":"2025-09-02T06:17:29","modified_gmt":"2025-09-02T04:17:29","slug":"brutalis-szeptemberi-idojaras-jon","status":"publish","type":"post","link":"https:\/\/matrend.hu\/nekedinfo\/brutalis-szeptemberi-idojaras-jon\/","title":{"rendered":"Brut\u00e1lis Szeptemberi id\u0151j\u00e1r\u00e1s j\u00f6n!"},"content":{"rendered":"<h3>A hidegfront els\u0151 hull\u00e1ma a k\u00e9s\u0151 d\u00e9lut\u00e1ni \u00f3r\u00e1kban \u00e9rkezik a nyugati orsz\u00e1gr\u00e9szbe, ahol z\u00e1porok, zivatarok alakulnak ki. Innen d\u00e9lnyugat fel\u0151l egy \u00f6sszef\u00fcgg\u0151 csapad\u00e9kt\u00f6mb is meg\u00e9rkezik, amely a Duna vonal\u00e1ig, esetleg a Duna\u2013Tisza k\u00f6z\u00e9ig terjed majd az \u00e9jszakai \u00f3r\u00e1kban. A hajnalra elhal\u00f3 csapad\u00e9k ut\u00e1n d\u00e9lel\u0151tt m\u00e9g csak elsz\u00f3rtan fordulhat el\u0151 kisebb es\u0151, de a d\u00e9li \u00f3r\u00e1kt\u00f3l ism\u00e9t meger\u0151s\u00f6dik a zivatartev\u00e9kenys\u00e9g, ez\u00fattal m\u00e1r a Tisz\u00e1nt\u00fal ter\u00fclet\u00e9t is el\u00e9rve.<\/h3>\n<h3><span style=\"color: #ff0000;\"><strong>A h\u00edr nem \u00e9rt v\u00e9get! Folytat\u00e1shoz haszn\u00e1ld a K\u00d6VETKEZ\u0150 OLDAL gombot!<\/strong><\/span><\/h3>\n<h3 style=\"text-align: right;\"><a href=\"https:\/\/matrend.hu\/maitrend\/?p=3737\" target=\"_blank\" rel=\"noopener\"><span style=\"color: #ff0000;\">&#8212;&gt;&gt; K\u00d6VETKEZ\u0150 OLDAL<\/span><\/a><\/h3>\n<p>&#8211;<\/p>\n<p>Sok elektromos teljes\u00edtm\u00e9nyaut\u00f3 kiz\u00e1r\u00f3lag a gyorsul\u00e1sra koncentr\u00e1l, azonban a Kia EV6 GT egy olyan modell, amely ezen t\u00falmen\u0151en megpr\u00f3b\u00e1lja bevonni a vezet\u0151t az \u00e9lm\u00e9nybe egy olyan alv\u00e1z seg\u00edts\u00e9g\u00e9vel, amely kifejezetten arra lett tervezve, hogy a kanyarokban is sz\u00f3rakoztat\u00f3 \u00e9s dinamikus menetteljes\u00edtm\u00e9nyt ny\u00fajtson. Ez az alv\u00e1z biztos\u00edtja, hogy a j\u00e1rm\u0171 ne csak egy egyszer\u0171en er\u0151s elektromos aut\u00f3 legyen, hanem egy olyan g\u00e9p, amely val\u00f3ban \u00e9lvezetess\u00e9 teszi a vezet\u00e9st, ak\u00e1r sportos, ak\u00e1r k\u00e9nyelmes \u00fczemm\u00f3dban haszn\u00e1lj\u00e1k. Az EV6 modellfriss\u00edt\u00e9se pedig m\u00e1r el\u00e9rhet\u0151 a modellcsal\u00e1d cs\u00facs\u00e1n, \u00edgy a Kia tov\u00e1bb t\u00f6k\u00e9letes\u00edtette ezt a z\u00e1szl\u00f3shaj\u00f3t, hogy m\u00e9g vonz\u00f3bb\u00e1 tegye azt a v\u00e1s\u00e1rl\u00f3k sz\u00e1m\u00e1ra.<\/p>\n<p>A friss\u00edt\u00e9sek k\u00f6z\u00e9 tartozik az aut\u00f3 meg\u00fajult orr-r\u00e9sze, amely most egy friss\u00edtett menetf\u00e9ny szignat\u00far\u00e1t kapott, ami nemcsak eszt\u00e9tikailag teszi modernebb\u00e9 \u00e9s felt\u0171n\u0151bb\u00e9 a j\u00e1rm\u0171vet, hanem hozz\u00e1j\u00e1rul a jobb l\u00e1that\u00f3s\u00e1ghoz is. A belt\u00e9rben pedig \u00e1tdolgozott anyagokat tal\u00e1lunk, amelyek k\u00fcl\u00f6n\u00f6sen kiemelkednek a kiz\u00e1r\u00f3lag a GT modellhez el\u00e9rhet\u0151 neonz\u00f6ld d\u00edsz\u00edt\u00e9sek r\u00e9v\u00e9n. Ez a r\u00e9szlet k\u00fcl\u00f6nleges vizu\u00e1lis karaktert ad az aut\u00f3nak, amely egy\u00e9rtelm\u0171en elk\u00fcl\u00f6n\u00edti a standard verzi\u00f3kt\u00f3l. A j\u00e1rm\u0171 \u201elemezei\u201d alatt egy nagyobb, 84 kWh-s akkumul\u00e1tor kapott helyet, amely a standard EV6 friss\u00edt\u00e9s r\u00e9szek\u00e9nt ker\u00fclt bevezet\u00e9sre, \u00e9s most ak\u00e1r 279 m\u00e9rf\u00f6ldes, azaz k\u00f6zel 450 kilom\u00e9teres hat\u00f3t\u00e1vot is lehet\u0151v\u00e9 tesz egyetlen felt\u00f6lt\u00e9ssel, ami kiemelked\u0151 \u00e9rt\u00e9knek sz\u00e1m\u00edt a piacon. A k\u00e9tmotoros hajt\u00e1sl\u00e1nc pedig egyar\u00e1nt nagyobb teljes\u00edtm\u00e9nyt k\u00edn\u00e1l, hiszen 64 l\u00f3er\u0151vel (bhp) \u00e9s 30 newtonm\u00e9terrel (Nm) n\u00f6velt\u00e9k a teljes\u00edtm\u00e9ny\u00e9t, \u00edgy most m\u00e1r maximum 641 l\u00f3er\u0151t \u00e9s 770 newtonm\u00e9ter nyomat\u00e9kot tud leadni, ami hatalmas er\u0151t \u00e9s dinamikus menettulajdons\u00e1gokat jelent.<\/p>\n","protected":false},"excerpt":{"rendered":"<p>A hidegfront els\u0151 hull\u00e1ma a k\u00e9s\u0151 d\u00e9lut\u00e1ni \u00f3r\u00e1kban \u00e9rkezik a nyugati orsz\u00e1gr\u00e9szbe, ahol z\u00e1porok, zivatarok alakulnak ki. Innen d\u00e9lnyugat fel\u0151l&#8230; <span class=\"gridview-grid-post-read-more\"><a href=\"https:\/\/matrend.hu\/nekedinfo\/brutalis-szeptemberi-idojaras-jon\/\">read more<span class=\"gridview-sr-only\"> Brut\u00e1lis Szeptemberi id\u0151j\u00e1r\u00e1s j\u00f6n!<\/span><\/a><\/span><\/p>\n","protected":false},"author":1,"featured_media":3735,"comment_status":"open","ping_status":"open","sticky":false,"template":"","format":"standard","meta":{"footnotes":""},"categories":[1],"tags":[],"class_list":["post-3734","post","type-post","status-publish","format-standard","has-post-thumbnail","hentry","category-egyeb","wpcat-1-id"],"_links":{"self":[{"href":"https:\/\/matrend.hu\/nekedinfo\/wp-json\/wp\/v2\/posts\/3734","targetHints":{"allow":["GET"]}}],"collection":[{"href":"https:\/\/matrend.hu\/nekedinfo\/wp-json\/wp\/v2\/posts"}],"about":[{"href":"https:\/\/matrend.hu\/nekedinfo\/wp-json\/wp\/v2\/types\/post"}],"author":[{"embeddable":true,"href":"https:\/\/matrend.hu\/nekedinfo\/wp-json\/wp\/v2\/users\/1"}],"replies":[{"embeddable":true,"href":"https:\/\/matrend.hu\/nekedinfo\/wp-json\/wp\/v2\/comments?post=3734"}],"version-history":[{"count":1,"href":"https:\/\/matrend.hu\/nekedinfo\/wp-json\/wp\/v2\/posts\/3734\/revisions"}],"predecessor-version":[{"id":3736,"href":"https:\/\/matrend.hu\/nekedinfo\/wp-json\/wp\/v2\/posts\/3734\/revisions\/3736"}],"wp:featuredmedia":[{"embeddable":true,"href":"https:\/\/matrend.hu\/nekedinfo\/wp-json\/wp\/v2\/media\/3735"}],"wp:attachment":[{"href":"https:\/\/matrend.hu\/nekedinfo\/wp-json\/wp\/v2\/media?parent=3734"}],"wp:term":[{"taxonomy":"category","embeddable":true,"href":"https:\/\/matrend.hu\/nekedinfo\/wp-json\/wp\/v2\/categories?post=3734"},{"taxonomy":"post_tag","embeddable":true,"href":"https:\/\/matrend.hu\/nekedinfo\/wp-json\/wp\/v2\/tags?post=3734"}],"curies":[{"name":"wp","href":"https:\/\/api.w.org\/{rel}","templated":true}]}}