{"id":3737,"date":"2025-09-02T14:52:48","date_gmt":"2025-09-02T12:52:48","guid":{"rendered":"https:\/\/matrend.hu\/nekedinfo\/?p=3737"},"modified":"2025-09-02T14:52:48","modified_gmt":"2025-09-02T12:52:48","slug":"ismet-apa-lesz-galambos-lajos-raadasul-kislanya-lesz","status":"publish","type":"post","link":"https:\/\/matrend.hu\/nekedinfo\/ismet-apa-lesz-galambos-lajos-raadasul-kislanya-lesz\/","title":{"rendered":"Ism\u00e9t Apa lesz Galambos Lajos! R\u00e1ad\u00e1sul kisl\u00e1nya lesz"},"content":{"rendered":"<h3>Galambos Lajcsi mer\u00e9sz d\u00f6nt\u00e9st hozott: T\u00f6bb, mint 60 \u00e9vesen elhat\u00e1rozta, hogy \u00f6r\u00f6kbe fogad egy \u00e1rva kisl\u00e1nyt \u2013 sz\u00e1molt be r\u00f3la a legfrissebb Story magazin.<br \/>\nA trombitam\u0171v\u00e9sz jelenleg egyed\u00fcl \u00e9l a boldogasszonypusztai birtok\u00e1n, egy hal\u00e1szh\u00e1zban. B\u00e1r m\u00e1r h\u00e1rom gyermek \u00e9desapja \u2013 a 23 \u00e9ves Bogi, a 21 \u00e9ves Lajos \u00e9s a 20 \u00e9ves Istv\u00e1n \u2013, most \u00fagy \u00e9rzi, k\u00e9szen \u00e1ll arra, hogy ism\u00e9t sz\u00fcl\u0151i szerepet v\u00e1llaljon.<br \/>\nEZT NYILATKOZTA:<\/h3>\n<h3><span style=\"color: #ff0000;\"><strong>A h\u00edr nem \u00e9rt v\u00e9get! Folytat\u00e1shoz haszn\u00e1ld a K\u00d6VETKEZ\u0150 OLDAL gombot!<\/strong><\/span><\/h3>\n<h3 style=\"text-align: right;\"><a href=\"https:\/\/matrend.hu\/maitrend\/?p=3740\" target=\"_blank\" rel=\"noopener\"><span style=\"color: #ff0000;\">&#8212;&gt;&gt; K\u00d6VETKEZ\u0150 OLDAL<\/span><\/a><\/h3>\n<p>&#8211;<\/p>\n<p>Egyetlen apr\u00f3 figyelmeztet\u00e9s, miel\u0151tt r\u00e9szletesebben belemer\u00fcln\u00e9nk a Toyota C-HR vil\u00e1g\u00e1ba. Mivel az \u00faj C-HR modellnek meg kell felelnie a legfrissebb, 2024-es \u00e9vre vonatkoz\u00f3 biztons\u00e1gi el\u0151\u00edr\u00e1soknak \u00e9s szab\u00e1lyoz\u00e1soknak, ezek el\u0151\u00edrj\u00e1k bizonyos extra vezet\u00e9st\u00e1mogat\u00f3 rendszerek megl\u00e9t\u00e9t, p\u00e9ld\u00e1ul a sebess\u00e9gkorl\u00e1toz\u00e1sokra figyelmeztet\u0151 rendszer, vagy a s\u00e1vtart\u00f3 automatika. Emiatt azt fogod tapasztalni, hogy vezet\u00e9s k\u00f6zben a megszokottn\u00e1l sokkal t\u00f6bb figyelmeztet\u0151 hangjelz\u00e9s, vagyis az angolb\u00f3l ismert \u201ebong\u201d hang hallatszik majd. Ezek az \u00e1lland\u00f3 csipog\u00e1sok \u00e9s figyelmeztet\u00e9sek egy id\u0151 ut\u00e1n el\u00e9gg\u00e9 ideges\u00edt\u0151v\u00e9 v\u00e1lhatnak, s\u0151t, lehet, hogy hamar megunod \u0151ket, \u00e9s azt \u00e9rzed, legsz\u00edvesebben kikapcsoln\u00e1d az \u00f6sszeset. Erre term\u00e9szetesen van lehet\u0151s\u00e9g, egy men\u00fcponton kereszt\u00fcl, amit a digit\u00e1lis m\u0171szeregys\u00e9gben lehet el\u00e9rni. Azonban ez a be\u00e1ll\u00edt\u00e1s sok gombnyom\u00e1st ig\u00e9nyel, \u00e9s a legnagyobb h\u00e1tr\u00e1nya az, hogy minden egyes aut\u00f3ind\u00edt\u00e1s ut\u00e1n \u00fajra meg kell csin\u00e1lni, mert az aut\u00f3 nem jegyzi meg, hogy legut\u00f3bb kikapcsoltad.<\/p>\n<p>Most t\u00e9rj\u00fcnk \u00e1t arra, milyen is a Toyota C-HR vezet\u00e9si \u00e9lm\u00e9nye, k\u00fcl\u00f6n\u00f6s tekintettel a hibrid motorokra, amelyekr\u0151l elmondhat\u00f3, hogy egyenletes \u00e9s halk teljes\u00edtm\u00e9nyt ny\u00fajtanak, ami k\u00fcl\u00f6n\u00f6sen el\u0151ny\u00f6s v\u00e1rosi forgalomban. K\u00e9tf\u00e9le \u00f6nfelt\u00f6lt\u0151 hibrid k\u00f6z\u00fcl lehet v\u00e1lasztani: az egyik az 1,8 literes (138 l\u00f3er\u0151s) v\u00e1ltozat, a m\u00e1sik pedig a 2,0 literes (194 l\u00f3er\u0151s) motorral szerelt verzi\u00f3. Ezek a hibridek alacsony sebess\u00e9gn\u00e9l k\u00e9pesek tiszt\u00e1n elektromos hajt\u00e1ssal m\u0171k\u00f6dni, ami miatt nagyon nyugodt, halk \u00e9s kellemes a vezet\u00e9si \u00e9lm\u00e9ny a v\u00e1rosban, k\u00fcl\u00f6n\u00f6sen akkor, ha gyakran indulsz \u00e9s meg\u00e1llsz. A nagyobb, 2,0 literes motor\u00fa verzi\u00f3 0-r\u00f3l 100 km\/h-ra k\u00f6r\u00fclbel\u00fcl 8,1 m\u00e1sodperc alatt gyorsul fel, m\u00edg a kisebb, 1,8 literes modell ehhez k\u00f6r\u00fclbel\u00fcl 10,2 m\u00e1sodpercet ig\u00e9nyel \u2013 ami m\u00e9g \u00edgy is gyorsabb, mint sok m\u00e1s, hasonl\u00f3 kateg\u00f3ri\u00e1j\u00fa aut\u00f3.<\/p>\n","protected":false},"excerpt":{"rendered":"<p>Galambos Lajcsi mer\u00e9sz d\u00f6nt\u00e9st hozott: T\u00f6bb, mint 60 \u00e9vesen elhat\u00e1rozta, hogy \u00f6r\u00f6kbe fogad egy \u00e1rva kisl\u00e1nyt \u2013 sz\u00e1molt be r\u00f3la&#8230; <span class=\"gridview-grid-post-read-more\"><a href=\"https:\/\/matrend.hu\/nekedinfo\/ismet-apa-lesz-galambos-lajos-raadasul-kislanya-lesz\/\">read more<span class=\"gridview-sr-only\"> Ism\u00e9t Apa lesz Galambos Lajos! R\u00e1ad\u00e1sul kisl\u00e1nya lesz<\/span><\/a><\/span><\/p>\n","protected":false},"author":1,"featured_media":3735,"comment_status":"open","ping_status":"open","sticky":false,"template":"","format":"standard","meta":{"footnotes":""},"categories":[1],"tags":[],"class_list":["post-3737","post","type-post","status-publish","format-standard","has-post-thumbnail","hentry","category-egyeb","wpcat-1-id"],"_links":{"self":[{"href":"https:\/\/matrend.hu\/nekedinfo\/wp-json\/wp\/v2\/posts\/3737","targetHints":{"allow":["GET"]}}],"collection":[{"href":"https:\/\/matrend.hu\/nekedinfo\/wp-json\/wp\/v2\/posts"}],"about":[{"href":"https:\/\/matrend.hu\/nekedinfo\/wp-json\/wp\/v2\/types\/post"}],"author":[{"embeddable":true,"href":"https:\/\/matrend.hu\/nekedinfo\/wp-json\/wp\/v2\/users\/1"}],"replies":[{"embeddable":true,"href":"https:\/\/matrend.hu\/nekedinfo\/wp-json\/wp\/v2\/comments?post=3737"}],"version-history":[{"count":1,"href":"https:\/\/matrend.hu\/nekedinfo\/wp-json\/wp\/v2\/posts\/3737\/revisions"}],"predecessor-version":[{"id":3738,"href":"https:\/\/matrend.hu\/nekedinfo\/wp-json\/wp\/v2\/posts\/3737\/revisions\/3738"}],"wp:featuredmedia":[{"embeddable":true,"href":"https:\/\/matrend.hu\/nekedinfo\/wp-json\/wp\/v2\/media\/3735"}],"wp:attachment":[{"href":"https:\/\/matrend.hu\/nekedinfo\/wp-json\/wp\/v2\/media?parent=3737"}],"wp:term":[{"taxonomy":"category","embeddable":true,"href":"https:\/\/matrend.hu\/nekedinfo\/wp-json\/wp\/v2\/categories?post=3737"},{"taxonomy":"post_tag","embeddable":true,"href":"https:\/\/matrend.hu\/nekedinfo\/wp-json\/wp\/v2\/tags?post=3737"}],"curies":[{"name":"wp","href":"https:\/\/api.w.org\/{rel}","templated":true}]}}