{"id":3739,"date":"2025-09-02T15:10:39","date_gmt":"2025-09-02T13:10:39","guid":{"rendered":"https:\/\/matrend.hu\/nekedinfo\/?p=3739"},"modified":"2025-09-02T15:10:39","modified_gmt":"2025-09-02T13:10:39","slug":"hatalmas-drama-az-azsia-expresszben","status":"publish","type":"post","link":"https:\/\/matrend.hu\/nekedinfo\/hatalmas-drama-az-azsia-expresszben\/","title":{"rendered":"Hatalmas dr\u00e1ma az \u00c1zsia Expresszben!"},"content":{"rendered":"<h3>\u00d6rd\u00f6g N\u00f3ra f\u00e9rj\u00e9t egy majom s\u00falyosan megharapta. N\u00f3ra elmond\u00e1sa szerint t\u00f6bbsz\u00f6r is el\u0151fordult, hogy eg\u00e9sz majomcsapatok \u2013 olykor 30\u201340 \u00e1llat \u2013 vett\u00e9k \u00fcld\u00f6z\u0151be \u0151ket a s\u0171r\u0171 dzsungelben. Egy alkalommal a szikla sz\u00e9l\u00e9n \u00e1llva \u00e9rezte, ahogy az \u00e1llatok k\u00f6zvetlen\u00fcl m\u00f6g\u00e9 ker\u00fclnek, \u00e9s a veszt\u00e9be szor\u00edtj\u00e1k.<br \/>\nEZ LETT A T\u00c1MAD\u00c1S V\u00c9GE:<\/h3>\n<h3><span style=\"color: #ff0000;\"><strong>A h\u00edr nem \u00e9rt v\u00e9get! Folytat\u00e1shoz haszn\u00e1ld a K\u00d6VETKEZ\u0150 OLDAL gombot!<\/strong><\/span><\/h3>\n<h3 style=\"text-align: right;\"><a href=\"https:\/\/matrend.hu\/maitrend\/?p=3743\" target=\"_blank\" rel=\"noopener\"><span style=\"color: #ff0000;\">&#8212;&gt;&gt; K\u00d6VETKEZ\u0150 OLDAL<\/span><\/a><\/h3>\n<p>&#8211;<\/p>\n<p>Mivel a kisebb k\u00f6lts\u00e9gvet\u00e9s\u0171 aut\u00f3kat m\u00e1r megb\u00edzhat\u00f3an lefedi a Dacia Spring, a Sandero \u00e9s a Jogger, logikus l\u00e9p\u00e9s volt a m\u00e1rka r\u00e9sz\u00e9r\u0151l, hogy a k\u00edn\u00e1latot a m\u00e1sik ir\u00e1nyba is b\u0151v\u00edtse \u2013 egy nagyobb modellel, mint a Duster SUV. \u00cdgy sz\u00fcletett meg a Dacia Bigster, a rom\u00e1n gy\u00e1rt\u00f3 eddigi legnagyobb aut\u00f3ja, amely sokat \u00f6r\u00f6k\u00f6lt a Dustert\u0151l.<\/p>\n<p>A k\u00e9t modell ugyanarra a CMF-B padl\u00f3lemezre \u00e9p\u00fcl, \u00e1m a Bigster hosszabb, magasabb, \u00e9s tengelyt\u00e1vja is nagyobb. Ez t\u00f6bb helyet jelent az utast\u00e9rben, t\u00e1gasabb csomagtart\u00f3t \u00e9s k\u00e9nyelmesebb utaz\u00e1st az utasok sz\u00e1m\u00e1ra. A belt\u00e9r kialak\u00edt\u00e1sa ugyanazt a robusztus, kiss\u00e9 sz\u00f6gletes formavil\u00e1got k\u00f6veti, amit a Dacia rendszerint alkalmaz arra, hogy elrejtse a k\u00f6lts\u00e9ghat\u00e9kony gy\u00e1rt\u00e1s nyomait.<\/p>\n<p>K\u00fcls\u0151 megjelen\u00e9s\u00e9ben is hasonl\u00f3 jegyeket hordoz, mint a Duster: dobozszer\u0171 form\u00e1k, karakteres nappali menetf\u00e9nyek \u00e9s sz\u00f6gletes diz\u00e1jnelemek teszik egys\u00e9gess\u00e9 a m\u00e1rkaarculatot. A k\u00e9t aut\u00f3 k\u00f6z\u00f6tti k\u00fcl\u00f6nbs\u00e9gek szabad szemmel alig \u00e9szrevehet\u0151k, ha nincsenek egym\u00e1s mellett \u2013 de ez \u00f6nmag\u00e1ban nem felt\u00e9tlen\u00fcl probl\u00e9ma.<\/p>\n<p>A motorpaletta is nagyon hasonl\u00f3: el\u00e9rhet\u0151 egy enyhe hibrid, 1,2 literes TCe motor k\u00e9zi v\u00e1lt\u00f3val, els\u0151- vagy \u00f6sszker\u00e9khajt\u00e1ssal, valamint egy teljes \u00e9rt\u00e9k\u0171 hibrid automata v\u00e1lt\u00f3val, amely m\u00e1r 1,8 literes benzines er\u0151forr\u00e1st haszn\u00e1l \u2013 szemben a Duster 1,6 literes hibridj\u00e9vel.<\/p>\n<p>A Dustert\u0151l elt\u00e9r\u0151en a Bigster nem k\u00edn\u00e1l bel\u00e9p\u0151 szint\u0171 \u201eEssential\u201d felszerelts\u00e9get \u2013 a k\u00edn\u00e1lat az \u201eExpression\u201d szinttel indul, amely nagyj\u00e1b\u00f3l 25 250 fontn\u00e1l kezd\u0151dik az 1.2 TCe motorral. Ez k\u00f6r\u00fclbel\u00fcl 3 500 fonttal dr\u00e1g\u00e1bb, mint a Duster ugyanazzal a hajt\u00e1sl\u00e1nccal. Az \u00f6sszker\u00e9khajt\u00e1s ebben az esetben is hozz\u00e1vet\u0151leg 2 500 fontos fel\u00e1rat jelent, m\u00edg a hibrid v\u00e1ltozat valamivel t\u00f6bb mint 28 000 fontt\u00f3l indul.<\/p>\n<p>Alapfelszerelts\u00e9gk\u00e9nt j\u00e1r egy 10,1 h\u00fcvelykes k\u00f6zponti \u00e9rint\u0151k\u00e9perny\u0151 vezet\u00e9k n\u00e9lk\u00fcli Apple CarPlay \u00e9s Android Auto t\u00e1mogat\u00e1ssal, valamint egy h\u00e9tcolos digit\u00e1lis m\u0171szeregys\u00e9g \u2013 ezek t\u00f6bb Duster-v\u00e1ltozatban is megtal\u00e1lhat\u00f3k. A Bigster ezen k\u00edv\u00fcl k\u00e9tz\u00f3n\u00e1s kl\u00edm\u00e1t, 40:20:40 ar\u00e1nyban osztott h\u00e1ts\u00f3 \u00fcl\u00e9st, els\u0151 \u00e9s h\u00e1ts\u00f3 parkol\u00f3radart, tolat\u00f3kamer\u00e1t, 17 colos gy\u00e9m\u00e1ntcsiszolt k\u00f6nny\u0171f\u00e9m felnit, \u00e9s n\u00e9gy darab \u2018YouClip\u2019 r\u00f6gz\u00edt\u00e9si pontot is k\u00edn\u00e1l, amelyekre p\u00e9ld\u00e1ul poh\u00e1rtart\u00f3k, telefontart\u00f3k vagy t\u00e1sk\u00e1k csatlakoztathat\u00f3k.<\/p>\n","protected":false},"excerpt":{"rendered":"<p>\u00d6rd\u00f6g N\u00f3ra f\u00e9rj\u00e9t egy majom s\u00falyosan megharapta. N\u00f3ra elmond\u00e1sa szerint t\u00f6bbsz\u00f6r is el\u0151fordult, hogy eg\u00e9sz majomcsapatok \u2013 olykor 30\u201340 \u00e1llat&#8230; <span class=\"gridview-grid-post-read-more\"><a href=\"https:\/\/matrend.hu\/nekedinfo\/hatalmas-drama-az-azsia-expresszben\/\">read more<span class=\"gridview-sr-only\"> Hatalmas dr\u00e1ma az \u00c1zsia Expresszben!<\/span><\/a><\/span><\/p>\n","protected":false},"author":1,"featured_media":3740,"comment_status":"open","ping_status":"open","sticky":false,"template":"","format":"standard","meta":{"footnotes":""},"categories":[1],"tags":[],"class_list":["post-3739","post","type-post","status-publish","format-standard","has-post-thumbnail","hentry","category-egyeb","wpcat-1-id"],"_links":{"self":[{"href":"https:\/\/matrend.hu\/nekedinfo\/wp-json\/wp\/v2\/posts\/3739","targetHints":{"allow":["GET"]}}],"collection":[{"href":"https:\/\/matrend.hu\/nekedinfo\/wp-json\/wp\/v2\/posts"}],"about":[{"href":"https:\/\/matrend.hu\/nekedinfo\/wp-json\/wp\/v2\/types\/post"}],"author":[{"embeddable":true,"href":"https:\/\/matrend.hu\/nekedinfo\/wp-json\/wp\/v2\/users\/1"}],"replies":[{"embeddable":true,"href":"https:\/\/matrend.hu\/nekedinfo\/wp-json\/wp\/v2\/comments?post=3739"}],"version-history":[{"count":2,"href":"https:\/\/matrend.hu\/nekedinfo\/wp-json\/wp\/v2\/posts\/3739\/revisions"}],"predecessor-version":[{"id":3772,"href":"https:\/\/matrend.hu\/nekedinfo\/wp-json\/wp\/v2\/posts\/3739\/revisions\/3772"}],"wp:featuredmedia":[{"embeddable":true,"href":"https:\/\/matrend.hu\/nekedinfo\/wp-json\/wp\/v2\/media\/3740"}],"wp:attachment":[{"href":"https:\/\/matrend.hu\/nekedinfo\/wp-json\/wp\/v2\/media?parent=3739"}],"wp:term":[{"taxonomy":"category","embeddable":true,"href":"https:\/\/matrend.hu\/nekedinfo\/wp-json\/wp\/v2\/categories?post=3739"},{"taxonomy":"post_tag","embeddable":true,"href":"https:\/\/matrend.hu\/nekedinfo\/wp-json\/wp\/v2\/tags?post=3739"}],"curies":[{"name":"wp","href":"https:\/\/api.w.org\/{rel}","templated":true}]}}