{"id":3748,"date":"2025-09-02T18:57:43","date_gmt":"2025-09-02T16:57:43","guid":{"rendered":"https:\/\/matrend.hu\/nekedinfo\/?p=3748"},"modified":"2025-09-02T18:57:43","modified_gmt":"2025-09-02T16:57:43","slug":"tragikus-autobaleset-erte-ganxsta-zolee-ekat","status":"publish","type":"post","link":"https:\/\/matrend.hu\/nekedinfo\/tragikus-autobaleset-erte-ganxsta-zolee-ekat\/","title":{"rendered":"Tragikus aut\u00f3baleset \u00e9rte Ganxsta Zolee-\u00e9kat!"},"content":{"rendered":"<h3>A hirtelen j\u00f6tt vihar idej\u00e9n egy hatalmas fa r\u00e1d\u0151lt Steve, a zenekar egyik tagj\u00e1nak parkol\u00f3 aut\u00f3j\u00e1ra az Amad\u00e9 parkban. A zenekar a k\u00f6z\u00f6ss\u00e9gi oldal\u00e1n sz\u00e1molt be a t\u00f6rt\u00e9ntekr\u0151l, \u00e9s k\u00e9peket is megosztott a s\u00falyosan megrong\u00e1l\u00f3dott j\u00e1rm\u0171r\u0151l. \u201eTegnap este, a Kartel jubileumi turn\u00e9 utols\u00f3 el\u0151tti \u00e1llom\u00e1s\u00e1n, B\u0151s\u00f6n a nagy es\u0151z\u00e9sek miatt egy hatalmas fa r\u00e1d\u0151lt Steve aut\u00f3j\u00e1ra, teljesen \u00f6sszet\u00f6rve azt.<\/h3>\n<h3><span style=\"color: #ff0000;\"><strong>A h\u00edr nem \u00e9rt v\u00e9get! Folytat\u00e1shoz haszn\u00e1ld a K\u00d6VETKEZ\u0150 OLDAL gombot!<\/strong><\/span><\/h3>\n<h3 style=\"text-align: right;\"><a href=\"https:\/\/matrend.hu\/maitrend\/?p=3752\" target=\"_blank\" rel=\"noopener\"><span style=\"color: #ff0000;\">&#8212;&gt;&gt; K\u00d6VETKEZ\u0150 OLDAL<\/span><\/a><\/h3>\n<p>&#8211;<\/p>\n<p>Az aut\u00f3hoz k\u00fcl\u00f6nf\u00e9le vezet\u00e9si m\u00f3dokat is k\u00edn\u00e1lnak, p\u00e9ld\u00e1ul van egy \u00fagynevezett \u201eEco\u201d m\u00f3d, amely kifejezetten a takar\u00e9koss\u00e1got, az energiahat\u00e9konys\u00e1got helyezi el\u0151t\u00e9rbe, valamint egy \u201eSport\u201d m\u00f3d, amely ilyenkor kiss\u00e9 \u00e9l\u00e9nkebb\u00e9, dinamikusabb\u00e1 teszi az aut\u00f3 teljes\u00edtm\u00e9ny\u00e9t, \u00e9rezhet\u0151en er\u0151sebben reag\u00e1l a g\u00e1zad\u00e1sra. Tov\u00e1bb\u00e1, a korm\u00e1nyker\u00e9ken tal\u00e1lhat\u00f3 egy \u00fagynevezett \u201eBoost\u201d gomb is \u2013 ha ezt megnyomja a vezet\u0151, akkor az aut\u00f3 egy r\u00f6vid id\u0151re a teljes, 483 l\u00f3er\u0151s teljes\u00edtm\u00e9nyt szabad\u00edtja fel, ami sokkal nagyobb gyorsul\u00e1st eredm\u00e9nyez, mint amire a legt\u00f6bb h\u00e9tk\u00f6znapi helyzetben val\u00f3j\u00e1ban sz\u00fcks\u00e9g lenne. Ez a funkci\u00f3 teh\u00e1t arra val\u00f3, hogy egy-egy alkalommal, amikor hirtelen sok er\u0151 kell \u2013 p\u00e9ld\u00e1ul el\u0151z\u00e9skor vagy aut\u00f3p\u00e1lya-felhajt\u00e1skor \u2013 az aut\u00f3 minden tartal\u00e9k\u00e1t mozg\u00f3s\u00edtani tudja.<\/p>\n<p>A GV70 menetdinamik\u00e1j\u00e1val kapcsolatban azonban van egy komolyabb negat\u00edvum is, ami sajnos lerontja az \u00f6sszk\u00e9pet: azokn\u00e1l a modellekn\u00e9l, amelyek a nagyobb, 20 colos kerekekkel vannak felszerelve, az \u00fattart\u00e1s, pontosabban a rug\u00f3z\u00e1s, vagyis az \u00fathib\u00e1k elnyel\u00e9se, meglehet\u0151sen kem\u00e9nynek, s\u0151t sokszor kellemetlennek hat. Ez k\u00fcl\u00f6n\u00f6sen akkor \u00e9rz\u0151dik igaz\u00e1n, ha az \u00fatfel\u00fclet egyenetlen, p\u00e9ld\u00e1ul hepehup\u00e1s, repedezett, vagy \u00e9ppen k\u00e1ty\u00fas. Az aut\u00f3 ilyenkor nem tudja megfelel\u0151en kisim\u00edtani ezeket az egyenetlens\u00e9geket, ink\u00e1bb \u00e1tadja azokat az utasoknak. Viszont ennek az a pozit\u00edv oldala, hogy ez a feszes, kem\u00e9ny fut\u00f3m\u0171 jav\u00edtja az aut\u00f3 kanyarod\u00e1si k\u00e9pess\u00e9geit, stabilit\u00e1s\u00e1t \u2013 teh\u00e1t jobb az \u00fattart\u00e1sa, kevesebbet d\u0151l meg a kanyarokban, \u00e9s \u00f6sszess\u00e9g\u00e9ben prec\u00edzebben viselkedik, ami egy ekkora m\u00e9ret\u0171 elektromos SUV eset\u00e9n nem k\u00f6nny\u0171 dolog, hiszen ezek a j\u00e1rm\u0171vek nehezek, magasak, \u00e9s hajlamosak lehetnek a billeg\u00e9sre.<\/p>\n","protected":false},"excerpt":{"rendered":"<p>A hirtelen j\u00f6tt vihar idej\u00e9n egy hatalmas fa r\u00e1d\u0151lt Steve, a zenekar egyik tagj\u00e1nak parkol\u00f3 aut\u00f3j\u00e1ra az Amad\u00e9 parkban. A&#8230; <span class=\"gridview-grid-post-read-more\"><a href=\"https:\/\/matrend.hu\/nekedinfo\/tragikus-autobaleset-erte-ganxsta-zolee-ekat\/\">read more<span class=\"gridview-sr-only\"> Tragikus aut\u00f3baleset \u00e9rte Ganxsta Zolee-\u00e9kat!<\/span><\/a><\/span><\/p>\n","protected":false},"author":1,"featured_media":3749,"comment_status":"open","ping_status":"open","sticky":false,"template":"","format":"standard","meta":{"footnotes":""},"categories":[1],"tags":[],"class_list":["post-3748","post","type-post","status-publish","format-standard","has-post-thumbnail","hentry","category-egyeb","wpcat-1-id"],"_links":{"self":[{"href":"https:\/\/matrend.hu\/nekedinfo\/wp-json\/wp\/v2\/posts\/3748","targetHints":{"allow":["GET"]}}],"collection":[{"href":"https:\/\/matrend.hu\/nekedinfo\/wp-json\/wp\/v2\/posts"}],"about":[{"href":"https:\/\/matrend.hu\/nekedinfo\/wp-json\/wp\/v2\/types\/post"}],"author":[{"embeddable":true,"href":"https:\/\/matrend.hu\/nekedinfo\/wp-json\/wp\/v2\/users\/1"}],"replies":[{"embeddable":true,"href":"https:\/\/matrend.hu\/nekedinfo\/wp-json\/wp\/v2\/comments?post=3748"}],"version-history":[{"count":1,"href":"https:\/\/matrend.hu\/nekedinfo\/wp-json\/wp\/v2\/posts\/3748\/revisions"}],"predecessor-version":[{"id":3750,"href":"https:\/\/matrend.hu\/nekedinfo\/wp-json\/wp\/v2\/posts\/3748\/revisions\/3750"}],"wp:featuredmedia":[{"embeddable":true,"href":"https:\/\/matrend.hu\/nekedinfo\/wp-json\/wp\/v2\/media\/3749"}],"wp:attachment":[{"href":"https:\/\/matrend.hu\/nekedinfo\/wp-json\/wp\/v2\/media?parent=3748"}],"wp:term":[{"taxonomy":"category","embeddable":true,"href":"https:\/\/matrend.hu\/nekedinfo\/wp-json\/wp\/v2\/categories?post=3748"},{"taxonomy":"post_tag","embeddable":true,"href":"https:\/\/matrend.hu\/nekedinfo\/wp-json\/wp\/v2\/tags?post=3748"}],"curies":[{"name":"wp","href":"https:\/\/api.w.org\/{rel}","templated":true}]}}