{"id":3754,"date":"2025-09-03T14:57:57","date_gmt":"2025-09-03T12:57:57","guid":{"rendered":"https:\/\/matrend.hu\/nekedinfo\/?p=3754"},"modified":"2025-09-03T14:57:57","modified_gmt":"2025-09-03T12:57:57","slug":"beigazolodott-amitol-sokan-tartottak-donald-trumprol","status":"publish","type":"post","link":"https:\/\/matrend.hu\/nekedinfo\/beigazolodott-amitol-sokan-tartottak-donald-trumprol\/","title":{"rendered":"Beigazol\u00f3dott, amit\u0151l sokan tartottak Donald Trumpr\u00f3l!"},"content":{"rendered":"<h3>Az \u00fcgy k\u00fcl\u00f6n\u00f6s \u00e1rnyalatot kapott, amikor JD Vance aleln\u00f6k egy interj\u00faban kijelentette: b\u00e1r leny\u0171g\u00f6zi Trump hihetetlen energi\u00e1ja, k\u00e9szen \u00e1ll \u00e1tvenni az eln\u00f6ki tiszts\u00e9get, ha tragikus fordulat t\u00f6rt\u00e9nne. Trump l\u00e1that\u00f3an feldagadt bok\u00e1i \u00e9s visszat\u00e9r\u0151 k\u00e9zfeji v\u00e9ral\u00e1fut\u00e1sa sokakat aggaszt. Karoline Leavitt sz\u00f3viv\u0151 bejelentette a rossz h\u00edrt:<\/h3>\n<h3><span style=\"color: #ff0000;\"><strong>A h\u00edr nem \u00e9rt v\u00e9get! Folytat\u00e1shoz haszn\u00e1ld a K\u00d6VETKEZ\u0150 OLDAL gombot!<\/strong><\/span><\/h3>\n<h3 style=\"text-align: right;\"><a href=\"https:\/\/matrend.hu\/maitrend\/?p=3758\" target=\"_blank\" rel=\"noopener\"><span style=\"color: #ff0000;\">&#8212;&gt;&gt; K\u00d6VETKEZ\u0150 OLDAL<\/span><\/a><\/h3>\n<p>&#8211;<\/p>\n<p>A fut\u00f3m\u0171 hagyom\u00e1nyos elrendez\u00e9s\u0171, el\u00f6l MacPherson, h\u00e1tul kett\u0151s keresztleng\u0151karos rendszerrel. B\u00e1r nincs l\u00e9grug\u00f3z\u00e1s, az LM \u00f6t vezet\u00e9si m\u00f3dot k\u00edn\u00e1l, k\u00f6zt\u00fck egy kifejezetten a h\u00e1ts\u00f3 utasok k\u00e9nyelm\u00e9t szolg\u00e1l\u00f3 \u201eH\u00e1ts\u00f3 k\u00e9nyelem\u201d m\u00f3dot, amely a leng\u00e9scsillap\u00edt\u00e1st, a nyomat\u00e9kg\u00f6rb\u00e9t \u00e9s a f\u00e9ker\u0151t hangolja \u00fagy, hogy cs\u00f6kkentse a b\u00f3lint\u00e1st, d\u0151l\u00e9st \u00e9s billeg\u00e9st. Ez a m\u00f3d a vezet\u0151nek is el\u0151ny\u00f6s, hiszen \u00f6szt\u00f6n\u00f6z a nyugodt, egyenletes vezet\u00e9sre.<\/p>\n<p>Az aut\u00f3 rendk\u00edv\u00fcl finoman vezethet\u0151, a fut\u00f3m\u0171 kiv\u00e1l\u00f3an sz\u0171ri a kisebb-nagyobb \u00fathib\u00e1kat, mik\u00f6zben meg\u0151rzi az ir\u00e1ny\u00edthat\u00f3s\u00e1got. A magas s\u00falypont ellen\u00e9re az aut\u00f3 t\u00f6mege j\u00f3l kontroll\u00e1lhat\u00f3, \u00edgy a vezet\u00e9si \u00e9lm\u00e9ny pr\u00e9mium \u00e9rz\u00e9st ny\u00fajt, \u00e9s alig \u00e9rezni, hogy egyter\u0171t vezet\u00fcnk. Nem gyors aut\u00f3r\u00f3l van sz\u00f3 \u2013 az \u00f6sszker\u00e9khajt\u00e1s\u00fa modell 8,7 m\u00e1sodperc alatt gyorsul 0-r\u00f3l 100 km\/h-ra \u2013, \u00e9s a CVT v\u00e1lt\u00f3val p\u00e1ros\u00edtott benzinmotor z\u00fag\u00e1sa az egyetlen zavar\u00f3 hang az utast\u00e9rben, k\u00fcl\u00f6n\u00f6sen akkor, amikor er\u0151sebben gyors\u00edtunk.<\/p>\n<p>V\u00e1rosi temp\u00f3n\u00e1l a hibrid hajt\u00e1sl\u00e1nc kifejezetten csendes, a villanymotor szinte hangtalanul m\u0171k\u00f6dik, m\u00edg a benzinmotor halk z\u00fcmm\u00f6g\u00e9ssel kapcsol be. B\u00e1r az LM menettulajdons\u00e1gai v\u00e1rosban is kellemesek, a nagyobb \u00fathib\u00e1k n\u00e9ha \u00e1t\u00fctnek a karossz\u00e9ri\u00e1n \u2013 ez azonban minden furgonform\u00e1j\u00fa MPV eset\u00e9ben megszokott. A korm\u00e1nyz\u00e1s k\u00f6nny\u0171, b\u00e1r visszajelz\u00e9sben szeg\u00e9nyes, \u00e9s a j\u00e1rm\u0171 hossz\u00fa tengelyt\u00e1vja ellen\u00e9re a 360 fokos kamera seg\u00edt a man\u0151verez\u00e9sben. Meglep\u0151 m\u00f3don azonban parkol\u00f3szenzorokat nem kapunk.<\/p>\n<p>Aut\u00f3p\u00e1ly\u00e1n is remekel az LM, a sz\u00e9lzajt dupla \u00fcvegez\u00e9ssel cs\u00f6kkentett\u00e9k, \u00e9s a fut\u00f3m\u0171 stabil, k\u00e9nyelmes utaz\u00e1st k\u00edn\u00e1l. Az \u00fajabb Lexus hibridek m\u00e1r nagy sebess\u00e9gn\u00e9l is k\u00e9pesek v\u00e1ltani benzin \u00e9s elektromos hajt\u00e1s k\u00f6z\u00f6tt, ami jav\u00edtja a fogyaszt\u00e1st.<\/p>\n<p>A 2,3 tonn\u00e1s saj\u00e1t t\u00f6meg azonban kanyarban \u00e9s intenz\u00edv gyors\u00edt\u00e1skor vagy f\u00e9kez\u00e9skor m\u00e1r \u00e9rezteti hat\u00e1s\u00e1t: az aut\u00f3 billeget, d\u0151l\u00e9seket produk\u00e1l, ami zavarhatja a h\u00e1ts\u00f3 utasokat \u2013 pedig \u0151k lenn\u00e9nek az els\u0151dleges c\u00e9lcsoport. A korm\u00e1ny m\u00f6g\u00f6tti v\u00e1lt\u00f3f\u00fclek szinte feleslegesek, mivel az aut\u00f3 elektronik\u00e1ja j\u00f3l gazd\u00e1lkodik az energiaeloszt\u00e1ssal.<\/p>\n","protected":false},"excerpt":{"rendered":"<p>Az \u00fcgy k\u00fcl\u00f6n\u00f6s \u00e1rnyalatot kapott, amikor JD Vance aleln\u00f6k egy interj\u00faban kijelentette: b\u00e1r leny\u0171g\u00f6zi Trump hihetetlen energi\u00e1ja, k\u00e9szen \u00e1ll \u00e1tvenni&#8230; <span class=\"gridview-grid-post-read-more\"><a href=\"https:\/\/matrend.hu\/nekedinfo\/beigazolodott-amitol-sokan-tartottak-donald-trumprol\/\">read more<span class=\"gridview-sr-only\"> Beigazol\u00f3dott, amit\u0151l sokan tartottak Donald Trumpr\u00f3l!<\/span><\/a><\/span><\/p>\n","protected":false},"author":1,"featured_media":3755,"comment_status":"open","ping_status":"open","sticky":false,"template":"","format":"standard","meta":{"footnotes":""},"categories":[1],"tags":[],"class_list":["post-3754","post","type-post","status-publish","format-standard","has-post-thumbnail","hentry","category-egyeb","wpcat-1-id"],"_links":{"self":[{"href":"https:\/\/matrend.hu\/nekedinfo\/wp-json\/wp\/v2\/posts\/3754","targetHints":{"allow":["GET"]}}],"collection":[{"href":"https:\/\/matrend.hu\/nekedinfo\/wp-json\/wp\/v2\/posts"}],"about":[{"href":"https:\/\/matrend.hu\/nekedinfo\/wp-json\/wp\/v2\/types\/post"}],"author":[{"embeddable":true,"href":"https:\/\/matrend.hu\/nekedinfo\/wp-json\/wp\/v2\/users\/1"}],"replies":[{"embeddable":true,"href":"https:\/\/matrend.hu\/nekedinfo\/wp-json\/wp\/v2\/comments?post=3754"}],"version-history":[{"count":1,"href":"https:\/\/matrend.hu\/nekedinfo\/wp-json\/wp\/v2\/posts\/3754\/revisions"}],"predecessor-version":[{"id":3756,"href":"https:\/\/matrend.hu\/nekedinfo\/wp-json\/wp\/v2\/posts\/3754\/revisions\/3756"}],"wp:featuredmedia":[{"embeddable":true,"href":"https:\/\/matrend.hu\/nekedinfo\/wp-json\/wp\/v2\/media\/3755"}],"wp:attachment":[{"href":"https:\/\/matrend.hu\/nekedinfo\/wp-json\/wp\/v2\/media?parent=3754"}],"wp:term":[{"taxonomy":"category","embeddable":true,"href":"https:\/\/matrend.hu\/nekedinfo\/wp-json\/wp\/v2\/categories?post=3754"},{"taxonomy":"post_tag","embeddable":true,"href":"https:\/\/matrend.hu\/nekedinfo\/wp-json\/wp\/v2\/tags?post=3754"}],"curies":[{"name":"wp","href":"https:\/\/api.w.org\/{rel}","templated":true}]}}