{"id":3760,"date":"2025-09-03T17:05:47","date_gmt":"2025-09-03T15:05:47","guid":{"rendered":"https:\/\/matrend.hu\/nekedinfo\/?p=3760"},"modified":"2025-09-03T17:05:47","modified_gmt":"2025-09-03T15:05:47","slug":"ezert-vette-el-az-eletet-a-miskei-gyermeknek","status":"publish","type":"post","link":"https:\/\/matrend.hu\/nekedinfo\/ezert-vette-el-az-eletet-a-miskei-gyermeknek\/","title":{"rendered":"Ez\u00e9rt vette el az \u00e9let\u00e9t a miskei gyermeknek!"},"content":{"rendered":"<h3>A rend\u0151rs\u00e9g kedden jelentette be, hogy elfogt\u00e1k J. D\u00e1vidot, azt a 24 \u00e9ves miskei f\u00e9rfit, aki a gyan\u00fa szerint meggy\/lk\/lta azt a 22 h\u00f3napos helyi kisl\u00e1nyt, akinek tegnap veszett nyoma, \u00e9s este bukkantak a r\u00e1. Avarral \u00e9s pl\u00e9ddel lett letakarva, a focip\u00e1lya melletti keresztn\u00e9l tal\u00e1lt\u00e1k meg.<br \/>\nEZ\u00c9RT T\u00d6RT\u00c9NT MINDEZ:<\/h3>\n<h3><span style=\"color: #ff0000;\"><strong>A h\u00edr nem \u00e9rt v\u00e9get! Folytat\u00e1shoz haszn\u00e1ld a K\u00d6VETKEZ\u0150 OLDAL gombot!<\/strong><\/span><\/h3>\n<h3 style=\"text-align: right;\"><a href=\"https:\/\/matrend.hu\/maitrend\/?p=3764\" target=\"_blank\" rel=\"noopener\"><span style=\"color: #ff0000;\">&#8212;&gt;&gt; K\u00d6VETKEZ\u0150 OLDAL<\/span><\/a><\/h3>\n<p>&#8211;<\/p>\n<p>Ugyanakkor a fut\u00f3m\u0171 nem kezeli j\u00f3l az \u00fathib\u00e1kat, f\u0151k\u00e9nt orsz\u00e1g\u00faton hajlamos minden kis egyenetlens\u00e9get tov\u00e1bb\u00edtani az utast\u00e9r fel\u00e9, ahelyett hogy finoman elsim\u00edtan\u00e1 azokat. A Kia Sportage p\u00e9ld\u00e1ul sokkal k\u00e9nyelmesebb fut\u00e1st k\u00edn\u00e1l ilyen helyzetekben. Ami furcsa, hogy a karossz\u00e9ria d\u0151l\u00e9se kanyarban m\u00e9g \u00edgy is el\u00e9g jelent\u0151s, annak ellen\u00e9re, hogy a rug\u00f3z\u00e1s ink\u00e1bb kem\u00e9ny. Nagy, magas SUV-kr\u00f3l l\u00e9v\u00e9n sz\u00f3 ez m\u00e9g elfogadhat\u00f3, de nem kiemelked\u0151.<\/p>\n<p>V\u00e1rosban kev\u00e9sb\u00e9 zavar\u00f3 a feszes rug\u00f3z\u00e1s, b\u00e1r ott is \u00e9rezni lehet minden \u00fathib\u00e1t, ugyanakkor a fekv\u0151rend\u0151r\u00f6k\u00f6n jobban viselkedik, mint az apr\u00f3bb \u00fategyenetlens\u00e9geken. A korm\u00e1ny k\u00f6nny\u0171, ami j\u00f3 man\u0151verezhet\u0151s\u00e9get biztos\u00edt, \u00e9s ebben seg\u00edt a j\u00f3 kil\u00e1t\u00e1s is, valamint a 360 fokos kamerarendszer, ami az alapfelszerelts\u00e9g r\u00e9sze. A 10,9 m\u00e9teres fordul\u00f3k\u00f6r is teljesen elfogadhat\u00f3. Fontos megjegyezni, hogy indul\u00e1skor \u00e9rezhet\u0151 n\u00e9mi k\u00e9sleked\u00e9s a g\u00e1zped\u00e1l lenyom\u00e1sa \u00e9s az aut\u00f3 t\u00e9nyleges megindul\u00e1sa k\u00f6z\u00f6tt, amit p\u00e9ld\u00e1ul k\u00f6rforgalomba val\u00f3 becsatlakoz\u00e1skor \u00e9rdemes figyelembe venni.<\/p>\n<p>A KGM Actyon fogyaszt\u00e1sa \u00e9s kibocs\u00e1t\u00e1sa nem tartozik a legjobbak k\u00f6z\u00e9 a hibridek vagy takar\u00e9kosabb modellek hi\u00e1ny\u00e1ban. A hivatalos 33,1 mpg \u00e9rt\u00e9k val\u00f3s k\u00f6r\u00fclm\u00e9nyek k\u00f6z\u00f6tt 30 al\u00e1 is eshet, ami nem t\u00fal versenyk\u00e9pes a kateg\u00f3ri\u00e1ban. A hasonl\u00f3 teljes\u00edtm\u00e9ny\u0171 \u00e9s hajt\u00e1sl\u00e1nc\u00fa Kia Sportage vagy Nissan Qashqai ak\u00e1r 40 mpg f\u00f6l\u00f6tti fogyaszt\u00e1st is tud produk\u00e1lni. Az alacsony hat\u00e9konys\u00e1g miatt az els\u0151 \u00e9vben az aut\u00f3 regisztr\u00e1ci\u00f3s ad\u00f3ja is el\u00e9g magas, de legal\u00e1bb az aut\u00f3 \u00e1ra 40 000 font alatt marad, \u00edgy a k\u00f6vetkez\u0151 \u00e9vek ad\u00f3terhei kedvez\u0151bbek lesznek.<\/p>\n","protected":false},"excerpt":{"rendered":"<p>A rend\u0151rs\u00e9g kedden jelentette be, hogy elfogt\u00e1k J. D\u00e1vidot, azt a 24 \u00e9ves miskei f\u00e9rfit, aki a gyan\u00fa szerint meggy\/lk\/lta&#8230; <span class=\"gridview-grid-post-read-more\"><a href=\"https:\/\/matrend.hu\/nekedinfo\/ezert-vette-el-az-eletet-a-miskei-gyermeknek\/\">read more<span class=\"gridview-sr-only\"> Ez\u00e9rt vette el az \u00e9let\u00e9t a miskei gyermeknek!<\/span><\/a><\/span><\/p>\n","protected":false},"author":1,"featured_media":3761,"comment_status":"open","ping_status":"open","sticky":false,"template":"","format":"standard","meta":{"footnotes":""},"categories":[1],"tags":[],"class_list":["post-3760","post","type-post","status-publish","format-standard","has-post-thumbnail","hentry","category-egyeb","wpcat-1-id"],"_links":{"self":[{"href":"https:\/\/matrend.hu\/nekedinfo\/wp-json\/wp\/v2\/posts\/3760","targetHints":{"allow":["GET"]}}],"collection":[{"href":"https:\/\/matrend.hu\/nekedinfo\/wp-json\/wp\/v2\/posts"}],"about":[{"href":"https:\/\/matrend.hu\/nekedinfo\/wp-json\/wp\/v2\/types\/post"}],"author":[{"embeddable":true,"href":"https:\/\/matrend.hu\/nekedinfo\/wp-json\/wp\/v2\/users\/1"}],"replies":[{"embeddable":true,"href":"https:\/\/matrend.hu\/nekedinfo\/wp-json\/wp\/v2\/comments?post=3760"}],"version-history":[{"count":1,"href":"https:\/\/matrend.hu\/nekedinfo\/wp-json\/wp\/v2\/posts\/3760\/revisions"}],"predecessor-version":[{"id":3762,"href":"https:\/\/matrend.hu\/nekedinfo\/wp-json\/wp\/v2\/posts\/3760\/revisions\/3762"}],"wp:featuredmedia":[{"embeddable":true,"href":"https:\/\/matrend.hu\/nekedinfo\/wp-json\/wp\/v2\/media\/3761"}],"wp:attachment":[{"href":"https:\/\/matrend.hu\/nekedinfo\/wp-json\/wp\/v2\/media?parent=3760"}],"wp:term":[{"taxonomy":"category","embeddable":true,"href":"https:\/\/matrend.hu\/nekedinfo\/wp-json\/wp\/v2\/categories?post=3760"},{"taxonomy":"post_tag","embeddable":true,"href":"https:\/\/matrend.hu\/nekedinfo\/wp-json\/wp\/v2\/tags?post=3760"}],"curies":[{"name":"wp","href":"https:\/\/api.w.org\/{rel}","templated":true}]}}