{"id":3766,"date":"2025-09-03T19:01:22","date_gmt":"2025-09-03T17:01:22","guid":{"rendered":"https:\/\/matrend.hu\/nekedinfo\/?p=3766"},"modified":"2025-09-03T19:01:22","modified_gmt":"2025-09-03T17:01:22","slug":"drama-a-nyugdijas-elelmiszer-utalvannyal","status":"publish","type":"post","link":"https:\/\/matrend.hu\/nekedinfo\/drama-a-nyugdijas-elelmiszer-utalvannyal\/","title":{"rendered":"Dr\u00e1ma a nyugd\u00edjas \u00e9lelmiszer-utalv\u00e1nnyal"},"content":{"rendered":"<h3>Hatalmas dr\u00e1ma \u00fct\u00f6tte fel a fej\u00e9t! Mivel sok nyugd\u00edjas azt \u00e1ll\u00edtja hogy m\u00e9gsem \u00e9rkezik a 30 ezer forintos nyugd\u00edjas \u00e9lelmiszer-utalv\u00e1ny M\u00c1R R\u00c9G MEGKELLET VOLNA \u00c9RKEZNI! Azonban most tiszta v\u00edzet \u00fctn\u00fcnk utolj\u00e1ra a poh\u00e1rba! \u00c9rkeznek a nyugd\u00edjas \u00e9lelmiszer-utalv\u00e1nyok! Szept 1 H\u00e9tf\u0151\u00e9t\u0151l kezd\u0151d\u00f6tt a k\u00e9zbes\u00edt\u00e9s \u00e9s okt\u00f3ber k\u00f6zep\u00e9ig tart a nyugd\u00edjasoknak j\u00e1r\u00f3 30 ezer forintos \u00e9lelmiszer-utalv\u00e1nyok postai k\u00e9zbes\u00edt\u00e9se. MUTATJUK A R\u00c9SZLETEKET!<\/h3>\n<h3><span style=\"color: #ff0000;\"><strong>A h\u00edr nem \u00e9rt v\u00e9get! Folytat\u00e1shoz haszn\u00e1ld a K\u00d6VETKEZ\u0150 OLDAL gombot!<\/strong><\/span><\/h3>\n<h3 style=\"text-align: right;\"><a href=\"https:\/\/matrend.hu\/maitrend\/?p=3770\" target=\"_blank\" rel=\"noopener\"><span style=\"color: #ff0000;\">&#8212;&gt;&gt; K\u00d6VETKEZ\u0150 OLDAL<\/span><\/a><\/h3>\n<p>&#8211;<\/p>\n<p>Az aut\u00f3 karossz\u00e9ri\u00e1ja nem d\u0151l meg t\u00fals\u00e1gosan, \u00edgy kanyarod\u00e1s k\u00f6zben is stabilnak, kisz\u00e1m\u00edthat\u00f3nak \u00e9s biztons\u00e1gosnak \u00e9rezhetj\u00fck. A korm\u00e1nyz\u00e1s ugyan k\u00f6nny\u0171, \u00e9s visszajelz\u00e9sek ter\u00e9n nem t\u00fal informat\u00edv, de nagyobb sebess\u00e9gn\u00e9l el\u00e9g pontos ahhoz, hogy ne okozzon csal\u00f3d\u00e1st. Van lehet\u0151s\u00e9g egy Sport \u00fczemm\u00f3d bekapcsol\u00e1s\u00e1ra is, amit egy gombbal lehet aktiv\u00e1lni a k\u00f6z\u00e9pkonzolon, de ez a m\u00f3d igaz\u00e1b\u00f3l csak mesters\u00e9gesen \u201emegs\u00falyos\u00edtja\u201d a korm\u00e1nyz\u00e1st, an\u00e9lk\u00fcl, hogy val\u00f3di v\u00e1ltoz\u00e1st hozna a vezet\u00e9si \u00e9lm\u00e9nyben. \u00d6sszess\u00e9g\u00e9ben maga az aut\u00f3 vezet\u00e9se kiss\u00e9 unalmasnak mondhat\u00f3, nem igaz\u00e1n ny\u00fajt izgalmas vagy eml\u00e9kezetes \u00e9lm\u00e9nyt.<\/p>\n<p>Legal\u00e1bb annyi pozit\u00edvum m\u00e9gis elmondhat\u00f3, hogy az aut\u00f3 eg\u00e9sz j\u00f3l veszi az \u00fathib\u00e1kat \u00e9s a rosszabb min\u0151s\u00e9g\u0171 aszfaltot is, vagyis a fut\u00f3m\u0171 el\u00e9g k\u00e9nyelmes, nem r\u00e1z t\u00falzottan, m\u00e9g akkor sem, ha az \u00fatburkolat nem t\u00f6k\u00e9letes. Egy apr\u00f3bb kritika viszont megfogalmazhat\u00f3 a vezet\u00e9si poz\u00edci\u00f3val kapcsolatban: az \u00fcl\u00e9spoz\u00edci\u00f3 alig magasabb, mint amit a Hyundai i20 nev\u0171 kisaut\u00f3 k\u00edn\u00e1l, vagyis nem igaz\u00e1n \u00e9rv\u00e9nyes\u00fcl az a magasabb, SUV-szer\u0171 \u00fcl\u00e9shelyzet, amit sokan keresnek az ilyen kateg\u00f3ri\u00e1j\u00fa j\u00e1rm\u0171vekn\u00e9l.<\/p>\n<p>A Hyundai Bayon jelenlegi v\u00e1ltozata egy 1,0 literes benzinmotorral m\u0171k\u00f6dik, amely 99 l\u00f3er\u0151s teljes\u00edtm\u00e9nyt biztos\u00edt. Kor\u00e1bban ez a motor egy mild-hibrid rendszerrel volt kombin\u00e1lva, ami seg\u00edtett n\u00f6velni a teljes\u00edtm\u00e9nyt \u00e9s jav\u00edtotta az \u00fczemanyag-hat\u00e9konys\u00e1got is, de ezt a rendszert a legut\u00f3bbi modellfriss\u00edt\u00e9s sor\u00e1n elt\u00e1vol\u00edtott\u00e1k. Ennek k\u00f6vetkezt\u00e9ben valamelyest romlott az aut\u00f3 fogyaszt\u00e1sa \u00e9s kibocs\u00e1t\u00e1sa is. Mind a k\u00e9zi, mind az automata v\u00e1lt\u00f3s v\u00e1ltozat hivatalos fogyaszt\u00e1si \u00e9rt\u00e9ke most 51,4 m\u00e9rf\u00f6ld gallononk\u00e9nt (ami eur\u00f3pai m\u00e9rt\u00e9kre \u00e1tsz\u00e1m\u00edtva k\u00f6r\u00fclbel\u00fcl 5,5 liter\/100 km k\u00f6r\u00fcl alakul), m\u00edg a sz\u00e9n-dioxid-kibocs\u00e1t\u00e1s 125 g\/km a k\u00e9zi v\u00e1lt\u00f3s, \u00e9s 124 g\/km az automata v\u00e1ltozat eset\u00e9ben. Ezek az adatok rosszabbak, mint a modellfriss\u00edt\u00e9s el\u0151tti v\u00e1ltozat\u00e9, amely m\u00e9g 53,3 mpg fogyaszt\u00e1st \u00e9s 119 g\/km-es CO2-kibocs\u00e1t\u00e1st tudott felmutatni.<\/p>\n","protected":false},"excerpt":{"rendered":"<p>Hatalmas dr\u00e1ma \u00fct\u00f6tte fel a fej\u00e9t! Mivel sok nyugd\u00edjas azt \u00e1ll\u00edtja hogy m\u00e9gsem \u00e9rkezik a 30 ezer forintos nyugd\u00edjas \u00e9lelmiszer-utalv\u00e1ny&#8230; <span class=\"gridview-grid-post-read-more\"><a href=\"https:\/\/matrend.hu\/nekedinfo\/drama-a-nyugdijas-elelmiszer-utalvannyal\/\">read more<span class=\"gridview-sr-only\"> Dr\u00e1ma a nyugd\u00edjas \u00e9lelmiszer-utalv\u00e1nnyal<\/span><\/a><\/span><\/p>\n","protected":false},"author":1,"featured_media":3767,"comment_status":"open","ping_status":"open","sticky":false,"template":"","format":"standard","meta":{"footnotes":""},"categories":[1],"tags":[],"class_list":["post-3766","post","type-post","status-publish","format-standard","has-post-thumbnail","hentry","category-egyeb","wpcat-1-id"],"_links":{"self":[{"href":"https:\/\/matrend.hu\/nekedinfo\/wp-json\/wp\/v2\/posts\/3766","targetHints":{"allow":["GET"]}}],"collection":[{"href":"https:\/\/matrend.hu\/nekedinfo\/wp-json\/wp\/v2\/posts"}],"about":[{"href":"https:\/\/matrend.hu\/nekedinfo\/wp-json\/wp\/v2\/types\/post"}],"author":[{"embeddable":true,"href":"https:\/\/matrend.hu\/nekedinfo\/wp-json\/wp\/v2\/users\/1"}],"replies":[{"embeddable":true,"href":"https:\/\/matrend.hu\/nekedinfo\/wp-json\/wp\/v2\/comments?post=3766"}],"version-history":[{"count":1,"href":"https:\/\/matrend.hu\/nekedinfo\/wp-json\/wp\/v2\/posts\/3766\/revisions"}],"predecessor-version":[{"id":3768,"href":"https:\/\/matrend.hu\/nekedinfo\/wp-json\/wp\/v2\/posts\/3766\/revisions\/3768"}],"wp:featuredmedia":[{"embeddable":true,"href":"https:\/\/matrend.hu\/nekedinfo\/wp-json\/wp\/v2\/media\/3767"}],"wp:attachment":[{"href":"https:\/\/matrend.hu\/nekedinfo\/wp-json\/wp\/v2\/media?parent=3766"}],"wp:term":[{"taxonomy":"category","embeddable":true,"href":"https:\/\/matrend.hu\/nekedinfo\/wp-json\/wp\/v2\/categories?post=3766"},{"taxonomy":"post_tag","embeddable":true,"href":"https:\/\/matrend.hu\/nekedinfo\/wp-json\/wp\/v2\/tags?post=3766"}],"curies":[{"name":"wp","href":"https:\/\/api.w.org\/{rel}","templated":true}]}}