{"id":3769,"date":"2025-09-03T20:16:18","date_gmt":"2025-09-03T18:16:18","guid":{"rendered":"https:\/\/matrend.hu\/nekedinfo\/?p=3769"},"modified":"2025-09-03T20:16:18","modified_gmt":"2025-09-03T18:16:18","slug":"kulcsar-edina-es-gwm-nagy-bejelentese","status":"publish","type":"post","link":"https:\/\/matrend.hu\/nekedinfo\/kulcsar-edina-es-gwm-nagy-bejelentese\/","title":{"rendered":"Kulcs\u00e1r Edina \u00e9s GWM nagy bejelent\u00e9se!"},"content":{"rendered":"<h3>M\u00e1r Dion \u00e9rkez\u00e9se el\u0151tt is felmer\u00fclt a k\u00e9rd\u00e9s, hogy terveznek-e tov\u00e1bbi bab\u00e1t, \u00e1m akkor Edina csak annyit mondott, szeretn\u00e9k a jelenre koncentr\u00e1lni. &#8222;Most nagyon kerek az eg\u00e9sz! M\u00e1rknak is van az el\u0151z\u0151 kapcsolat\u00e1b\u00f3l egy fia \u00e9s egy l\u00e1nya, nekem is, van egy k\u00f6z\u00f6s kisl\u00e1nyuk, most j\u00f6n a k\u00f6z\u00f6s kisfiunk. Sokszor egy\u00e9bk\u00e9nt mondja, hogy \u0151 m\u00e9g szeretne egyet, mert mennyire men\u0151 lenne&#8230; De amikor \u00e9ppen otthon vagyunk, \u00e9s mindenki sik\u00edtozik, r\u00e1m n\u00e9z, majd azt mondja, &#8216;na j\u00f3, befejezt\u00fck, nincs t\u00f6bb!&#8217;. \u00dagyhogy a dolog a j\u00f6v\u0151 k\u00e9rd\u00e9se&#8221; &#8211; fogalmazott akkor sejtelmesen.<\/h3>\n<h3><span style=\"color: #ff0000;\"><strong>A h\u00edr nem \u00e9rt v\u00e9get! Folytat\u00e1shoz haszn\u00e1ld a K\u00d6VETKEZ\u0150 OLDAL gombot!<\/strong><\/span><\/h3>\n<h3 style=\"text-align: right;\"><a href=\"https:\/\/matrend.hu\/maitrend\/?p=3773\" target=\"_blank\" rel=\"noopener\"><span style=\"color: #ff0000;\">&#8212;&gt;&gt; K\u00d6VETKEZ\u0150 OLDAL<\/span><\/a><\/h3>\n<p>&#8211;<\/p>\n<p>Olyannyira, hogy v\u00e9lem\u00e9ny\u00fcnk szerint teljes m\u00e9rt\u00e9kben felveszi a versenyt a kateg\u00f3ria legjobbjaival, ha a sof\u0151r k\u00e9nyelm\u00e9r\u0151l van sz\u00f3. Ebben a modellben ez legink\u00e1bb annak k\u00f6sz\u00f6nhet\u0151, hogy az alapokat egy szem\u00e9lyaut\u00f3b\u00f3l sz\u00e1rmaz\u00f3 platform adja, valamint annak, hogy a PSA m\u00e9rn\u00f6kei m\u00e1r a tervez\u00e9s kezdeti szakasz\u00e1ban tiszt\u00e1ban voltak azzal, hogy ugyanarra a m\u0171szaki alapra kell majd egy teljes \u00e9rt\u00e9k\u0171, szem\u00e9lysz\u00e1ll\u00edt\u00e1sra alkalmas MPV, vagyis egy nagycsal\u00e1dos szem\u00e9lyaut\u00f3 v\u00e1ltozatot is \u00e9p\u00edteni\u00fck, amelynek a fut\u00f3m\u0171ve, rug\u00f3z\u00e1sa, \u00e1ltal\u00e1nos viselked\u00e9se is meg kell hogy gy\u0151zze a v\u00e1s\u00e1rl\u00f3kat. \u00c9ppen ez\u00e9rt az Expert furgon egy kellemesen ruganyos, finoman ringat\u00f3 utaz\u00e1si \u00e9lm\u00e9nyt biztos\u00edt, amely mellett az utast\u00e9rben uralkod\u00f3 zajszint is meglehet\u0151sen j\u00f3l kontroll\u00e1lt. Igaz, hogy a v\u00e1laszfal \u2013 ami a furgon h\u00e1tulj\u00e1t lev\u00e1lasztja a vezet\u0151f\u00fclk\u00e9r\u0151l \u2013 valamennyi m\u00e9lyebb hanghull\u00e1mot, \u00fagynevezett &#8222;boom&#8221; zajokat \u00e1tereszthet, de m\u00e9g \u00edgy is jobban teljes\u00edt ebb\u0151l a szempontb\u00f3l, mint p\u00e9ld\u00e1ul a Vito, amely ebben az \u00f6sszevet\u00e9sben kev\u00e9sb\u00e9 kifinomult.<\/p>\n<p>Tov\u00e1bbi pozit\u00edvum, hogy az \u00fcl\u00e9sek sz\u00e1mos be\u00e1ll\u00edt\u00e1si lehet\u0151s\u00e9get k\u00edn\u00e1lnak, \u00edgy k\u00f6nnyen megtal\u00e1lhat\u00f3 a k\u00e9nyelmes testhelyzet, r\u00e1ad\u00e1sul maguk az \u00fcl\u00e9sek is puh\u00e1bbak, ergonomikusabbak, mint amit sok m\u00e1s haszong\u00e9pj\u00e1rm\u0171 k\u00edn\u00e1lni tud. A vezet\u00e9si poz\u00edci\u00f3 \u00f6sszess\u00e9g\u00e9ben elfogadhat\u00f3, b\u00e1r nem olyan magas, mint mondjuk egy Renault Trafic eset\u00e9ben, ami azt jelenti, hogy a kil\u00e1t\u00e1s valamivel korl\u00e1tozottabb. Ennek az \u00e9rz\u00e9snek k\u00fcl\u00f6n\u00f6sen az alacsony tet\u0151vonal \u00e9s a sz\u00e9lv\u00e9d\u0151 viszonylag kis m\u00e9rete ad egyfajta szokatlan \u201epostal\u00e1daszer\u0171\u201d kabin\u00e9rzetet \u2013 mintha egy keskeny r\u00e9sen kereszt\u00fcl tekinten\u00e9nk ki el\u0151re, ami szokatlan lehet, de egy id\u0151 ut\u00e1n megszokhat\u00f3.<\/p>\n","protected":false},"excerpt":{"rendered":"<p>M\u00e1r Dion \u00e9rkez\u00e9se el\u0151tt is felmer\u00fclt a k\u00e9rd\u00e9s, hogy terveznek-e tov\u00e1bbi bab\u00e1t, \u00e1m akkor Edina csak annyit mondott, szeretn\u00e9k a&#8230; <span class=\"gridview-grid-post-read-more\"><a href=\"https:\/\/matrend.hu\/nekedinfo\/kulcsar-edina-es-gwm-nagy-bejelentese\/\">read more<span class=\"gridview-sr-only\"> Kulcs\u00e1r Edina \u00e9s GWM nagy bejelent\u00e9se!<\/span><\/a><\/span><\/p>\n","protected":false},"author":1,"featured_media":3770,"comment_status":"open","ping_status":"open","sticky":false,"template":"","format":"standard","meta":{"footnotes":""},"categories":[1],"tags":[],"class_list":["post-3769","post","type-post","status-publish","format-standard","has-post-thumbnail","hentry","category-egyeb","wpcat-1-id"],"_links":{"self":[{"href":"https:\/\/matrend.hu\/nekedinfo\/wp-json\/wp\/v2\/posts\/3769","targetHints":{"allow":["GET"]}}],"collection":[{"href":"https:\/\/matrend.hu\/nekedinfo\/wp-json\/wp\/v2\/posts"}],"about":[{"href":"https:\/\/matrend.hu\/nekedinfo\/wp-json\/wp\/v2\/types\/post"}],"author":[{"embeddable":true,"href":"https:\/\/matrend.hu\/nekedinfo\/wp-json\/wp\/v2\/users\/1"}],"replies":[{"embeddable":true,"href":"https:\/\/matrend.hu\/nekedinfo\/wp-json\/wp\/v2\/comments?post=3769"}],"version-history":[{"count":1,"href":"https:\/\/matrend.hu\/nekedinfo\/wp-json\/wp\/v2\/posts\/3769\/revisions"}],"predecessor-version":[{"id":3771,"href":"https:\/\/matrend.hu\/nekedinfo\/wp-json\/wp\/v2\/posts\/3769\/revisions\/3771"}],"wp:featuredmedia":[{"embeddable":true,"href":"https:\/\/matrend.hu\/nekedinfo\/wp-json\/wp\/v2\/media\/3770"}],"wp:attachment":[{"href":"https:\/\/matrend.hu\/nekedinfo\/wp-json\/wp\/v2\/media?parent=3769"}],"wp:term":[{"taxonomy":"category","embeddable":true,"href":"https:\/\/matrend.hu\/nekedinfo\/wp-json\/wp\/v2\/categories?post=3769"},{"taxonomy":"post_tag","embeddable":true,"href":"https:\/\/matrend.hu\/nekedinfo\/wp-json\/wp\/v2\/tags?post=3769"}],"curies":[{"name":"wp","href":"https:\/\/api.w.org\/{rel}","templated":true}]}}