{"id":3773,"date":"2025-09-04T15:18:58","date_gmt":"2025-09-04T13:18:58","guid":{"rendered":"https:\/\/matrend.hu\/nekedinfo\/?p=3773"},"modified":"2025-09-04T15:18:58","modified_gmt":"2025-09-04T13:18:58","slug":"drama-kasza-tibivel","status":"publish","type":"post","link":"https:\/\/matrend.hu\/nekedinfo\/drama-kasza-tibivel\/","title":{"rendered":"Dr\u00e1ma Kasza Tibivel"},"content":{"rendered":"<h3>\u201eEz nem csak egy reality, hanem egy pszichol\u00f3giai dr\u00e1ma, ahol mindenki tanulhat valamit a p\u00e1rkapcsolatokr\u00f3l\u201d \u2013 nyilatkozta Tibi. A n\u00e9z\u0151k szerint Kasza Tibi gus\/tust\/lan dolgot m\u0171vel a j\u00e1t\u00e9kosokkal hiszen egyik j\u00e1t\u00e9kos sem \u00e9rdemel ilyen le\/\u00e9z\u0151 \u00e9s emb\/rte\/en han\/ne\/et ami meg\u00fct egyesekkel! Sokak szerint Tibivel elsz\u00e1llt a l\u00f3! MUTATJUK A R\u00c9SZLETEKET!<\/h3>\n<h3><span style=\"color: #ff0000;\"><strong>A h\u00edr nem \u00e9rt v\u00e9get! Folytat\u00e1shoz haszn\u00e1ld a K\u00d6VETKEZ\u0150 OLDAL gombot!<\/strong><\/span><\/h3>\n<h3 style=\"text-align: right;\"><a href=\"https:\/\/matrend.hu\/maitrend\/?p=3776\" target=\"_blank\" rel=\"noopener\"><span style=\"color: #ff0000;\">&#8212;&gt;&gt; K\u00d6VETKEZ\u0150 OLDAL<\/span><\/a><\/h3>\n<p>&#8211;<\/p>\n<p>A Fiat Scudo teherb\u00edr\u00e1sa \u00e9s raktere modellv\u00e1ltozatt\u00f3l f\u00fcgg\u0151en elt\u00e9r\u0151, \u00e9s ezek az elt\u00e9r\u00e9sek f\u0151k\u00e9nt a j\u00e1rm\u0171 hossz\u00fas\u00e1g\u00e1b\u00f3l ad\u00f3dnak. Az L1-es v\u00e1ltozatban, teh\u00e1t a r\u00f6videbb kivitelben a rakt\u00e9r t\u00e9rfogata 5,3 k\u00f6bm\u00e9ter. Ezzel szemben az L2-es, vagyis a hosszabb verzi\u00f3ban m\u00e1r 6,1 k\u00f6bm\u00e9ternyi hely \u00e1ll rendelkez\u00e9sre. \u00c9rdekess\u00e9g, hogy b\u00e1r a j\u00e1rm\u0171 teljes hossza elt\u00e9r a k\u00e9t modelln\u00e9l, a tengelyt\u00e1v \u2013 azaz az els\u0151 \u00e9s a h\u00e1ts\u00f3 tengely k\u00f6z\u00f6tti t\u00e1vols\u00e1g \u2013 nem v\u00e1ltozik, mindk\u00e9t esetben 3.275 millim\u00e9ter. Ez azt jelenti, hogy a hosszabb L2 modell nem a tengelyek k\u00f6z\u00f6tt n\u0151tt meg, hanem a h\u00e1ts\u00f3 t\u00falny\u00fal\u00e1s, vagyis a h\u00e1ts\u00f3 kerekek m\u00f6g\u00f6tti r\u00e9sz lett hosszabb, konkr\u00e9tan 350 millim\u00e9terrel. Ez is hozz\u00e1j\u00e1rul a nagyobb rakt\u00e9rhez. A j\u00e1rm\u0171vek teljes hossza ennek megfelel\u0151en is elt\u00e9r: az L1 v\u00e1ltozat 4.981 millim\u00e9ter hossz\u00fa, m\u00edg az L2 v\u00e1ltozat m\u00e1r 5.331 millim\u00e9ter, teh\u00e1t t\u00f6bb mint f\u00e9l m\u00e9terrel hosszabb.<\/p>\n<p>B\u00e1r a rakt\u00e9r m\u00e9rete nem rossz, a Fiat Scudo nem felt\u00e9tlen\u00fcl ebben a tekintetben emelkedik ki a versenyt\u00e1rsai k\u00f6z\u00fcl. P\u00e9ld\u00e1ul a Ford Transit Custom alapv\u00e1ltozata m\u00e1r 5,8 k\u00f6bm\u00e9teres rakt\u00e9rrel rendelkezik, ami t\u00f6bb, mint amit a Scudo r\u00f6videbb verzi\u00f3ja k\u00edn\u00e1l, \u00e9s a hosszabbik Ford Transit m\u00e1r 6,8 k\u00f6bm\u00e9tert tud ny\u00fajtani, ami szint\u00e9n nagyobb a Scudo L2-n\u00e9l. A rakt\u00e9r hossza is kedvez\u0151bb a Transit eset\u00e9ben. Term\u00e9szetesen a Scud\u00f3hoz is rendelhet\u0151 egy \u00fagynevezett \u201e\u00e1th\u00fazhat\u00f3\u201d rakod\u00e1si lehet\u0151s\u00e9g, ami azt jelenti, hogy hosszabb t\u00e1rgyakat is lehet sz\u00e1ll\u00edtani \u00fagy, hogy azok beny\u00falnak az utast\u00e9r al\u00e1, konkr\u00e9tabban az any\u00f3s\u00fcl\u00e9s alatti r\u00e9szbe. Ennek az opci\u00f3nak a seg\u00edts\u00e9g\u00e9vel a rakod\u00e1si hossz megn\u00f6velhet\u0151 az alap 2.512 millim\u00e9terr\u0151l eg\u00e9szen 3.674 millim\u00e9terre, ami jelent\u0151s k\u00fcl\u00f6nbs\u00e9g, \u00e9s k\u00fcl\u00f6n\u00f6sen hasznos lehet cs\u00f6vek, l\u00e9cek vagy m\u00e1s hossz\u00fa t\u00e1rgyak sz\u00e1ll\u00edt\u00e1s\u00e1n\u00e1l.<\/p>\n","protected":false},"excerpt":{"rendered":"<p>\u201eEz nem csak egy reality, hanem egy pszichol\u00f3giai dr\u00e1ma, ahol mindenki tanulhat valamit a p\u00e1rkapcsolatokr\u00f3l\u201d \u2013 nyilatkozta Tibi. A n\u00e9z\u0151k&#8230; <span class=\"gridview-grid-post-read-more\"><a href=\"https:\/\/matrend.hu\/nekedinfo\/drama-kasza-tibivel\/\">read more<span class=\"gridview-sr-only\"> Dr\u00e1ma Kasza Tibivel<\/span><\/a><\/span><\/p>\n","protected":false},"author":1,"featured_media":3774,"comment_status":"open","ping_status":"open","sticky":false,"template":"","format":"standard","meta":{"footnotes":""},"categories":[1],"tags":[],"class_list":["post-3773","post","type-post","status-publish","format-standard","has-post-thumbnail","hentry","category-egyeb","wpcat-1-id"],"_links":{"self":[{"href":"https:\/\/matrend.hu\/nekedinfo\/wp-json\/wp\/v2\/posts\/3773","targetHints":{"allow":["GET"]}}],"collection":[{"href":"https:\/\/matrend.hu\/nekedinfo\/wp-json\/wp\/v2\/posts"}],"about":[{"href":"https:\/\/matrend.hu\/nekedinfo\/wp-json\/wp\/v2\/types\/post"}],"author":[{"embeddable":true,"href":"https:\/\/matrend.hu\/nekedinfo\/wp-json\/wp\/v2\/users\/1"}],"replies":[{"embeddable":true,"href":"https:\/\/matrend.hu\/nekedinfo\/wp-json\/wp\/v2\/comments?post=3773"}],"version-history":[{"count":1,"href":"https:\/\/matrend.hu\/nekedinfo\/wp-json\/wp\/v2\/posts\/3773\/revisions"}],"predecessor-version":[{"id":3775,"href":"https:\/\/matrend.hu\/nekedinfo\/wp-json\/wp\/v2\/posts\/3773\/revisions\/3775"}],"wp:featuredmedia":[{"embeddable":true,"href":"https:\/\/matrend.hu\/nekedinfo\/wp-json\/wp\/v2\/media\/3774"}],"wp:attachment":[{"href":"https:\/\/matrend.hu\/nekedinfo\/wp-json\/wp\/v2\/media?parent=3773"}],"wp:term":[{"taxonomy":"category","embeddable":true,"href":"https:\/\/matrend.hu\/nekedinfo\/wp-json\/wp\/v2\/categories?post=3773"},{"taxonomy":"post_tag","embeddable":true,"href":"https:\/\/matrend.hu\/nekedinfo\/wp-json\/wp\/v2\/tags?post=3773"}],"curies":[{"name":"wp","href":"https:\/\/api.w.org\/{rel}","templated":true}]}}