{"id":3776,"date":"2025-09-04T15:59:00","date_gmt":"2025-09-04T13:59:00","guid":{"rendered":"https:\/\/matrend.hu\/nekedinfo\/?p=3776"},"modified":"2025-09-04T15:59:00","modified_gmt":"2025-09-04T13:59:00","slug":"felakasztotta-magat-az-ismert-magyar-teves","status":"publish","type":"post","link":"https:\/\/matrend.hu\/nekedinfo\/felakasztotta-magat-az-ismert-magyar-teves\/","title":{"rendered":"Felakasztotta mag\u00e1t az ismert magyar T\u00e9v\u00e9s!"},"content":{"rendered":"<h3>A trag\u00e9dia sor\u00e1n nem hunyt el, de jelenleg k\u00f3m\u00e1ban fekszik, \u00e1llapota v\u00e1ls\u00e1gos. Jelenleg az Orsz\u00e1gos Kor\u00e1nyi Pulmonol\u00f3giai Int\u00e9zetben \u00e1polj\u00e1k, ahol az orvosok k\u00fczdenek az \u00e9let\u00e9\u00e9rt. Sem az int\u00e9zm\u00e9ny, sem a rend\u0151rs\u00e9g nem adott ki hivatalos k\u00f6zlem\u00e9nyt az esettel kapcsolatban. Sz\u00ednh\u00e1zban \u00e9s t\u00e9v\u00e9k\u00e9perny\u0151n is l\u00e1thattuk.<br \/>\nDR\u00c1MAI B\u00daCS\u00daLEVELET HAGYOTT:<\/h3>\n<h3><span style=\"color: #ff0000;\"><strong>A h\u00edr nem \u00e9rt v\u00e9get! Folytat\u00e1shoz haszn\u00e1ld a K\u00d6VETKEZ\u0150 OLDAL gombot!<\/strong><\/span><\/h3>\n<h3 style=\"text-align: right;\"><a href=\"https:\/\/matrend.hu\/maitrend\/?p=3779\" target=\"_blank\" rel=\"noopener\"><span style=\"color: #ff0000;\">&#8212;&gt;&gt; K\u00d6VETKEZ\u0150 OLDAL<\/span><\/a><\/h3>\n<p>&#8211;<\/p>\n<p>A Citro\u00ebn C5 Aircross sz\u00e1mos k\u00f6zepes m\u00e9ret\u0171 SUV-val versenyez, amelyek k\u00f6z\u00f6tt d\u00edzel, hibrid \u00e9s teljesen elektromos modellek is megtal\u00e1lhat\u00f3k. A 2024-es \u00c9v K\u00f6zepes SUV-j\u00e1nak v\u00e1lasztott Hyundai Tucson \u00e9s testv\u00e9rmodellje, a Kia Sportage komoly kih\u00edv\u00f3k, de a Skoda Karoq, a Nissan Qashqai \u00e9s az Opel Grandland is sz\u00e1m\u00edt\u00e1sba j\u00f6het alternat\u00edvak\u00e9nt. Akik ink\u00e1bb elektromos modellt keresnek, azoknak \u00e9rdemes megfontolniuk a Nissan Ariy\u00e1t, a Tesla Model Y-t vagy a Renault Scenic-et is.<\/p>\n<p>A Citro\u00ebn k\u00fcl\u00f6nleges megk\u00f6zel\u00edt\u00e9se nemcsak a k\u00fcls\u0151 formatervez\u00e9sre terjed ki, hanem minden v\u00e1ltozat megkapja a m\u00e1rka egyedi \u201eProgressive Hydraulic Cushion\u201d felf\u00fcggeszt\u00e9s\u00e9t is. Ez a rendszer a hagyom\u00e1nyos \u00fctk\u00f6z\u0151elemek helyett k\u00e9t hidraulikus leng\u00e9scsillap\u00edt\u00f3t haszn\u00e1l, azzal a c\u00e9llal, hogy a C5 Aircross olyan vezet\u00e9si \u00e9lm\u00e9nyt ny\u00fajtson, mint a r\u00e9gi Citro\u00ebnek, amelyek a legend\u00e1s rug\u00f3z\u00e1sukr\u00f3l voltak h\u00edresek. Elm\u00e9letben ez remek\u00fcl hangzik, \u00e1m a val\u00f3s\u00e1gban az aut\u00f3 m\u00e9g enyh\u00e9bb k\u00e1ty\u00fakat \u00e9s \u00fathib\u00e1kat is durv\u00e1n k\u00f6zvet\u00edt az utast\u00e9rbe, amit furcs\u00e1n disszon\u00e1nss\u00e1 tesz a tompa, \u00e9rz\u00e9ketlen korm\u00e1nyz\u00e1s \u2013 nem \u00e9rezz\u00fck a k\u00e1ty\u00fat a korm\u00e1nyon, m\u00e9gis \u00e9rezz\u00fck az eg\u00e9sz aut\u00f3ban. Legal\u00e1bb a korm\u00e1ny k\u00f6nny\u0171 \u00e9s kis \u00edven fordul, ami j\u00f3l j\u00f6n man\u0151verez\u00e9sn\u00e9l.<\/p>\n<p>Az aut\u00f3 \u201eAdvanced Comfort\u201d \u00fcl\u00e9sei k\u00fcl\u00f6n\u00f6s kombin\u00e1ci\u00f3j\u00e1t ny\u00fajtj\u00e1k a comb alatti b\u0151s\u00e9ges al\u00e1t\u00e1maszt\u00e1snak, mik\u00f6zben oldalir\u00e1ny\u00fa megt\u00e1maszt\u00e1st alig biztos\u00edtanak. Temp\u00f3sabb kanyarod\u00e1skor ez, a l\u00e1gy fut\u00f3m\u0171vel p\u00e1ros\u00edtva, kellemetlen billeg\u00e9st eredm\u00e9nyez. Pozit\u00edvum, hogy a vezet\u00e9si poz\u00edci\u00f3 kellemes, a kil\u00e1t\u00e1s megfelel\u0151, a nagy visszapillant\u00f3 t\u00fckr\u00f6k pedig megk\u00f6nny\u00edtik a man\u0151verez\u00e9st.<\/p>\n","protected":false},"excerpt":{"rendered":"<p>A trag\u00e9dia sor\u00e1n nem hunyt el, de jelenleg k\u00f3m\u00e1ban fekszik, \u00e1llapota v\u00e1ls\u00e1gos. Jelenleg az Orsz\u00e1gos Kor\u00e1nyi Pulmonol\u00f3giai Int\u00e9zetben \u00e1polj\u00e1k, ahol&#8230; <span class=\"gridview-grid-post-read-more\"><a href=\"https:\/\/matrend.hu\/nekedinfo\/felakasztotta-magat-az-ismert-magyar-teves\/\">read more<span class=\"gridview-sr-only\"> Felakasztotta mag\u00e1t az ismert magyar T\u00e9v\u00e9s!<\/span><\/a><\/span><\/p>\n","protected":false},"author":1,"featured_media":3777,"comment_status":"open","ping_status":"open","sticky":false,"template":"","format":"standard","meta":{"footnotes":""},"categories":[1],"tags":[],"class_list":["post-3776","post","type-post","status-publish","format-standard","has-post-thumbnail","hentry","category-egyeb","wpcat-1-id"],"_links":{"self":[{"href":"https:\/\/matrend.hu\/nekedinfo\/wp-json\/wp\/v2\/posts\/3776","targetHints":{"allow":["GET"]}}],"collection":[{"href":"https:\/\/matrend.hu\/nekedinfo\/wp-json\/wp\/v2\/posts"}],"about":[{"href":"https:\/\/matrend.hu\/nekedinfo\/wp-json\/wp\/v2\/types\/post"}],"author":[{"embeddable":true,"href":"https:\/\/matrend.hu\/nekedinfo\/wp-json\/wp\/v2\/users\/1"}],"replies":[{"embeddable":true,"href":"https:\/\/matrend.hu\/nekedinfo\/wp-json\/wp\/v2\/comments?post=3776"}],"version-history":[{"count":1,"href":"https:\/\/matrend.hu\/nekedinfo\/wp-json\/wp\/v2\/posts\/3776\/revisions"}],"predecessor-version":[{"id":3778,"href":"https:\/\/matrend.hu\/nekedinfo\/wp-json\/wp\/v2\/posts\/3776\/revisions\/3778"}],"wp:featuredmedia":[{"embeddable":true,"href":"https:\/\/matrend.hu\/nekedinfo\/wp-json\/wp\/v2\/media\/3777"}],"wp:attachment":[{"href":"https:\/\/matrend.hu\/nekedinfo\/wp-json\/wp\/v2\/media?parent=3776"}],"wp:term":[{"taxonomy":"category","embeddable":true,"href":"https:\/\/matrend.hu\/nekedinfo\/wp-json\/wp\/v2\/categories?post=3776"},{"taxonomy":"post_tag","embeddable":true,"href":"https:\/\/matrend.hu\/nekedinfo\/wp-json\/wp\/v2\/tags?post=3776"}],"curies":[{"name":"wp","href":"https:\/\/api.w.org\/{rel}","templated":true}]}}