{"id":3788,"date":"2025-09-05T17:59:46","date_gmt":"2025-09-05T15:59:46","guid":{"rendered":"https:\/\/matrend.hu\/nekedinfo\/?p=3788"},"modified":"2025-09-05T17:59:46","modified_gmt":"2025-09-05T15:59:46","slug":"cipo-is-ott-lesz-a-republic-jubileumi-koncertjen","status":"publish","type":"post","link":"https:\/\/matrend.hu\/nekedinfo\/cipo-is-ott-lesz-a-republic-jubileumi-koncertjen\/","title":{"rendered":"Cip\u0151 is ott lesz a Republic jubileumi koncertj\u00e9n"},"content":{"rendered":"<h3>Egy k\u00fcl\u00f6nleges meglepet\u00e9s is v\u00e1rja a k\u00f6z\u00f6ns\u00e9get: technikai megold\u00e1sok seg\u00edts\u00e9g\u00e9vel a sz\u00ednpadon ott lesz B\u00f3di L\u00e1szl\u00f3, vagyis Cip\u0151 is. A zenekar minden koncertj\u00e9n megeml\u00e9kezik az egykori frontemberr\u0151l: az els\u0151 \u00e9s az utols\u00f3 dal mindig Cip\u0151\u00e9. A zen\u00e9sz mind\u00f6ssze 47 \u00e9vesen hunyt el sz\u00edvbetegs\u00e9g k\u00f6vetkezt\u00e9ben, de eml\u00e9ke az\u00f3ta is \u00e9l a rajong\u00f3kban \u00e9s a zenekarban.<\/h3>\n<h3><span style=\"color: #ff0000;\"><strong>A h\u00edr nem \u00e9rt v\u00e9get! Folytat\u00e1shoz haszn\u00e1ld a K\u00d6VETKEZ\u0150 OLDAL gombot!<\/strong><\/span><\/h3>\n<h3 style=\"text-align: right;\"><a href=\"https:\/\/matrend.hu\/maitrend\/?p=3791\" target=\"_blank\" rel=\"noopener\"><span style=\"color: #ff0000;\">&#8212;&gt;&gt; K\u00d6VETKEZ\u0150 OLDAL<\/span><\/a><\/h3>\n<p>&#8211;<\/p>\n<p>A \u0160koda modellje ugyanis k\u00e9pes 10-r\u0151l 80 sz\u00e1zal\u00e9kos t\u00f6lt\u00f6tts\u00e9gi szintre felt\u00f6lt\u0151dni mind\u00f6ssze 26 perc alatt, ami jelent\u0151s el\u0151ny lehet hosszabb utak sor\u00e1n, vagy ha \u00e9ppen sietsz, \u00e9s csak r\u00f6vid id\u0151d van a t\u00f6lt\u00e9sre. Ez a k\u00fcl\u00f6nbs\u00e9g a k\u00e9t modell k\u00f6z\u00f6tt k\u00e9nyelmi szempontb\u00f3l is fontos lehet, f\u0151leg azoknak, akik gyakran haszn\u00e1lj\u00e1k az aut\u00f3t hosszabb t\u00e1vokon vagy nincsenek mindig k\u00f6zel a saj\u00e1t t\u00f6lt\u0151\u00e1llom\u00e1sukhoz.<\/p>\n<p>B\u00e1r a Honda CR-V sokf\u00e9le fejlett biztons\u00e1gi funkci\u00f3val van felszerelve, amelyek c\u00e9lja az, hogy seg\u00edtsenek megel\u0151zni a baleseteket vagy \u00fctk\u00f6z\u00e9seket, m\u00e9gis sz\u00e1m\u00edtani kell arra, hogy a biztos\u00edt\u00e1si d\u00edja nagy val\u00f3sz\u00edn\u0171s\u00e9ggel magasabb lesz, mint n\u00e9h\u00e1ny m\u00e1s, hasonl\u00f3 kateg\u00f3ri\u00e1j\u00fa j\u00e1rm\u0171\u00e9. A CR-V hibrid v\u00e1ltozata, az \u00fagynevezett e:HEV, a 34-es biztos\u00edt\u00e1si kateg\u00f3ri\u00e1ba tartozik, m\u00edg a plug-in hibrid, azaz az e:PHEV, m\u00e9g magasabb, a 37-es csoportba van besorolva. Ez az\u00e9rt is t\u0171nhet soknak, mert p\u00e9ld\u00e1ul egy Ford Kuga hibrid v\u00e1ltozata m\u00e1r a 22-es csoportb\u00f3l indul, teh\u00e1t ehhez k\u00e9pest a Honda biztos\u00edt\u00e1sa j\u00f3val t\u00f6bbe ker\u00fclhet. Ez olyan t\u00e9nyez\u0151, amit \u00e9rdemes figyelembe venni, k\u00fcl\u00f6n\u00f6sen azok sz\u00e1m\u00e1ra, akik hossz\u00fa t\u00e1vra terveznek, \u00e9s a fenntart\u00e1si k\u00f6lts\u00e9gek is fontos szerepet j\u00e1tszanak a d\u00f6nt\u00e9s\u00fckben.<\/p>\n<p>A hatodik gener\u00e1ci\u00f3s Honda CR-V k\u00fcls\u0151 megjelen\u00e9s\u00e9t tekintve jelent\u0151s \u00e1talakul\u00e1son ment kereszt\u00fcl az el\u0151z\u0151 gener\u00e1ci\u00f3hoz k\u00e9pest. A formaterv sokkal modernebb, lend\u00fcletesebb hat\u00e1st kelt, k\u00fcl\u00f6n\u00f6sen az aut\u00f3 elej\u00e9n figyelhet\u0151 meg ez a v\u00e1ltoz\u00e1s. Az \u00faj, v\u00e9kony \u00e9s \u00e9les vonalvezet\u00e9s\u0171 LED-es f\u00e9nysz\u00f3r\u00f3k, valamint az egyszer\u0171bb, letisztultabb l\u00f6kh\u00e1r\u00edt\u00f3- \u00e9s h\u0171t\u0151r\u00e1cs-kialak\u00edt\u00e1s mind hozz\u00e1j\u00e1rulnak ahhoz, hogy az aut\u00f3 frissebb, fiatalosabb \u00e9s technol\u00f3giailag fejlettebb benyom\u00e1st keltsen. Ugyanakkor, h\u00e1tul az aut\u00f3 megtartotta a kor\u00e1bbi gener\u00e1ci\u00f3kra jellemz\u0151, magasra h\u00fazott f\u00fcgg\u0151leges h\u00e1ts\u00f3 l\u00e1mp\u00e1kat, amelyek r\u00e9v\u00e9n a CR-V tov\u00e1bbra is felismerhet\u0151 marad, \u00e9s meg\u0151rzi a csal\u00e1dias megjelen\u00e9st, ami \u00f6sszek\u00f6ti az el\u0151z\u0151 v\u00e1ltozatokkal.<\/p>\n","protected":false},"excerpt":{"rendered":"<p>Egy k\u00fcl\u00f6nleges meglepet\u00e9s is v\u00e1rja a k\u00f6z\u00f6ns\u00e9get: technikai megold\u00e1sok seg\u00edts\u00e9g\u00e9vel a sz\u00ednpadon ott lesz B\u00f3di L\u00e1szl\u00f3, vagyis Cip\u0151 is. A&#8230; <span class=\"gridview-grid-post-read-more\"><a href=\"https:\/\/matrend.hu\/nekedinfo\/cipo-is-ott-lesz-a-republic-jubileumi-koncertjen\/\">read more<span class=\"gridview-sr-only\"> Cip\u0151 is ott lesz a Republic jubileumi koncertj\u00e9n<\/span><\/a><\/span><\/p>\n","protected":false},"author":1,"featured_media":3789,"comment_status":"open","ping_status":"open","sticky":false,"template":"","format":"standard","meta":{"footnotes":""},"categories":[1],"tags":[],"class_list":["post-3788","post","type-post","status-publish","format-standard","has-post-thumbnail","hentry","category-egyeb","wpcat-1-id"],"_links":{"self":[{"href":"https:\/\/matrend.hu\/nekedinfo\/wp-json\/wp\/v2\/posts\/3788","targetHints":{"allow":["GET"]}}],"collection":[{"href":"https:\/\/matrend.hu\/nekedinfo\/wp-json\/wp\/v2\/posts"}],"about":[{"href":"https:\/\/matrend.hu\/nekedinfo\/wp-json\/wp\/v2\/types\/post"}],"author":[{"embeddable":true,"href":"https:\/\/matrend.hu\/nekedinfo\/wp-json\/wp\/v2\/users\/1"}],"replies":[{"embeddable":true,"href":"https:\/\/matrend.hu\/nekedinfo\/wp-json\/wp\/v2\/comments?post=3788"}],"version-history":[{"count":1,"href":"https:\/\/matrend.hu\/nekedinfo\/wp-json\/wp\/v2\/posts\/3788\/revisions"}],"predecessor-version":[{"id":3790,"href":"https:\/\/matrend.hu\/nekedinfo\/wp-json\/wp\/v2\/posts\/3788\/revisions\/3790"}],"wp:featuredmedia":[{"embeddable":true,"href":"https:\/\/matrend.hu\/nekedinfo\/wp-json\/wp\/v2\/media\/3789"}],"wp:attachment":[{"href":"https:\/\/matrend.hu\/nekedinfo\/wp-json\/wp\/v2\/media?parent=3788"}],"wp:term":[{"taxonomy":"category","embeddable":true,"href":"https:\/\/matrend.hu\/nekedinfo\/wp-json\/wp\/v2\/categories?post=3788"},{"taxonomy":"post_tag","embeddable":true,"href":"https:\/\/matrend.hu\/nekedinfo\/wp-json\/wp\/v2\/tags?post=3788"}],"curies":[{"name":"wp","href":"https:\/\/api.w.org\/{rel}","templated":true}]}}