{"id":3791,"date":"2025-09-05T19:01:00","date_gmt":"2025-09-05T17:01:00","guid":{"rendered":"https:\/\/matrend.hu\/nekedinfo\/?p=3791"},"modified":"2025-09-05T19:01:00","modified_gmt":"2025-09-05T17:01:00","slug":"elhunyt-katalin-hercegne","status":"publish","type":"post","link":"https:\/\/matrend.hu\/nekedinfo\/elhunyt-katalin-hercegne\/","title":{"rendered":"Elhunyt Katalin hercegn\u00e9"},"content":{"rendered":"<h3>\u201eA kir\u00e1ly \u00e9s a kir\u00e1lyn\u00e9, valamint a kir\u00e1lyi csal\u00e1d minden tagja osztozik a gy\u00e1szban Kent herceg\u00e9vel, gyermekeivel \u00e9s unok\u00e1ival, \u00e9s szeretettel eml\u00e9keznek a hercegn\u0151 \u00e9letre sz\u00f3l\u00f3 elk\u00f6telezetts\u00e9g\u00e9re mindazon szervezetek ir\u00e1nt, amelyekkel kapcsolatban \u00e1llt, a zene ir\u00e1nti szenved\u00e9ly\u00e9re \u00e9s az ifj\u00fas\u00e1g ir\u00e1nti egy\u00fctt\u00e9rz\u00e9s\u00e9re\u201d \u2013 \u00e1ll a k\u00f6zlem\u00e9nyben.<br \/>\n\u00cdGY T\u00c1VOZOTT:<\/h3>\n<h3><span style=\"color: #ff0000;\"><strong>A h\u00edr nem \u00e9rt v\u00e9get! Folytat\u00e1shoz haszn\u00e1ld a K\u00d6VETKEZ\u0150 OLDAL gombot!<\/strong><\/span><\/h3>\n<h3 style=\"text-align: right;\"><a href=\"https:\/\/matrend.hu\/maitrend\/?p=3794\" target=\"_blank\" rel=\"noopener\"><span style=\"color: #ff0000;\">&#8212;&gt;&gt; K\u00d6VETKEZ\u0150 OLDAL<\/span><\/a><\/h3>\n<p>&#8211;<\/p>\n<p>A Tucson hibrid v\u00e1ltozata k\u00fcl\u00f6n\u00f6sen \u00e9rdekes, mert j\u00f3 p\u00e9ld\u00e1ja annak, hogy egy aut\u00f3 lehet hat\u00e9kony, m\u00e9gis k\u00f6nnyen vezethet\u0151, an\u00e9lk\u00fcl, hogy t\u00fal neh\u00e9zz\u00e9 v\u00e1lna. Ebben a modellben egy 1.6 literes hibrid motor dolgozik, ami l\u00e9nyeg\u00e9ben ugyanaz, mint amit a nagyobb Kia Sorento haszn\u00e1l \u2013 de mivel a Tucson k\u00f6r\u00fclbel\u00fcl 400 kil\u00f3val k\u00f6nnyebb, sokkal f\u00fcrg\u00e9bbnek \u00e9rz\u0151dik. A teljes\u00edtm\u00e9ny el\u00e9g lend\u00fcletes, b\u00e1r nem kimondottan sportos. A hatfokozat\u00fa automata v\u00e1lt\u00f3 n\u00e9ha kicsit lassan reag\u00e1l, de az elektromotor azonnal el\u00e9rhet\u0151 nyomat\u00e9ka ellens\u00falyozza ezt, \u00e9s seg\u00edti a k\u00f6nnyed gyors\u00edt\u00e1st.<\/p>\n<p>Indul\u00e1skor is eg\u00e9szen dinamikus az aut\u00f3, b\u00e1r nedves \u00fatfel\u00fcleten el\u0151fordulhat, hogy a kerekek megcs\u00fasznak, ha t\u00fal hirtelen adunk g\u00e1zt. Ha viszont finoman b\u00e1nunk a ped\u00e1llal, eg\u00e9sz tisztess\u00e9ges gyorsul\u00e1st tudunk el\u00e9rni \u2013 teszten 7,6 m\u00e1sodperc alatt gyorsult 0-r\u00f3l 100 km\/\u00f3r\u00e1ra enyh\u00e9n nedves \u00faton.<\/p>\n<p>A f\u00e9krendszer is j\u00f3l teljes\u00edt, az aut\u00f3 70 m\u00e9rf\u00f6ld\/\u00f3r\u00e1r\u00f3l (kb. 112 km\/h) 54,1 m\u00e9teren bel\u00fcl k\u00e9pes meg\u00e1llni, ami teljesen elfogadhat\u00f3 \u00e9rt\u00e9k.<\/p>\n<p>A hibrid rendszer k\u00e9pes tiszt\u00e1n elektromos m\u00f3dban is m\u0171k\u00f6dni, k\u00fcl\u00f6n\u00f6sen v\u00e1rosban, alacsonyabb sebess\u00e9gn\u00e9l. A v\u00e1lt\u00e1s a k\u00fcl\u00f6nb\u00f6z\u0151 \u00fczemm\u00f3dok k\u00f6z\u00f6tt t\u00f6bbnyire z\u00f6kken\u0151mentes. A korm\u00e1ny m\u00f6g\u00f6tti v\u00e1lt\u00f3f\u00fclekkel k\u00e9zzel is v\u00e1lthatunk sebess\u00e9get, ha szeretn\u00e9nk \u2013 hosszabb h\u00faz\u00e1ssal az \u201eup\u201d oldalon visszat\u00e9rhet\u00fcnk automata m\u00f3dba is. Teljesen automata m\u00f3dban n\u00e9ha el\u0151fordul, hogy a rendszer kiss\u00e9 bizonytalan, hogy pontosan milyen reakci\u00f3t adjon, de ez ritk\u00e1n zavar\u00f3.<\/p>\n<p>A tapad\u00e1s \u00e9s a von\u00f3er\u0151 \u00e1tad\u00e1s j\u00f3l megoldott, \u00e9s a m\u0171szerfalon egy digit\u00e1lis kijelz\u0151 mutatja, hogy \u00e9pp melyik tengelyre ker\u00fcl a hajt\u00e1s.<\/p>\n","protected":false},"excerpt":{"rendered":"<p>\u201eA kir\u00e1ly \u00e9s a kir\u00e1lyn\u00e9, valamint a kir\u00e1lyi csal\u00e1d minden tagja osztozik a gy\u00e1szban Kent herceg\u00e9vel, gyermekeivel \u00e9s unok\u00e1ival, \u00e9s&#8230; <span class=\"gridview-grid-post-read-more\"><a href=\"https:\/\/matrend.hu\/nekedinfo\/elhunyt-katalin-hercegne\/\">read more<span class=\"gridview-sr-only\"> Elhunyt Katalin hercegn\u00e9<\/span><\/a><\/span><\/p>\n","protected":false},"author":1,"featured_media":3795,"comment_status":"open","ping_status":"open","sticky":false,"template":"","format":"standard","meta":{"footnotes":""},"categories":[1],"tags":[],"class_list":["post-3791","post","type-post","status-publish","format-standard","has-post-thumbnail","hentry","category-egyeb","wpcat-1-id"],"_links":{"self":[{"href":"https:\/\/matrend.hu\/nekedinfo\/wp-json\/wp\/v2\/posts\/3791","targetHints":{"allow":["GET"]}}],"collection":[{"href":"https:\/\/matrend.hu\/nekedinfo\/wp-json\/wp\/v2\/posts"}],"about":[{"href":"https:\/\/matrend.hu\/nekedinfo\/wp-json\/wp\/v2\/types\/post"}],"author":[{"embeddable":true,"href":"https:\/\/matrend.hu\/nekedinfo\/wp-json\/wp\/v2\/users\/1"}],"replies":[{"embeddable":true,"href":"https:\/\/matrend.hu\/nekedinfo\/wp-json\/wp\/v2\/comments?post=3791"}],"version-history":[{"count":1,"href":"https:\/\/matrend.hu\/nekedinfo\/wp-json\/wp\/v2\/posts\/3791\/revisions"}],"predecessor-version":[{"id":3796,"href":"https:\/\/matrend.hu\/nekedinfo\/wp-json\/wp\/v2\/posts\/3791\/revisions\/3796"}],"wp:featuredmedia":[{"embeddable":true,"href":"https:\/\/matrend.hu\/nekedinfo\/wp-json\/wp\/v2\/media\/3795"}],"wp:attachment":[{"href":"https:\/\/matrend.hu\/nekedinfo\/wp-json\/wp\/v2\/media?parent=3791"}],"wp:term":[{"taxonomy":"category","embeddable":true,"href":"https:\/\/matrend.hu\/nekedinfo\/wp-json\/wp\/v2\/categories?post=3791"},{"taxonomy":"post_tag","embeddable":true,"href":"https:\/\/matrend.hu\/nekedinfo\/wp-json\/wp\/v2\/tags?post=3791"}],"curies":[{"name":"wp","href":"https:\/\/api.w.org\/{rel}","templated":true}]}}