{"id":3801,"date":"2025-09-06T16:22:41","date_gmt":"2025-09-06T14:22:41","guid":{"rendered":"https:\/\/matrend.hu\/nekedinfo\/?p=3801"},"modified":"2025-09-06T16:22:41","modified_gmt":"2025-09-06T14:22:41","slug":"fajdalmas-betegsegben-halt-meg-kasler-miklos","status":"publish","type":"post","link":"https:\/\/matrend.hu\/nekedinfo\/fajdalmas-betegsegben-halt-meg-kasler-miklos\/","title":{"rendered":"F\u00e1jdalmas betegs\u00e9gben halt meg K\u00e1sler Mikl\u00f3s"},"content":{"rendered":"<h3>K\u00e1sler Mikl\u00f3s orvosk\u00e9nt az Orsz\u00e1gos Onkol\u00f3giai Int\u00e9zet \u00e9l\u00e9n \u00e1llt, ahol sz\u00e1mos \u00faj\u00edt\u00e1st vezetett be a r\u00e1kgy\u00f3gy\u00e1szatban. Tudom\u00e1nyos munk\u00e1ss\u00e1ga \u00e9s elismerts\u00e9ge miatt nemzetk\u00f6zi szinten is ismertt\u00e9 v\u00e1lt. K\u00e9s\u0151bb, miniszterk\u00e9nt is a r\u00e1kbetegs\u00e9gek megel\u0151z\u00e9s\u00e9re \u00e9s kezel\u00e9s\u00e9re f\u00f3kusz\u00e1lt. P\u00e1ciensei \u00e9s koll\u00e9g\u00e1i egyar\u00e1nt nagyra becs\u00fclt\u00e9k szakmai tud\u00e1s\u00e1t \u00e9s emberi hozz\u00e1\u00e1ll\u00e1s\u00e1t.<br \/>\nEBBEN HALT MEG A N\u00c9PSZER\u0170 POLITIKUS:<\/h3>\n<h3><span style=\"color: #ff0000;\"><strong>A h\u00edr nem \u00e9rt v\u00e9get! Folytat\u00e1shoz haszn\u00e1ld a K\u00d6VETKEZ\u0150 OLDAL gombot!<\/strong><\/span><\/h3>\n<h3 style=\"text-align: right;\"><a href=\"https:\/\/matrend.hu\/maitrend\/?p=3803\" target=\"_blank\" rel=\"noopener\"><span style=\"color: #ff0000;\">&#8212;&gt;&gt; K\u00d6VETKEZ\u0150 OLDAL<\/span><\/a><\/h3>\n<p>&#8211;<\/p>\n<p>A Mazda MX-30 \u00e1ra kevesebb mint 30 000 fontt\u00f3l indul, \u00edgy az egyik legkedvez\u0151bb \u00e1r\u00fa elektromos SUV a piacon. Az alacsony \u00e1r f\u0151 oka a kis m\u00e9ret\u0171 akkumul\u00e1tor, amely olcs\u00f3bb el\u0151\u00e1ll\u00edt\u00e1st tesz lehet\u0151v\u00e9, \u00e1m ezzel egy\u00fctt korl\u00e1tozott hat\u00f3t\u00e1vot is jelent. Az R-EV kivitel\u00e9rt hozz\u00e1vet\u0151leg 3 500 fonttal kell t\u00f6bbet fizetni, ami egyeseknek meg\u00e9ri a plusz k\u00f6lts\u00e9get a nagyobb hat\u00f3t\u00e1v \u00e9s a benzinmotoros biztons\u00e1gi tartal\u00e9k miatt.<\/p>\n<p>A felszerelts\u00e9gi szintek sorrendje: Prime-Line, Exclusive-Line, majd Makoto, ut\u00f3bbi k\u00f6r\u00fclbel\u00fcl 2 500 fonttal dr\u00e1g\u00e1bb az el\u0151z\u0151n\u00e9l. Minden v\u00e1ltozatban LED f\u00e9nysz\u00f3r\u00f3k, elektromosan behajthat\u00f3 \u00e9s f\u0171thet\u0151 t\u00fckr\u00f6k, els\u0151 \u00e9s h\u00e1ts\u00f3 parkol\u00f3szenzorok, tolat\u00f3kamera \u00e9s es\u0151\u00e9rz\u00e9kel\u0151s ablakt\u00f6rl\u0151k tal\u00e1lhat\u00f3k. A bels\u0151 t\u00e9rben 8,8 h\u00fcvelykes infotainment kijelz\u0151 tal\u00e1lhat\u00f3, amelyet k\u00f6zponti forg\u00f3kapcsol\u00f3val \u00e9s nyom\u00f3gombos panellel lehet vez\u00e9relni. Alapfelszerelts\u00e9g az Apple CarPlay \u00e9s az Android Auto is, tov\u00e1bb\u00e1 a MyMazda alkalmaz\u00e1ssal t\u00e1volr\u00f3l is vez\u00e9relhet\u0151k egyes j\u00e1rm\u0171funkci\u00f3k \u00e9s nyomon k\u00f6vethet\u0151 a t\u00f6lt\u00e9s \u00e1llapota.<\/p>\n<p>Mindk\u00e9t v\u00e1ltozatban el\u00f6l elhelyezett elektromos motor hajtja az els\u0151 kerekeket, az akkumul\u00e1tor pedig a padl\u00f3 alatt kapott helyet. Az elektromos verzi\u00f3 35,5 kWh-s, m\u00edg a hat\u00f3t\u00e1vn\u00f6vel\u0151s 17,8 kWh-s akkumul\u00e1torral m\u0171k\u00f6dik. Az elektromos modell hat\u00f3t\u00e1vja nem t\u00fal nagy, \u00edgy ink\u00e1bb r\u00f6vid t\u00e1v\u00fa, v\u00e1rosi k\u00f6zleked\u00e9sre aj\u00e1nlott. Ha hosszabb t\u00e1vokra van sz\u00fcks\u00e9g, az R-EV verzi\u00f3 forg\u00f3dugatty\u00fas motorral \u00e9s 50 literes \u00fczemanyagtart\u00e1llyal van felszerelve, amely menet k\u00f6zben t\u00f6lti az akkumul\u00e1tort. Ezzel a rendszerrel az aut\u00f3 hat\u00f3t\u00e1vja meghaladhatja a 400 m\u00e9rf\u00f6ldet.<\/p>\n","protected":false},"excerpt":{"rendered":"<p>K\u00e1sler Mikl\u00f3s orvosk\u00e9nt az Orsz\u00e1gos Onkol\u00f3giai Int\u00e9zet \u00e9l\u00e9n \u00e1llt, ahol sz\u00e1mos \u00faj\u00edt\u00e1st vezetett be a r\u00e1kgy\u00f3gy\u00e1szatban. Tudom\u00e1nyos munk\u00e1ss\u00e1ga \u00e9s elismerts\u00e9ge&#8230; <span class=\"gridview-grid-post-read-more\"><a href=\"https:\/\/matrend.hu\/nekedinfo\/fajdalmas-betegsegben-halt-meg-kasler-miklos\/\">read more<span class=\"gridview-sr-only\"> F\u00e1jdalmas betegs\u00e9gben halt meg K\u00e1sler Mikl\u00f3s<\/span><\/a><\/span><\/p>\n","protected":false},"author":1,"featured_media":3802,"comment_status":"open","ping_status":"open","sticky":false,"template":"","format":"standard","meta":{"footnotes":""},"categories":[1],"tags":[],"class_list":["post-3801","post","type-post","status-publish","format-standard","has-post-thumbnail","hentry","category-egyeb","wpcat-1-id"],"_links":{"self":[{"href":"https:\/\/matrend.hu\/nekedinfo\/wp-json\/wp\/v2\/posts\/3801","targetHints":{"allow":["GET"]}}],"collection":[{"href":"https:\/\/matrend.hu\/nekedinfo\/wp-json\/wp\/v2\/posts"}],"about":[{"href":"https:\/\/matrend.hu\/nekedinfo\/wp-json\/wp\/v2\/types\/post"}],"author":[{"embeddable":true,"href":"https:\/\/matrend.hu\/nekedinfo\/wp-json\/wp\/v2\/users\/1"}],"replies":[{"embeddable":true,"href":"https:\/\/matrend.hu\/nekedinfo\/wp-json\/wp\/v2\/comments?post=3801"}],"version-history":[{"count":1,"href":"https:\/\/matrend.hu\/nekedinfo\/wp-json\/wp\/v2\/posts\/3801\/revisions"}],"predecessor-version":[{"id":3803,"href":"https:\/\/matrend.hu\/nekedinfo\/wp-json\/wp\/v2\/posts\/3801\/revisions\/3803"}],"wp:featuredmedia":[{"embeddable":true,"href":"https:\/\/matrend.hu\/nekedinfo\/wp-json\/wp\/v2\/media\/3802"}],"wp:attachment":[{"href":"https:\/\/matrend.hu\/nekedinfo\/wp-json\/wp\/v2\/media?parent=3801"}],"wp:term":[{"taxonomy":"category","embeddable":true,"href":"https:\/\/matrend.hu\/nekedinfo\/wp-json\/wp\/v2\/categories?post=3801"},{"taxonomy":"post_tag","embeddable":true,"href":"https:\/\/matrend.hu\/nekedinfo\/wp-json\/wp\/v2\/tags?post=3801"}],"curies":[{"name":"wp","href":"https:\/\/api.w.org\/{rel}","templated":true}]}}