{"id":3810,"date":"2025-09-06T18:35:52","date_gmt":"2025-09-06T16:35:52","guid":{"rendered":"https:\/\/matrend.hu\/nekedinfo\/?p=3810"},"modified":"2025-09-06T18:35:52","modified_gmt":"2025-09-06T16:35:52","slug":"komaba-esett-szandi-hatalmas-a-drama","status":"publish","type":"post","link":"https:\/\/matrend.hu\/nekedinfo\/komaba-esett-szandi-hatalmas-a-drama\/","title":{"rendered":"K\u00f3m\u00e1ba esett Szandi HATALMAS A DR\u00c1MA!"},"content":{"rendered":"<h3>Szandi mindig is szenved\u00e9lyesen szerette a sportot, \u00e9s ez a mindennapjaiban is megmutatkozott. Az \u00e9nekesn\u0151 \u00e9s fitt anyuka rendszeresen edz, l\u00e9gtorn\u00e1zik, \u00e9s a konditerem sem \u00e1ll t\u00e1vol t\u0151le. Kor\u00e1bban a lovagl\u00e1s is fontos r\u00e9sze volt az \u00e9let\u00e9nek, s\u0151t, amat\u0151r zsok\u00e9k\u00e9nt a galoppon is kipr\u00f3b\u00e1lta mag\u00e1t. AZONBAN LOVAS BALESET \u00c9RTE:<\/h3>\n<h3><span style=\"color: #ff0000;\"><strong>A h\u00edr nem \u00e9rt v\u00e9get! Folytat\u00e1shoz haszn\u00e1ld a K\u00d6VETKEZ\u0150 OLDAL gombot!<\/strong><\/span><\/h3>\n<h3 style=\"text-align: right;\"><a href=\"https:\/\/matrend.hu\/maitrend\/?p=3812\" target=\"_blank\" rel=\"noopener\"><span style=\"color: #ff0000;\">&#8212;&gt;&gt; K\u00d6VETKEZ\u0150 OLDAL<\/span><\/a><\/h3>\n<p>&#8211;<\/p>\n<p>A mi egyhetes teszt\u00fcnk sor\u00e1n \u2013 amikor a nagyobb teljes\u00edtm\u00e9ny\u0171, 64 l\u00f3er\u0151s v\u00e1ltozatot vezett\u00fck k\u00fcl\u00f6nf\u00e9le \u00fatt\u00edpusokon, bele\u00e9rtve az aut\u00f3p\u00e1ly\u00e1t is, amely egy\u00e9bk\u00e9nt el\u00e9g gyorsan lemer\u00edti az akkumul\u00e1tort \u2013 k\u00f6nnyed\u00e9n el\u00e9rt\u00fck az 5,0 m\u00e9rf\u00f6ld\/kWh energiahat\u00e9konys\u00e1gi \u00e9rt\u00e9ket. Figyelembe v\u00e9ve, hogy ebben az id\u0151szakban az \u00e1tlagos k\u00fcls\u0151 h\u0151m\u00e9rs\u00e9klet k\u00f6r\u00fclbel\u00fcl 12 Celsius-fok volt, ez az \u00e9rt\u00e9k ny\u00e1ron val\u00f3sz\u00edn\u0171leg m\u00e9g kedvez\u0151bb lehet. Ugyanakkor t\u00e9len, amikor hidegebb van, term\u00e9szetesen sz\u00e1m\u00edtani kell n\u00e9mi visszaes\u00e9sre is. Az \u00e1ltalunk m\u00e9rt hat\u00e9konys\u00e1gi szint alapj\u00e1n a Spring re\u00e1lis hat\u00f3t\u00e1vja nagyj\u00e1b\u00f3l 134 m\u00e9rf\u00f6ld, vagyis hozz\u00e1vet\u0151legesen 215 kilom\u00e9ter. A Dacia hivatalosan 140 m\u00e9rf\u00f6ldes, azaz nagyj\u00e1b\u00f3l 225 kilom\u00e9teres hat\u00f3t\u00e1vot ad meg a WLTP kombin\u00e1lt ciklus szerint, m\u00edg v\u00e1rosi k\u00f6rnyezetben \u2013 ahol az energiafogyaszt\u00e1s kedvez\u0151bb \u2013 ez az \u00e9rt\u00e9k ak\u00e1r 190 m\u00e9rf\u00f6ldre, azaz t\u00f6bb mint 300 kilom\u00e9terre is felmehet.<\/p>\n<p>A m\u00e9ret\u00e9t, rendeltet\u00e9s\u00e9t \u00e9s hat\u00f3t\u00e1vols\u00e1g\u00e1t figyelembe v\u00e9ve a Spring els\u0151sorban olyan v\u00e1s\u00e1rl\u00f3knak lehet ide\u00e1lis, akik otthon, saj\u00e1t t\u00f6lt\u0151n kereszt\u00fcl tudj\u00e1k rendszeresen felt\u00f6lteni az aut\u00f3t. \u00c9ppen ez\u00e9rt az sem jelent k\u00fcl\u00f6n\u00f6sebb probl\u00e9m\u00e1t, hogy a gyorst\u00f6lt\u00e9s maxim\u00e1lis teljes\u00edtm\u00e9nye csak 30 kW. Amikor mi gyorst\u00f6lt\u0151t haszn\u00e1ltunk, mindig el\u00e9rte ezt az \u00edg\u00e9rt t\u00f6lt\u00e9si sebess\u00e9get, \u00e9s hivatalosan egy 20-r\u00f3l 80 sz\u00e1zal\u00e9kig t\u00f6rt\u00e9n\u0151 t\u00f6lt\u00e9s k\u00f6r\u00fclbel\u00fcl 45 percet vesz ig\u00e9nybe.<\/p>\n<p>Ha valaki sp\u00f3rolni szeretne az energi\u00e1val a hidegebb napokon, akkor van lehet\u0151s\u00e9g arra, hogy el\u0151re felf\u0171tse az aut\u00f3t, mik\u00f6zben az m\u00e9g t\u00f6lt\u0151re van csatlakoztatva. Azonban, ahogyan az az \u00e1rkateg\u00f3ri\u00e1b\u00f3l sejthet\u0151, az aut\u00f3 nem rendelkezik h\u0151szivatty\u00faval, amely hat\u00e9konyabban \u00e9s energiatakar\u00e9kosabban tudn\u00e1 meleg\u00edteni az utasteret an\u00e9lk\u00fcl, hogy jelent\u0151sen megterheln\u00e9 a hajt\u00e1sra haszn\u00e1lt akkumul\u00e1tort a hideg id\u0151szakokban.<\/p>\n","protected":false},"excerpt":{"rendered":"<p>Szandi mindig is szenved\u00e9lyesen szerette a sportot, \u00e9s ez a mindennapjaiban is megmutatkozott. Az \u00e9nekesn\u0151 \u00e9s fitt anyuka rendszeresen edz,&#8230; <span class=\"gridview-grid-post-read-more\"><a href=\"https:\/\/matrend.hu\/nekedinfo\/komaba-esett-szandi-hatalmas-a-drama\/\">read more<span class=\"gridview-sr-only\"> K\u00f3m\u00e1ba esett Szandi HATALMAS A DR\u00c1MA!<\/span><\/a><\/span><\/p>\n","protected":false},"author":1,"featured_media":3811,"comment_status":"open","ping_status":"open","sticky":false,"template":"","format":"standard","meta":{"footnotes":""},"categories":[1],"tags":[],"class_list":["post-3810","post","type-post","status-publish","format-standard","has-post-thumbnail","hentry","category-egyeb","wpcat-1-id"],"_links":{"self":[{"href":"https:\/\/matrend.hu\/nekedinfo\/wp-json\/wp\/v2\/posts\/3810","targetHints":{"allow":["GET"]}}],"collection":[{"href":"https:\/\/matrend.hu\/nekedinfo\/wp-json\/wp\/v2\/posts"}],"about":[{"href":"https:\/\/matrend.hu\/nekedinfo\/wp-json\/wp\/v2\/types\/post"}],"author":[{"embeddable":true,"href":"https:\/\/matrend.hu\/nekedinfo\/wp-json\/wp\/v2\/users\/1"}],"replies":[{"embeddable":true,"href":"https:\/\/matrend.hu\/nekedinfo\/wp-json\/wp\/v2\/comments?post=3810"}],"version-history":[{"count":1,"href":"https:\/\/matrend.hu\/nekedinfo\/wp-json\/wp\/v2\/posts\/3810\/revisions"}],"predecessor-version":[{"id":3812,"href":"https:\/\/matrend.hu\/nekedinfo\/wp-json\/wp\/v2\/posts\/3810\/revisions\/3812"}],"wp:featuredmedia":[{"embeddable":true,"href":"https:\/\/matrend.hu\/nekedinfo\/wp-json\/wp\/v2\/media\/3811"}],"wp:attachment":[{"href":"https:\/\/matrend.hu\/nekedinfo\/wp-json\/wp\/v2\/media?parent=3810"}],"wp:term":[{"taxonomy":"category","embeddable":true,"href":"https:\/\/matrend.hu\/nekedinfo\/wp-json\/wp\/v2\/categories?post=3810"},{"taxonomy":"post_tag","embeddable":true,"href":"https:\/\/matrend.hu\/nekedinfo\/wp-json\/wp\/v2\/tags?post=3810"}],"curies":[{"name":"wp","href":"https:\/\/api.w.org\/{rel}","templated":true}]}}