{"id":3816,"date":"2025-09-07T11:59:04","date_gmt":"2025-09-07T09:59:04","guid":{"rendered":"https:\/\/matrend.hu\/nekedinfo\/?p=3816"},"modified":"2025-09-07T11:59:04","modified_gmt":"2025-09-07T09:59:04","slug":"botrany-krausz-gabor-es-mikes-anna-eskuvojen","status":"publish","type":"post","link":"https:\/\/matrend.hu\/nekedinfo\/botrany-krausz-gabor-es-mikes-anna-eskuvojen\/","title":{"rendered":"Botr\u00e1ny Krausz G\u00e1bor \u00e9s Mikes Anna esk\u00fcv\u0151j\u00e9n!"},"content":{"rendered":"<h3>A lagzi sor\u00e1n t\u00f6bben is megh\u00f6kkent\u0151 m\u00f3don \u00f6sszekevert\u00e9k az \u00fajdons\u00fclt feles\u00e9get egy eg\u00e9szen m\u00e1s h\u00edress\u00e9ggel. Tan\u00fak szerint valakik \u2013 akik egyesek szerint m\u00e9g megh\u00edv\u00f3t sem kaptak \u2013 hangosan, t\u00f6bb alkalommal is T\u00f3th Gabinak sz\u00f3l\u00edtott\u00e1k Ann\u00e1t! A botr\u00e1nyos megsz\u00f3lal\u00e1sok pillanatok alatt fesz\u00fclts\u00e9get keltettek: volt, aki nevetni pr\u00f3b\u00e1lt rajta, m\u00e1sok viszont l\u00e1tv\u00e1nyosan kellemetlen\u00fcl \u00e9rezt\u00e9k magukat.<br \/>\nKIK VOLTAK \u0150K? MUTATJUK!<\/h3>\n<h3><span style=\"color: #ff0000;\"><strong>A h\u00edr nem \u00e9rt v\u00e9get! Folytat\u00e1shoz haszn\u00e1ld a K\u00d6VETKEZ\u0150 OLDAL gombot!<\/strong><\/span><\/h3>\n<h3 style=\"text-align: right;\"><a href=\"https:\/\/matrend.hu\/maitrend\/?p=3818\" target=\"_blank\" rel=\"noopener\"><span style=\"color: #ff0000;\">&#8212;&gt;&gt; K\u00d6VETKEZ\u0150 OLDAL<\/span><\/a><\/h3>\n<p>&#8211;<\/p>\n<p>Motork\u00edn\u00e1lata h\u00e1romf\u00e9le: egy 2,2 literes CRDi d\u00edzelmotor nyolcfokozat\u00fa duplakuplungos automata v\u00e1lt\u00f3val, egy 1,6 literes teljes hibrid hajt\u00e1sl\u00e1nc hatfokozat\u00fa automat\u00e1val, valamint egy plug-in hibrid verzi\u00f3, amely szint\u00e9n a 1,6 literes motort haszn\u00e1lja, de nagyobb, 13,8 kWh-s akkumul\u00e1torral rendelkezik, \u00edgy ak\u00e1r 56 kilom\u00e9tert is k\u00e9pes tiszt\u00e1n elektromos \u00fczemben megtenni. Minden v\u00e1ltozat \u00f6sszker\u00e9khajt\u00e1ssal k\u00e9sz\u00fcl.<\/p>\n<p>A Sorento versenyt\u00e1rsai k\u00f6z\u00f6tt eml\u00edthetj\u00fck a Skoda Kodiaqot, a SEAT Tarrac\u00f3t, a Peugeot 5008-at, valamint a Hyundai Santa Fe-t \u00e9s a Nissan X-Trailt, amelyet kor\u00e1bban k\u00f6zvetlen\u00fcl is \u00f6sszehasonl\u00edtottak a Kia modellj\u00e9vel. \u00c1rban a Land Rover Discovery Sport k\u00f6zelebb \u00e1ll hozz\u00e1, mint a nagyobb Discovery.<\/p>\n<p>Annak ellen\u00e9re, hogy egy nagy SUV-r\u00f3l van sz\u00f3, a Sorento meglep\u0151en k\u00e9nyelmes \u00e9s kultur\u00e1lt fut\u00e1s\u00fa aut\u00f3. A f\u00fcggetlen felf\u00fcggeszt\u00e9snek \u00e9s a kor\u00e1bbin\u00e1l 35 mm-rel hosszabb tengelyt\u00e1vnak k\u00f6sz\u00f6nhet\u0151en a rug\u00f3z\u00e1s kellemes, b\u00e1r rosszabb \u00faton n\u00e9ha \u00e9rz\u0151dik egy-egy \u00fct\u00e9s. Nagy fekv\u0151rend\u0151r\u00f6k eset\u00e9n is megmutatkozik, mennyire l\u00e1gy az els\u0151 fut\u00f3m\u0171, \u00e9s \u00e9les kanyarokban is ez v\u00e1lik nyilv\u00e1nval\u00f3v\u00e1.<\/p>\n<p>Ennek ellen\u00e9re az aut\u00f3 j\u00f3l kontroll\u00e1lhat\u00f3, stabil \u00e9s magabiztos viselked\u00e9st mutat, m\u00e9g nagy sebess\u00e9gn\u00e9l vagy s\u00fallyal megpakolt \u00e1llapotban is. A korm\u00e1nyz\u00e1s ugyan kiss\u00e9 steril \u00e9rzet\u0171, de a vezet\u00e9si \u00e9lm\u00e9ny \u00f6sszess\u00e9g\u00e9ben megfelel\u0151 ebben a kateg\u00f3ri\u00e1ban.<\/p>\n<p>A Nissan X-Trailhez k\u00e9pest a Sorento nehezebbnek \u00e9rz\u0151dik, nehezebben man\u0151verezhet\u0151 sz\u0171k helyeken, \u00e9s a fut\u00f3m\u0171ve is kem\u00e9nyebb. Az aut\u00f3p\u00e1ly\u00e1s temp\u00f3n\u00e1l tapasztalt sz\u00e9lzajhoz a nagy visszapillant\u00f3 t\u00fckr\u00f6k is hozz\u00e1j\u00e1rulhatnak, b\u00e1r azok remek kil\u00e1t\u00e1st biztos\u00edtanak.<\/p>\n","protected":false},"excerpt":{"rendered":"<p>A lagzi sor\u00e1n t\u00f6bben is megh\u00f6kkent\u0151 m\u00f3don \u00f6sszekevert\u00e9k az \u00fajdons\u00fclt feles\u00e9get egy eg\u00e9szen m\u00e1s h\u00edress\u00e9ggel. Tan\u00fak szerint valakik \u2013 akik&#8230; <span class=\"gridview-grid-post-read-more\"><a href=\"https:\/\/matrend.hu\/nekedinfo\/botrany-krausz-gabor-es-mikes-anna-eskuvojen\/\">read more<span class=\"gridview-sr-only\"> Botr\u00e1ny Krausz G\u00e1bor \u00e9s Mikes Anna esk\u00fcv\u0151j\u00e9n!<\/span><\/a><\/span><\/p>\n","protected":false},"author":1,"featured_media":3817,"comment_status":"open","ping_status":"open","sticky":false,"template":"","format":"standard","meta":{"footnotes":""},"categories":[1],"tags":[],"class_list":["post-3816","post","type-post","status-publish","format-standard","has-post-thumbnail","hentry","category-egyeb","wpcat-1-id"],"_links":{"self":[{"href":"https:\/\/matrend.hu\/nekedinfo\/wp-json\/wp\/v2\/posts\/3816","targetHints":{"allow":["GET"]}}],"collection":[{"href":"https:\/\/matrend.hu\/nekedinfo\/wp-json\/wp\/v2\/posts"}],"about":[{"href":"https:\/\/matrend.hu\/nekedinfo\/wp-json\/wp\/v2\/types\/post"}],"author":[{"embeddable":true,"href":"https:\/\/matrend.hu\/nekedinfo\/wp-json\/wp\/v2\/users\/1"}],"replies":[{"embeddable":true,"href":"https:\/\/matrend.hu\/nekedinfo\/wp-json\/wp\/v2\/comments?post=3816"}],"version-history":[{"count":1,"href":"https:\/\/matrend.hu\/nekedinfo\/wp-json\/wp\/v2\/posts\/3816\/revisions"}],"predecessor-version":[{"id":3818,"href":"https:\/\/matrend.hu\/nekedinfo\/wp-json\/wp\/v2\/posts\/3816\/revisions\/3818"}],"wp:featuredmedia":[{"embeddable":true,"href":"https:\/\/matrend.hu\/nekedinfo\/wp-json\/wp\/v2\/media\/3817"}],"wp:attachment":[{"href":"https:\/\/matrend.hu\/nekedinfo\/wp-json\/wp\/v2\/media?parent=3816"}],"wp:term":[{"taxonomy":"category","embeddable":true,"href":"https:\/\/matrend.hu\/nekedinfo\/wp-json\/wp\/v2\/categories?post=3816"},{"taxonomy":"post_tag","embeddable":true,"href":"https:\/\/matrend.hu\/nekedinfo\/wp-json\/wp\/v2\/tags?post=3816"}],"curies":[{"name":"wp","href":"https:\/\/api.w.org\/{rel}","templated":true}]}}