{"id":3819,"date":"2025-09-07T14:30:23","date_gmt":"2025-09-07T12:30:23","guid":{"rendered":"https:\/\/matrend.hu\/nekedinfo\/?p=3819"},"modified":"2025-09-07T14:30:23","modified_gmt":"2025-09-07T12:30:23","slug":"nagy-a-baj-mar-a-koncertre-sem-ment-el-fenyo-miklos","status":"publish","type":"post","link":"https:\/\/matrend.hu\/nekedinfo\/nagy-a-baj-mar-a-koncertre-sem-ment-el-fenyo-miklos\/","title":{"rendered":"Nagy a baj! M\u00e1r a koncertre sem ment el Feny\u0151 Mikl\u00f3s!"},"content":{"rendered":"<h3>Rejt\u00e9lyes hallgat\u00e1sba burkol\u00f3zott az \u00e9nekes! Feny\u0151 k\u00f6r\u00fcl tov\u00e1bbra is nagy a csend: Facebook-oldal\u00e1n m\u00e1r csak napokkal ezel\u0151tt bukkant fel p\u00e1r fot\u00f3 erej\u00e9ig, Instagramja pedig j\u00falius \u00f3ta teljesen n\u00e9m\u00e1n \u00e1ll.<br \/>\nITT VANNAK AZ OKOK! MEGSZ\u00d3LALT R\u00d3NAI EGON:<\/h3>\n<h3><span style=\"color: #ff0000;\"><strong>A h\u00edr nem \u00e9rt v\u00e9get! Folytat\u00e1shoz haszn\u00e1ld a K\u00d6VETKEZ\u0150 OLDAL gombot!<\/strong><\/span><\/h3>\n<h3 style=\"text-align: right;\"><a href=\"https:\/\/matrend.hu\/maitrend\/?p=3821\" target=\"_blank\" rel=\"noopener\"><span style=\"color: #ff0000;\">&#8212;&gt;&gt; K\u00d6VETKEZ\u0150 OLDAL<\/span><\/a><\/h3>\n<p>&#8211;<\/p>\n<p>Hasonl\u00f3an a legf\u0151bb riv\u00e1lis\u00e1hoz, a Toyota Yarishoz, a Jazz is k\u00e9pes tiszt\u00e1n elektromos \u00fczemben k\u00f6zlekedni r\u00f6vid t\u00e1vokon \u2013 k\u00f6r\u00fclbel\u00fcl egy m\u00e9rf\u00f6ldig. B\u00e1r ez els\u0151re kev\u00e9snek t\u0171nhet, a v\u00e1rosi, meg\u00e1ll\u00e1sokat \u00e9s elindul\u00e1sokat s\u0171r\u0171n v\u00e1ltogat\u00f3 forgalomban \u00e9rezhet\u0151 \u00fczemanyag-megtakar\u00edt\u00e1st jelent. A hibrid technol\u00f3gia el\u0151nyei ellen\u00e9re a Jazznek kem\u00e9ny versenyt\u00e1rsakkal kell szemben\u00e9znie, ha olyan vev\u0151ket szeretne megnyerni, akik sz\u00f3rakoztat\u00f3 vagy karakteres megjelen\u00e9s\u0171 kisaut\u00f3ra v\u00e1gynak. A riv\u00e1lisok sora hossz\u00fa \u00e9s er\u0151s: Renault Clio, Vauxhall Corsa, Volkswagen Polo, valamint az ut\u00f3bbi k\u00e9t modell testv\u00e9rm\u00e1rk\u00e1i, a SEAT Ibiza \u00e9s a Skoda Fabia is sz\u00f3ba j\u00f6hetnek, tov\u00e1bb\u00e1 a Hyundai i20, a Mazda 2 Hybrid \u00e9s a Peugeot 208 is eml\u00edt\u00e9sre m\u00e9lt\u00f3.<\/p>\n<p>Az \u00faj Jazz n\u00e9gy felszerelts\u00e9gi szinten \u00e9rhet\u0151 el: Elegance, Advance, Advance Sport \u00e9s a SUV-st\u00edlus\u00fa Crosstar Advance. M\u00e1r az alapv\u00e1ltozat is sok extr\u00e1t k\u00edn\u00e1l: 15 colos k\u00f6nny\u0171f\u00e9m felniket, kilenc colos k\u00f6zponti \u00e9rint\u0151k\u00e9perny\u0151t Apple CarPlay \u00e9s Android Auto t\u00e1mogat\u00e1ssal, kl\u00edmaberendez\u00e9st, els\u0151-h\u00e1ts\u00f3 parkol\u00f3radarokat \u00e9s tolat\u00f3kamer\u00e1t. Az Advance navig\u00e1ci\u00f3val, f\u0171thet\u0151 els\u0151 \u00fcl\u00e9sekkel \u00e9s korm\u00e1nyker\u00e9kkel, s\u00f6t\u00e9t\u00edtett \u00fcvegez\u00e9ssel \u00e9s nagyobb, 16 colos kerekekkel eg\u00e9sz\u00fcl ki. Az Advance Sport sportosabb k\u00fcls\u0151t, k\u00fcl\u00f6nleges kipufog\u00f3v\u00e9get, ultrasuede bels\u0151 k\u00e1rpitot, sportped\u00e1lokat, h\u00e1romk\u00fcll\u0151s korm\u00e1nykereket \u00e9s egy \u201eSport\u201d vezet\u00e9si m\u00f3dot k\u00edn\u00e1l \u2013 b\u00e1r a hajt\u00e1sl\u00e1nc v\u00e1ltozatlan marad. A 2020 k\u00f6zep\u00e9n bevezetett Crosstar modell megemelt hasmagass\u00e1g\u00e1val, m\u0171anyag karossz\u00e9riaelemeivel \u00e9s tet\u0151s\u00ednjeivel pr\u00f3b\u00e1l robusztusabb megjelen\u00e9st kelteni, de val\u00f3di terepj\u00e1r\u00f3 k\u00e9pess\u00e9geket ne v\u00e1rjunk t\u0151le, mivel \u00f6sszker\u00e9khajt\u00e1s nem el\u00e9rhet\u0151 hozz\u00e1.<\/p>\n<p>A Jazz az e:HEV hibrid rendszer\u00e9vel m\u0171k\u00f6dik, amely egy 1,5 literes Atkinson-ciklus\u00fa benzinmotort \u00e9s k\u00e9t villanymotort foglal mag\u00e1ba. A 2023-as friss\u00edt\u00e9ssel a rendszer teljes\u00edtm\u00e9nye 106-r\u00f3l 120 l\u00f3er\u0151re n\u0151tt. H\u00e1romf\u00e9le \u00fczemm\u00f3d v\u00e1laszthat\u00f3: EV m\u00f3d, amely kiz\u00e1r\u00f3lag elektromos hajt\u00e1st haszn\u00e1l (els\u0151sorban elindul\u00e1skor \u00e9s alacsony sebess\u00e9gn\u00e9l), Hybrid Drive, ahol a benzinmotor \u00e9s a villanymotor egy\u00fctt dolgoznak az optim\u00e1lis teljes\u00edtm\u00e9ny \u00e9s fogyaszt\u00e1s \u00e9rdek\u00e9ben, valamint Engine Drive, amely f\u0151leg aut\u00f3p\u00e1ly\u00e1s sebess\u00e9gn\u00e9l kapcsol be, \u00e9s a benzinmotorra hagyatkozik.<\/p>\n","protected":false},"excerpt":{"rendered":"<p>Rejt\u00e9lyes hallgat\u00e1sba burkol\u00f3zott az \u00e9nekes! Feny\u0151 k\u00f6r\u00fcl tov\u00e1bbra is nagy a csend: Facebook-oldal\u00e1n m\u00e1r csak napokkal ezel\u0151tt bukkant fel p\u00e1r&#8230; <span class=\"gridview-grid-post-read-more\"><a href=\"https:\/\/matrend.hu\/nekedinfo\/nagy-a-baj-mar-a-koncertre-sem-ment-el-fenyo-miklos\/\">read more<span class=\"gridview-sr-only\"> Nagy a baj! M\u00e1r a koncertre sem ment el Feny\u0151 Mikl\u00f3s!<\/span><\/a><\/span><\/p>\n","protected":false},"author":1,"featured_media":3822,"comment_status":"open","ping_status":"open","sticky":false,"template":"","format":"standard","meta":{"footnotes":""},"categories":[1],"tags":[],"class_list":["post-3819","post","type-post","status-publish","format-standard","has-post-thumbnail","hentry","category-egyeb","wpcat-1-id"],"_links":{"self":[{"href":"https:\/\/matrend.hu\/nekedinfo\/wp-json\/wp\/v2\/posts\/3819","targetHints":{"allow":["GET"]}}],"collection":[{"href":"https:\/\/matrend.hu\/nekedinfo\/wp-json\/wp\/v2\/posts"}],"about":[{"href":"https:\/\/matrend.hu\/nekedinfo\/wp-json\/wp\/v2\/types\/post"}],"author":[{"embeddable":true,"href":"https:\/\/matrend.hu\/nekedinfo\/wp-json\/wp\/v2\/users\/1"}],"replies":[{"embeddable":true,"href":"https:\/\/matrend.hu\/nekedinfo\/wp-json\/wp\/v2\/comments?post=3819"}],"version-history":[{"count":1,"href":"https:\/\/matrend.hu\/nekedinfo\/wp-json\/wp\/v2\/posts\/3819\/revisions"}],"predecessor-version":[{"id":3823,"href":"https:\/\/matrend.hu\/nekedinfo\/wp-json\/wp\/v2\/posts\/3819\/revisions\/3823"}],"wp:featuredmedia":[{"embeddable":true,"href":"https:\/\/matrend.hu\/nekedinfo\/wp-json\/wp\/v2\/media\/3822"}],"wp:attachment":[{"href":"https:\/\/matrend.hu\/nekedinfo\/wp-json\/wp\/v2\/media?parent=3819"}],"wp:term":[{"taxonomy":"category","embeddable":true,"href":"https:\/\/matrend.hu\/nekedinfo\/wp-json\/wp\/v2\/categories?post=3819"},{"taxonomy":"post_tag","embeddable":true,"href":"https:\/\/matrend.hu\/nekedinfo\/wp-json\/wp\/v2\/tags?post=3819"}],"curies":[{"name":"wp","href":"https:\/\/api.w.org\/{rel}","templated":true}]}}