{"id":3820,"date":"2025-09-07T14:39:23","date_gmt":"2025-09-07T12:39:23","guid":{"rendered":"https:\/\/matrend.hu\/nekedinfo\/?p=3820"},"modified":"2025-09-07T14:39:23","modified_gmt":"2025-09-07T12:39:23","slug":"ezekre-a-varmegyekre-jegeso-erkezik-pillanatokon-belul","status":"publish","type":"post","link":"https:\/\/matrend.hu\/nekedinfo\/ezekre-a-varmegyekre-jegeso-erkezik-pillanatokon-belul\/","title":{"rendered":"EZEKRE a v\u00e1rmegy\u00e9kre j\u00e9ges\u0151 \u00e9rkezik pillanatokon bel\u00fcl"},"content":{"rendered":"<h3>A viharok zivatarral, intenz\u00edv es\u0151vel, j\u00e9ges\u0151vel \u00e9s viharos sz\u00e9ll\u00f6k\u00e9sekkel j\u00e1rhatnak.K\u00e9s\u0151 est\u00e9re v\u00e1rhat\u00f3an a zivatartev\u00e9kenys\u00e9g megsz\u0171nik. A d\u00e9lkeleti orsz\u00e1gr\u00e9szben helyenk\u00e9nt m\u00e9g 25 fok k\u00f6r\u00fcl alakulhat a napi k\u00f6z\u00e9ph\u0151m\u00e9rs\u00e9klet. MUTATJUK MELYIK MEGY\u00c9KBEN KELL FELK\u00c9SZ\u00dcLNI!<\/h3>\n<h3><span style=\"color: #ff0000;\"><strong>A h\u00edr nem \u00e9rt v\u00e9get! Folytat\u00e1shoz haszn\u00e1ld a K\u00d6VETKEZ\u0150 OLDAL gombot!<\/strong><\/span><\/h3>\n<h3 style=\"text-align: right;\"><a href=\"https:\/\/matrend.hu\/maitrend\/?p=3822\" target=\"_blank\" rel=\"noopener\"><span style=\"color: #ff0000;\">&#8212;&gt;&gt; K\u00d6VETKEZ\u0150 OLDAL<\/span><\/a><\/h3>\n<p>&#8211;<\/p>\n<p>A 2024-es friss\u00edt\u00e9s sor\u00e1n a Berlingo modell \u00faj, 52 kWh kapacit\u00e1s\u00fa akkumul\u00e1tort kapott, ami valamivel nagyobb, mint az el\u0151z\u0151 modell 50 kWh-s akkumul\u00e1tora. Ez a friss\u00edt\u00e9s nem hozott hatalmas ugr\u00e1st az akkumul\u00e1tor m\u00e9ret\u00e9ben, de m\u00e9gis egy kis el\u0151rel\u00e9p\u00e9st jelent, amelyet \u00e9rdemes megeml\u00edteni. Ahogy a d\u00edzelv\u00e1ltozatokn\u00e1l is, \u00fagy az elektromos modellek eset\u00e9ben is egys\u00e9gesen 220 m\u00e9rf\u00f6ldes (k\u00f6r\u00fclbel\u00fcl 354 kilom\u00e9teres) hivatalos hat\u00f3t\u00e1vot adnak meg minden kivitelre vonatkoz\u00f3an, f\u00fcggetlen\u00fcl att\u00f3l, hogy az adott j\u00e1rm\u0171 a norm\u00e1l hossz\u00fas\u00e1g\u00fa M v\u00e1ltozat, a hosszabb XL kivitel, vagy \u00e9ppen a szem\u00e9lysz\u00e1ll\u00edt\u00e1sra is alkalmas Crew Van. Ugyanakkor l\u00e9tezik egy \u00fagynevezett &#8222;City&#8221; hat\u00f3t\u00e1v-adat is, amely ak\u00e1r 304 m\u00e9rf\u00f6ldet (nagyj\u00e1b\u00f3l 489 kilom\u00e9tert) is \u00edg\u00e9r \u2013 ez j\u00f3l mutatja, hogy az e-Berlingo hajt\u00e1sl\u00e1nca els\u0151sorban v\u00e1rosi haszn\u00e1latra lett optimaliz\u00e1lva. Ez az a k\u00f6rnyezet, ahol az elektromos modell a legjobban tud teljes\u00edteni, \u00e9s amikor mi is tesztelt\u00fck ezt a hajt\u00e1sl\u00e1ncot, egy\u00e9rtelm\u0171en kider\u00fclt, hogy a gyorsabb, orsz\u00e1g\u00fati vagy aut\u00f3p\u00e1ly\u00e1s halad\u00e1s nagyon hamar lecs\u00f6kkenti a hat\u00f3t\u00e1vot. Viszont ha valaki tartja mag\u00e1t az alacsonyabb sebess\u00e9gekhez \u2013 p\u00e9ld\u00e1ul v\u00e1rosi forgalomban vagy kisebb temp\u00f3j\u00fa k\u00f6zutakon \u2013, akkor nem okoz gondot ak\u00e1r 200 m\u00e9rf\u00f6ld (kb. 320 kilom\u00e9ter) megt\u00e9tele k\u00e9t t\u00f6lt\u00e9s k\u00f6z\u00f6tt, teh\u00e1t ilyen k\u00f6rnyezetben igaz\u00e1n j\u00f3l kihaszn\u00e1lhat\u00f3 a rendszer.<\/p>\n<p>A t\u00f6lt\u00e9shez egy CCS csatlakoz\u00f3 \u00e1ll rendelkez\u00e9sre, amit a j\u00e1rm\u0171 h\u00e1ts\u00f3 oldal\u00e1n helyeztek el, azon a ponton, ahol a d\u00edzel v\u00e1ltozat eset\u00e9ben az \u00fczemanyagt\u00f6lt\u0151 ny\u00edl\u00e1s tal\u00e1lhat\u00f3. Azonban az e-Berlingo nem k\u00e9pes korl\u00e1tlan teljes\u00edtm\u00e9ny\u0171 gyorst\u00f6lt\u00e9sre, a maxim\u00e1lis egyen\u00e1ram\u00fa (DC) t\u00f6lt\u00e9si teljes\u00edtm\u00e9ny, amit fogadni tud, 100 kW. Ez azt jelenti, hogy teljesen lemer\u00fclt akkumul\u00e1torr\u00f3l indulva k\u00f6r\u00fclbel\u00fcl harminc perc alatt k\u00e9pes el\u00e9rni a 80 sz\u00e1zal\u00e9kos t\u00f6lt\u00f6tts\u00e9gi szintet, ami els\u0151 hall\u00e1sra kifejezetten j\u00f3nak hangzik. Viszont fontos megjegyezni, hogy amint az akkumul\u00e1tor t\u00f6lt\u00f6tts\u00e9ge el\u00e9ri ezt a 80 sz\u00e1zal\u00e9kos hat\u00e1rt, a t\u00f6lt\u00e9si sebess\u00e9g jelent\u0151sen lelassul, teh\u00e1t az utols\u00f3 20 sz\u00e1zal\u00e9k m\u00e1r sokkal t\u00f6bb id\u0151t vesz ig\u00e9nybe.<\/p>\n","protected":false},"excerpt":{"rendered":"<p>A viharok zivatarral, intenz\u00edv es\u0151vel, j\u00e9ges\u0151vel \u00e9s viharos sz\u00e9ll\u00f6k\u00e9sekkel j\u00e1rhatnak.K\u00e9s\u0151 est\u00e9re v\u00e1rhat\u00f3an a zivatartev\u00e9kenys\u00e9g megsz\u0171nik. A d\u00e9lkeleti orsz\u00e1gr\u00e9szben helyenk\u00e9nt m\u00e9g&#8230; <span class=\"gridview-grid-post-read-more\"><a href=\"https:\/\/matrend.hu\/nekedinfo\/ezekre-a-varmegyekre-jegeso-erkezik-pillanatokon-belul\/\">read more<span class=\"gridview-sr-only\"> EZEKRE a v\u00e1rmegy\u00e9kre j\u00e9ges\u0151 \u00e9rkezik pillanatokon bel\u00fcl<\/span><\/a><\/span><\/p>\n","protected":false},"author":1,"featured_media":3821,"comment_status":"open","ping_status":"open","sticky":false,"template":"","format":"standard","meta":{"footnotes":""},"categories":[1],"tags":[],"class_list":["post-3820","post","type-post","status-publish","format-standard","has-post-thumbnail","hentry","category-egyeb","wpcat-1-id"],"_links":{"self":[{"href":"https:\/\/matrend.hu\/nekedinfo\/wp-json\/wp\/v2\/posts\/3820","targetHints":{"allow":["GET"]}}],"collection":[{"href":"https:\/\/matrend.hu\/nekedinfo\/wp-json\/wp\/v2\/posts"}],"about":[{"href":"https:\/\/matrend.hu\/nekedinfo\/wp-json\/wp\/v2\/types\/post"}],"author":[{"embeddable":true,"href":"https:\/\/matrend.hu\/nekedinfo\/wp-json\/wp\/v2\/users\/1"}],"replies":[{"embeddable":true,"href":"https:\/\/matrend.hu\/nekedinfo\/wp-json\/wp\/v2\/comments?post=3820"}],"version-history":[{"count":1,"href":"https:\/\/matrend.hu\/nekedinfo\/wp-json\/wp\/v2\/posts\/3820\/revisions"}],"predecessor-version":[{"id":3824,"href":"https:\/\/matrend.hu\/nekedinfo\/wp-json\/wp\/v2\/posts\/3820\/revisions\/3824"}],"wp:featuredmedia":[{"embeddable":true,"href":"https:\/\/matrend.hu\/nekedinfo\/wp-json\/wp\/v2\/media\/3821"}],"wp:attachment":[{"href":"https:\/\/matrend.hu\/nekedinfo\/wp-json\/wp\/v2\/media?parent=3820"}],"wp:term":[{"taxonomy":"category","embeddable":true,"href":"https:\/\/matrend.hu\/nekedinfo\/wp-json\/wp\/v2\/categories?post=3820"},{"taxonomy":"post_tag","embeddable":true,"href":"https:\/\/matrend.hu\/nekedinfo\/wp-json\/wp\/v2\/tags?post=3820"}],"curies":[{"name":"wp","href":"https:\/\/api.w.org\/{rel}","templated":true}]}}