{"id":3828,"date":"2025-09-08T06:58:57","date_gmt":"2025-09-08T04:58:57","guid":{"rendered":"https:\/\/matrend.hu\/nekedinfo\/?p=3828"},"modified":"2025-09-08T06:58:57","modified_gmt":"2025-09-08T04:58:57","slug":"magyar-peter-kotcsen","status":"publish","type":"post","link":"https:\/\/matrend.hu\/nekedinfo\/magyar-peter-kotcsen\/","title":{"rendered":"Magyar P\u00e9ter K\u00f6tcs\u00e9n"},"content":{"rendered":"<h3>Az esem\u00e9nyen els\u0151k\u00e9nt Forsthoffer \u00c1gnes k\u00f6zgazd\u00e1sz \u00e9s turisztikai szakember mutatkozott be, aki a j\u00f6v\u0151ben a p\u00e1rt harmadik aleln\u00f6kek\u00e9nt dolgozik majd. Felsz\u00f3lal\u00e1s\u00e1ban a n\u0151i politikusok szerep\u00e9nek er\u0151s\u00edt\u00e9s\u00e9t hangs\u00falyozta, valamint a gazdas\u00e1gi stabilit\u00e1s fontoss\u00e1g\u00e1r\u00f3l besz\u00e9lt. K\u00e9s\u0151bb K\u00e1rm\u00e1n Andr\u00e1s k\u00f6zgazd\u00e1sz is sz\u00ednpadra l\u00e9pett, aki kor\u00e1bban \u00e1llamtitk\u00e1rk\u00e9nt, majd p\u00e9nz\u00fcgyi vezet\u0151k\u00e9nt dolgozott.<\/h3>\n<h3><span style=\"color: #ff0000;\"><strong>A h\u00edr nem \u00e9rt v\u00e9get! Folytat\u00e1shoz haszn\u00e1ld a K\u00d6VETKEZ\u0150 OLDAL gombot!<\/strong><\/span><\/h3>\n<h3 style=\"text-align: right;\"><a href=\"https:\/\/matrend.hu\/maitrend\/?p=3830\" target=\"_blank\" rel=\"noopener\"><span style=\"color: #ff0000;\">&#8212;&gt;&gt; K\u00d6VETKEZ\u0150 OLDAL<\/span><\/a><\/h3>\n<p>&#8211;<\/p>\n<p>A nagyobb teljes\u00edtm\u00e9ny\u0171 v\u00e1ltozat, a Renault Rafale E-Tech 4WD 300hp eset\u00e9ben a gy\u00e1rt\u00f3 v\u00e1ltoztatott a h\u00e1romhengeres motoron is: egy \u00faj turb\u00f3felt\u00f6lt\u0151t adtak hozz\u00e1, amelynek k\u00f6sz\u00f6nhet\u0151en a bels\u0151 \u00e9g\u00e9s\u0171 motor \u00f6nmag\u00e1ban is 148 l\u00f3er\u0151s lett, \u00e9s 230 newtonm\u00e9ter nyomat\u00e9kot ad le. Ehhez a rendszerhez tartozik m\u00e9g egy 69 l\u00f3er\u0151s elektromos motor az els\u0151 tengelyen, illetve egy m\u00e1sik, er\u0151sebb, 134 l\u00f3er\u0151s elektromos motor a h\u00e1ts\u00f3 tengelyen, amely a h\u00e1ts\u00f3 kerekeket hajtja meg. Ez ut\u00f3bbi komponens miatt ez a v\u00e1ltozat m\u00e1r \u00f6sszker\u00e9khajt\u00e1s\u00fa, ami dinamikusabb vezet\u00e9si \u00e9lm\u00e9nyt ny\u00fajt, k\u00fcl\u00f6n\u00f6sen cs\u00fasz\u00f3s vagy kanyarg\u00f3s utakon.<\/p>\n<p>V\u00e9g\u00fcl, a rendszer r\u00e9sze m\u00e9g egy harmadik, kisebb, 34 l\u00f3er\u0151s elektromos motor is, amely nem hajtja k\u00f6zvetlen\u00fcl az aut\u00f3t, hanem ind\u00edt\u00f3motork\u00e9nt \u00e9s gener\u00e1tork\u00e9nt szolg\u00e1l. Ez az elem a hatsebess\u00e9ges automata v\u00e1lt\u00f3val van \u00f6sszekapcsolva, \u00e9s fontos szerepe van a rendszer m\u0171k\u00f6d\u00e9s\u00e9nek finom\u00edt\u00e1s\u00e1ban \u00e9s az energiahat\u00e9konys\u00e1g optimaliz\u00e1l\u00e1s\u00e1ban. Ha az \u00f6sszes komponens teljes\u00edtm\u00e9ny\u00e9t \u00f6sszeadjuk, akkor a cs\u00facsv\u00e1ltozat eset\u00e9ben a rendszer \u00f6sszteljes\u00edtm\u00e9nye 296 l\u00f3er\u0151, ami jelent\u0151sen megn\u00f6veli az aut\u00f3 dinamik\u00e1j\u00e1t: ez a kivitel m\u00e1r csup\u00e1n 6,4 m\u00e1sodperc alatt \u00e9ri el a 100 km\/h sebess\u00e9get, ami sokkal \u00e9l\u00e9nkebb gyors\u00edt\u00e1st biztos\u00edt, mint a hibrid alapmodelln\u00e9l.<\/p>\n","protected":false},"excerpt":{"rendered":"<p>Az esem\u00e9nyen els\u0151k\u00e9nt Forsthoffer \u00c1gnes k\u00f6zgazd\u00e1sz \u00e9s turisztikai szakember mutatkozott be, aki a j\u00f6v\u0151ben a p\u00e1rt harmadik aleln\u00f6kek\u00e9nt dolgozik majd&#8230;. <span class=\"gridview-grid-post-read-more\"><a href=\"https:\/\/matrend.hu\/nekedinfo\/magyar-peter-kotcsen\/\">read more<span class=\"gridview-sr-only\"> Magyar P\u00e9ter K\u00f6tcs\u00e9n<\/span><\/a><\/span><\/p>\n","protected":false},"author":1,"featured_media":3829,"comment_status":"open","ping_status":"open","sticky":false,"template":"","format":"standard","meta":{"footnotes":""},"categories":[1],"tags":[],"class_list":["post-3828","post","type-post","status-publish","format-standard","has-post-thumbnail","hentry","category-egyeb","wpcat-1-id"],"_links":{"self":[{"href":"https:\/\/matrend.hu\/nekedinfo\/wp-json\/wp\/v2\/posts\/3828","targetHints":{"allow":["GET"]}}],"collection":[{"href":"https:\/\/matrend.hu\/nekedinfo\/wp-json\/wp\/v2\/posts"}],"about":[{"href":"https:\/\/matrend.hu\/nekedinfo\/wp-json\/wp\/v2\/types\/post"}],"author":[{"embeddable":true,"href":"https:\/\/matrend.hu\/nekedinfo\/wp-json\/wp\/v2\/users\/1"}],"replies":[{"embeddable":true,"href":"https:\/\/matrend.hu\/nekedinfo\/wp-json\/wp\/v2\/comments?post=3828"}],"version-history":[{"count":1,"href":"https:\/\/matrend.hu\/nekedinfo\/wp-json\/wp\/v2\/posts\/3828\/revisions"}],"predecessor-version":[{"id":3830,"href":"https:\/\/matrend.hu\/nekedinfo\/wp-json\/wp\/v2\/posts\/3828\/revisions\/3830"}],"wp:featuredmedia":[{"embeddable":true,"href":"https:\/\/matrend.hu\/nekedinfo\/wp-json\/wp\/v2\/media\/3829"}],"wp:attachment":[{"href":"https:\/\/matrend.hu\/nekedinfo\/wp-json\/wp\/v2\/media?parent=3828"}],"wp:term":[{"taxonomy":"category","embeddable":true,"href":"https:\/\/matrend.hu\/nekedinfo\/wp-json\/wp\/v2\/categories?post=3828"},{"taxonomy":"post_tag","embeddable":true,"href":"https:\/\/matrend.hu\/nekedinfo\/wp-json\/wp\/v2\/tags?post=3828"}],"curies":[{"name":"wp","href":"https:\/\/api.w.org\/{rel}","templated":true}]}}