{"id":3831,"date":"2025-09-08T15:34:13","date_gmt":"2025-09-08T13:34:13","guid":{"rendered":"https:\/\/matrend.hu\/nekedinfo\/?p=3831"},"modified":"2025-09-08T15:34:13","modified_gmt":"2025-09-08T13:34:13","slug":"eliteltek-jozsef-gazdat-36-evvel-fiatalabb-menyasszonya-miatt","status":"publish","type":"post","link":"https:\/\/matrend.hu\/nekedinfo\/eliteltek-jozsef-gazdat-36-evvel-fiatalabb-menyasszonya-miatt\/","title":{"rendered":"El\u00edt\u00e9lt\u00e9k J\u00f3zsef gazd\u00e1t 36 \u00e9vvel fiatalabb menyasszonya miatt!"},"content":{"rendered":"<h3>Egy 21 \u00e9ves, ny\u00edregyh\u00e1zi l\u00e1nyba szeretett bele, akit id\u00e9n m\u00e1rciusban ismert meg, \u00e9s a kapcsolatuk olyan gyors \u00fctemben fejl\u0151d\u00f6tt, hogy szinte azonnal meg is k\u00e9rte a kez\u00e9t. \u00cdgy kit\u0171zt\u00e9k az esk\u00fcv\u0151j\u00fck d\u00e1tum\u00e1t. Azonban v\u00e1ratlan fordulat k\u00f6vetkezett be!<br \/>\nMUTATJUK A DR\u00c1MAI ESETET:<\/h3>\n<h3><span style=\"color: #ff0000;\"><strong>A h\u00edr nem \u00e9rt v\u00e9get! Folytat\u00e1shoz haszn\u00e1ld a K\u00d6VETKEZ\u0150 OLDAL gombot!<\/strong><\/span><\/h3>\n<h3 style=\"text-align: right;\"><a href=\"https:\/\/matrend.hu\/maitrend\/?p=3833\" target=\"_blank\" rel=\"noopener\"><span style=\"color: #ff0000;\">&#8212;&gt;&gt; K\u00d6VETKEZ\u0150 OLDAL<\/span><\/a><\/h3>\n<p>&#8211;<\/p>\n<p>A Swace egyetlen motorral kaphat\u00f3, ami ugyan nem \u00edg\u00e9r sportos vezet\u00e9si \u00e9lm\u00e9nyt, de v\u00e1rosi k\u00f6zleked\u00e9shez b\u0151ven elegend\u0151. A benzinmotor 102 l\u00f3er\u0151t \u00e9s 142 Nm nyomat\u00e9kot ad le, ezt eg\u00e9sz\u00edti ki egy 94 l\u00f3er\u0151s villanymotor, ami \u00edgy \u00f6sszesen 138 l\u00f3er\u0151s teljes\u00edtm\u00e9nyt eredm\u00e9nyez. Van lehet\u0151s\u00e9g teljesen elektromos \u00fczemm\u00f3dra is v\u00e1ltani, de ez csak n\u00e9h\u00e1ny kilom\u00e9terre el\u00e9g, miel\u0151tt a benzinmotor \u00fajra bekapcsolna. A rendszer legink\u00e1bb v\u00e1rosban m\u0171k\u00f6dik hat\u00e9konyan, ahol a regenerat\u00edv f\u00e9kez\u00e9s seg\u00edti az akkumul\u00e1tor t\u00f6lt\u00e9s\u00e9t \u00e9s a fogyaszt\u00e1s cs\u00f6kkent\u00e9s\u00e9t.<\/p>\n<p>Nagy sebess\u00e9gn\u00e9l m\u00e1r kev\u00e9sb\u00e9 meggy\u0151z\u0151 a Swace teljes\u00edtm\u00e9nye, a CVT v\u00e1lt\u00f3 r\u00e1ad\u00e1sul hajlamos egy monoton, ny\u00fajtott motorhangot produk\u00e1lni, ami zavar\u00f3 lehet. Vannak, akik szerint hiba volt, hogy a Suzuki nem k\u00edn\u00e1lja a Corolla 2,0 literes, er\u0151sebb hibrid hajt\u00e1sl\u00e1nc\u00e1t. A Swace teh\u00e1t nem sportaut\u00f3, de kellemes vezet\u00e9si \u00e9lm\u00e9nyt, k\u00e9nyelmes rug\u00f3z\u00e1st \u00e9s j\u00f3 \u00f6sszhangot ny\u00fajt a mindennapokban.<\/p>\n<p>Gyorsul\u00e1sa 0-r\u00f3l 100 km\/h-ra 9,4 m\u00e1sodperc, v\u00e9gsebess\u00e9ge pedig 180 km\/h. A Corolla 2,0 literes v\u00e1ltozata 193 l\u00f3er\u0151t k\u00edn\u00e1l, gyorsul\u00e1sa 7,4 m\u00e1sodperc, de v\u00e9gsebess\u00e9ge egy hajsz\u00e1llal alacsonyabb, 178 km\/h.<\/p>\n<p>A Swace gazdas\u00e1goss\u00e1ga kiemelked\u0151: a WLTP szabv\u00e1ny szerint ak\u00e1r 4,5 literes fogyaszt\u00e1s (62,7 mpg) is el\u00e9rhet\u0151. Saj\u00e1t teszt\u00fcnk sor\u00e1n ezt az \u00e9rt\u00e9ket siker\u00fclt is megk\u00f6zel\u00edteni \u00f3vatos vezet\u00e9ssel, b\u00e1r aut\u00f3p\u00e1ly\u00e1n ez v\u00e1rhat\u00f3an n\u00f6vekszik. V\u00e1rosi k\u00f6rnyezetben viszont a hibrid rendszer el\u0151nyei jobban \u00e9rv\u00e9nyes\u00fclnek. A hivatalos sz\u00e9n-dioxid-kibocs\u00e1t\u00e1s 102 g\/km, ami 25%-os c\u00e9ges ad\u00f3kulcsot jelent. Ez ugyan magasabb, mint egy tiszt\u00e1n elektromos aut\u00f3n\u00e1l, de azoknak, akik nem szeretn\u00e9nek a t\u00f6lt\u00e9ssel bajl\u00f3dni, m\u00e9gis k\u00f6rnyezetk\u00edm\u00e9l\u0151 megold\u00e1st keresnek, j\u00f3 alternat\u00edva lehet.<\/p>\n","protected":false},"excerpt":{"rendered":"<p>Egy 21 \u00e9ves, ny\u00edregyh\u00e1zi l\u00e1nyba szeretett bele, akit id\u00e9n m\u00e1rciusban ismert meg, \u00e9s a kapcsolatuk olyan gyors \u00fctemben fejl\u0151d\u00f6tt, hogy&#8230; <span class=\"gridview-grid-post-read-more\"><a href=\"https:\/\/matrend.hu\/nekedinfo\/eliteltek-jozsef-gazdat-36-evvel-fiatalabb-menyasszonya-miatt\/\">read more<span class=\"gridview-sr-only\"> El\u00edt\u00e9lt\u00e9k J\u00f3zsef gazd\u00e1t 36 \u00e9vvel fiatalabb menyasszonya miatt!<\/span><\/a><\/span><\/p>\n","protected":false},"author":1,"featured_media":3832,"comment_status":"open","ping_status":"open","sticky":false,"template":"","format":"standard","meta":{"footnotes":""},"categories":[1],"tags":[],"class_list":["post-3831","post","type-post","status-publish","format-standard","has-post-thumbnail","hentry","category-egyeb","wpcat-1-id"],"_links":{"self":[{"href":"https:\/\/matrend.hu\/nekedinfo\/wp-json\/wp\/v2\/posts\/3831","targetHints":{"allow":["GET"]}}],"collection":[{"href":"https:\/\/matrend.hu\/nekedinfo\/wp-json\/wp\/v2\/posts"}],"about":[{"href":"https:\/\/matrend.hu\/nekedinfo\/wp-json\/wp\/v2\/types\/post"}],"author":[{"embeddable":true,"href":"https:\/\/matrend.hu\/nekedinfo\/wp-json\/wp\/v2\/users\/1"}],"replies":[{"embeddable":true,"href":"https:\/\/matrend.hu\/nekedinfo\/wp-json\/wp\/v2\/comments?post=3831"}],"version-history":[{"count":1,"href":"https:\/\/matrend.hu\/nekedinfo\/wp-json\/wp\/v2\/posts\/3831\/revisions"}],"predecessor-version":[{"id":3833,"href":"https:\/\/matrend.hu\/nekedinfo\/wp-json\/wp\/v2\/posts\/3831\/revisions\/3833"}],"wp:featuredmedia":[{"embeddable":true,"href":"https:\/\/matrend.hu\/nekedinfo\/wp-json\/wp\/v2\/media\/3832"}],"wp:attachment":[{"href":"https:\/\/matrend.hu\/nekedinfo\/wp-json\/wp\/v2\/media?parent=3831"}],"wp:term":[{"taxonomy":"category","embeddable":true,"href":"https:\/\/matrend.hu\/nekedinfo\/wp-json\/wp\/v2\/categories?post=3831"},{"taxonomy":"post_tag","embeddable":true,"href":"https:\/\/matrend.hu\/nekedinfo\/wp-json\/wp\/v2\/tags?post=3831"}],"curies":[{"name":"wp","href":"https:\/\/api.w.org\/{rel}","templated":true}]}}