{"id":3837,"date":"2025-09-08T16:49:05","date_gmt":"2025-09-08T14:49:05","guid":{"rendered":"https:\/\/matrend.hu\/nekedinfo\/?p=3837"},"modified":"2025-09-08T16:49:05","modified_gmt":"2025-09-08T14:49:05","slug":"az-imadott-sztarral-vegeztek-a-bulinegyedben","status":"publish","type":"post","link":"https:\/\/matrend.hu\/nekedinfo\/az-imadott-sztarral-vegeztek-a-bulinegyedben\/","title":{"rendered":"Az im\u00e1dott szt\u00e1rral v\u00e9geztek a bulinegyedben!"},"content":{"rendered":"<h3>A ment\u0151k hajnali n\u00e9gy ut\u00e1n \u00e9rkeztek a lak\u00e1shoz, azonban a f\u00e9rfin m\u00e1r nem lehetett seg\u00edteni. Bar\u00e1tja nem menek\u00fclt el a helysz\u00ednr\u0151l, a t\u00e1rs\u00e1t lesz\/\u00far\u00f3 f\u00e9rfit a h\/ltt\/st mellett, a helysz\u00ednen fogt\u00e1k el: Hajnali h\u00e1rom k\u00f6r\u00fcl veszeked\u00e9st, majd vereked\u00e9st hallottak szomsz\u00e9dok, azt\u00e1n pedig t\u00f6rtek-z\u00faztak. Ut\u00e1na hirtelen csend lett. A Rditr h\u00edrei szerint az \u00e9let\u00e9t vesztett f\u00e9rfi haz\u00e1j\u00e1ban val\u00f3di szt\u00e1r, a k\u00f6z\u00f6ss\u00e9gia m\u00e9di\u00e1b\u00f3l ismert.<br \/>\n\u00cdGY T\u00d6RT\u00c9NT AZ ESET:<\/h3>\n<h3><span style=\"color: #ff0000;\"><strong>A h\u00edr nem \u00e9rt v\u00e9get! Folytat\u00e1shoz haszn\u00e1ld a K\u00d6VETKEZ\u0150 OLDAL gombot!<\/strong><\/span><\/h3>\n<h3 style=\"text-align: right;\"><a href=\"https:\/\/matrend.hu\/maitrend\/?p=3839\" target=\"_blank\" rel=\"noopener\"><span style=\"color: #ff0000;\">&#8212;&gt;&gt; K\u00d6VETKEZ\u0150 OLDAL<\/span><\/a><\/h3>\n<p>&#8211;<\/p>\n<p>A felniopci\u00f3k sz\u00e9les sk\u00e1l\u00e1n mozognak, 18\u2011t\u00f3l 21 colig, a felszerelts\u00e9gt\u0151l f\u00fcgg\u0151en. A k\u00fcls\u0151 sz\u00ednek jellemz\u0151en ez\u00fcst, sz\u00fcrke, fekete palett\u00e1n mozognak, kiv\u00e9ve p\u00e9ld\u00e1ul a k\u00fcl\u00f6nleges Corinthian Bronze \u00e1rnyalatot. Az alap Fuji feh\u00e9r fest\u00e9k d\u00edjmentes, a f\u00e9mes sz\u00ednek 705 fontba, a pr\u00e9mium met\u00e1l f\u00e9nyez\u00e9s 970 fontba ker\u00fcl, a kontraszt tet\u0151 pedig 650 font fel\u00e1rat jelent.<\/p>\n<p>Az utast\u00e9rben is a Range Rover\u2011csal\u00e1d m\u00e1s modelljeib\u0151l mer\u00edtenek: min\u0151s\u00e9gi anyagok, letisztult design \u00e9s modern infotainment jellemzi. Az \u00f6sszmin\u0151s\u00e9g jelent\u0151s el\u0151rel\u00e9p\u00e9st mutat, m\u00e1r az Audi Q3 \u00e9s BMW X2 egy szintj\u00e9n van, \u00e9s kev\u00e9sb\u00e9 luxusf\u00f3kusz\u00fa vet\u00e9lyt\u00e1rsain\u00e1l (p\u00e9ld\u00e1ul Volvo XC40\u2011n\u00e9l) n\u00e9mileg el\u0151r\u00e9bb tart. Azonban a kor\u00e1bbi k\u00fcl\u00f6n kijelz\u0151t \u00e9s forgat\u00f3gombokat felv\u00e1ltotta a nagy, 11,4\u2011collos \u00e9rint\u0151k\u00e9perny\u0151, hasonl\u00f3an a Volvo XC40\u2011hez, amely \u2013 b\u00e1r modern \u2013 elvesz\u00edtett egy, a haszn\u00e1lhat\u00f3s\u00e1got seg\u00edt\u0151 k\u00fcl\u00f6n r\u00e9teget: most m\u00e1r a l\u00e9gkondicion\u00e1l\u00e1s \u00e9s az \u00fcl\u00e9sek f\u0171t\u00e9s\u00e9nek vez\u00e9rl\u00e9se is csak a k\u00e9perny\u0151b\u0151l \u00e9rhet\u0151 el.<\/p>\n<p>Az egy\u00e9ni ig\u00e9nyekhez val\u00f3 igazod\u00e1s lehet\u0151s\u00e9ge b\u0151s\u00e9ges \u2013 k\u00fcl\u00f6nf\u00e9le sz\u00ednek, felszerelts\u00e9gi csomagok \u00e9s d\u00edsz\u00edt\u00e9sek \u00e1llnak rendelkez\u00e9sre \u2013, de ezek\u00e9rt jelent\u0151s fel\u00e1rat kell fizetni. Az 865 fontba ker\u00fcl\u0151 Convenience csomag p\u00e9ld\u00e1ul kulcs n\u00e9lk\u00fcli nyit\u00e1st, elektromos csomagt\u00e9rajt\u00f3t \u00e9s automatikus t\u00e1vf\u00e9nysz\u00f3r\u00f3t ad c\u00edmk\u00e9nt, m\u00edg a Comfort csomag UV- \u00e9s IR-v\u00e9delemmel ell\u00e1tott sz\u00e9lv\u00e9d\u0151t, kifinomultabb utast\u00e9r-sz\u0171r\u0151rendszert, h\u00e1ts\u00f3 l\u00e9gbe\u00f6ml\u0151t \u00e9s hangulatvil\u00e1g\u00edt\u00e1st k\u00edn\u00e1l.<\/p>\n","protected":false},"excerpt":{"rendered":"<p>A ment\u0151k hajnali n\u00e9gy ut\u00e1n \u00e9rkeztek a lak\u00e1shoz, azonban a f\u00e9rfin m\u00e1r nem lehetett seg\u00edteni. Bar\u00e1tja nem menek\u00fclt el a&#8230; <span class=\"gridview-grid-post-read-more\"><a href=\"https:\/\/matrend.hu\/nekedinfo\/az-imadott-sztarral-vegeztek-a-bulinegyedben\/\">read more<span class=\"gridview-sr-only\"> Az im\u00e1dott szt\u00e1rral v\u00e9geztek a bulinegyedben!<\/span><\/a><\/span><\/p>\n","protected":false},"author":1,"featured_media":3838,"comment_status":"open","ping_status":"open","sticky":false,"template":"","format":"standard","meta":{"footnotes":""},"categories":[1],"tags":[],"class_list":["post-3837","post","type-post","status-publish","format-standard","has-post-thumbnail","hentry","category-egyeb","wpcat-1-id"],"_links":{"self":[{"href":"https:\/\/matrend.hu\/nekedinfo\/wp-json\/wp\/v2\/posts\/3837","targetHints":{"allow":["GET"]}}],"collection":[{"href":"https:\/\/matrend.hu\/nekedinfo\/wp-json\/wp\/v2\/posts"}],"about":[{"href":"https:\/\/matrend.hu\/nekedinfo\/wp-json\/wp\/v2\/types\/post"}],"author":[{"embeddable":true,"href":"https:\/\/matrend.hu\/nekedinfo\/wp-json\/wp\/v2\/users\/1"}],"replies":[{"embeddable":true,"href":"https:\/\/matrend.hu\/nekedinfo\/wp-json\/wp\/v2\/comments?post=3837"}],"version-history":[{"count":1,"href":"https:\/\/matrend.hu\/nekedinfo\/wp-json\/wp\/v2\/posts\/3837\/revisions"}],"predecessor-version":[{"id":3839,"href":"https:\/\/matrend.hu\/nekedinfo\/wp-json\/wp\/v2\/posts\/3837\/revisions\/3839"}],"wp:featuredmedia":[{"embeddable":true,"href":"https:\/\/matrend.hu\/nekedinfo\/wp-json\/wp\/v2\/media\/3838"}],"wp:attachment":[{"href":"https:\/\/matrend.hu\/nekedinfo\/wp-json\/wp\/v2\/media?parent=3837"}],"wp:term":[{"taxonomy":"category","embeddable":true,"href":"https:\/\/matrend.hu\/nekedinfo\/wp-json\/wp\/v2\/categories?post=3837"},{"taxonomy":"post_tag","embeddable":true,"href":"https:\/\/matrend.hu\/nekedinfo\/wp-json\/wp\/v2\/tags?post=3837"}],"curies":[{"name":"wp","href":"https:\/\/api.w.org\/{rel}","templated":true}]}}