{"id":3840,"date":"2025-09-08T17:08:07","date_gmt":"2025-09-08T15:08:07","guid":{"rendered":"https:\/\/matrend.hu\/nekedinfo\/?p=3840"},"modified":"2025-09-08T17:08:07","modified_gmt":"2025-09-08T15:08:07","slug":"senki-sem-kivancsi-magyar-peterre-kotcsen","status":"publish","type":"post","link":"https:\/\/matrend.hu\/nekedinfo\/senki-sem-kivancsi-magyar-peterre-kotcsen\/","title":{"rendered":"Senki sem k\u00edv\u00e1ncsi Magyar P\u00e9terre K\u00f6tcs\u00e9n"},"content":{"rendered":"<h3>De\u00e1k D\u00e1niel dr\u00f3nfelv\u00e9tellel leplezte le, hogy alig n\u00e9h\u00e1nyan voltak k\u00edv\u00e1ncsiak Magyar P\u00e9terre K\u00f6tcs\u00e9n, amikor sz\u00ednpadra \u00e1llt. A XXI. Sz\u00e1zad Int\u00e9zet elemz\u0151je szerint a Tisza P\u00e1rt igyekszik eltitkolni, mekkora a val\u00f3s t\u00e1mogatotts\u00e1guk, ugyan\u00fagy, ahogy ad\u00f3terveiket is rejtegetik. A k\u00e9pek egy\u00e9rtelm\u0171en c\u00e1folj\u00e1k Magyar P\u00e9ter nagygy\u0171l\u00e9sr\u0151l sz\u00f3l\u00f3 narrat\u00edv\u00e1j\u00e1t.<\/h3>\n<h3><span style=\"color: #ff0000;\"><strong>A h\u00edr nem \u00e9rt v\u00e9get! Folytat\u00e1shoz haszn\u00e1ld a K\u00d6VETKEZ\u0150 OLDAL gombot!<\/strong><\/span><\/h3>\n<h3 style=\"text-align: right;\"><a href=\"https:\/\/matrend.hu\/maitrend\/?p=3842\" target=\"_blank\" rel=\"noopener\"><span style=\"color: #ff0000;\">&#8212;&gt;&gt; K\u00d6VETKEZ\u0150 OLDAL<\/span><\/a><\/h3>\n<p>&#8211;<\/p>\n<p>A CR-V regenerat\u00edv f\u00e9krendszere is k\u00fcl\u00f6n figyelmet \u00e9rdemel, mivel ez elt\u00e9r t\u00f6bb m\u00e1s hibrid aut\u00f3 megold\u00e1sait\u00f3l. A rendszer lehet\u0151s\u00e9get ad arra, hogy a vezet\u0151 a korm\u00e1ny m\u00f6g\u00f6tti v\u00e1lt\u00f3f\u00fclekkel szab\u00e1lyozza, milyen m\u00e9rt\u00e9kben lassuljon az aut\u00f3, amikor levessz\u00fck a l\u00e1bunkat a g\u00e1zped\u00e1lr\u00f3l. Ez a funkci\u00f3 nem olyan er\u0151s, mint p\u00e9ld\u00e1ul a Nissan \u201ee-Pedal\u201d rendszer\u00e9ben, ahol gyakorlatilag egy ped\u00e1llal lehet gyors\u00edtani \u00e9s lass\u00edtani is, de m\u00e9g \u00edgy is hasznos: p\u00e9ld\u00e1ul egy k\u00f6rforgalomhoz k\u00f6zeledve, vagy araszol\u00f3 forgalomban j\u00f3l haszn\u00e1lhat\u00f3 arra, hogy an\u00e9lk\u00fcl lass\u00edtsunk, hogy t\u00e9nylegesen f\u00e9kezni kellene. R\u00e1ad\u00e1sul k\u00f6zben visszanyerhet\u00fcnk n\u00e9mi energi\u00e1t is, amit az aut\u00f3 visszat\u00f6lt az akkumul\u00e1torba, ez pedig jav\u00edtja az \u00fczemanyag-fogyaszt\u00e1st hossz\u00fa t\u00e1von.<\/p>\n<p>A hagyom\u00e1nyos f\u00e9kek maguk is hat\u00e9konyak, azaz kell\u0151en er\u0151sek, \u00e9s a f\u00e9kped\u00e1l \u00e9rzete is megb\u00edzhat\u00f3 \u00e9s j\u00f3l adagolhat\u00f3. Ez az\u00e9rt k\u00fcl\u00f6n\u00f6sen fontos, mert \u00edgy k\u00f6nnyen lehet vele sim\u00e1n \u00e9s fokozatosan meg\u00e1llni, ami nemcsak a komfort, hanem a biztons\u00e1g szempontj\u00e1b\u00f3l is fontos szempont. \u00d6sszess\u00e9g\u00e9ben teh\u00e1t a Honda CR-V hibrid v\u00e1ltozatai egy j\u00f3l \u00e1tgondolt, modern technol\u00f3gi\u00e1t k\u00edn\u00e1lnak, amellyel kellemes \u00e9s hat\u00e9kony vezet\u00e9si \u00e9lm\u00e9nyt lehet el\u00e9rni \u2013 legyen sz\u00f3 ak\u00e1r v\u00e1rosi, ak\u00e1r orsz\u00e1g\u00fati k\u00f6zleked\u00e9sr\u0151l.<\/p>\n<p>Ez az \u00e9rt\u00e9k rendk\u00edv\u00fcl kecsegtet\u0151, azonban a val\u00f3s\u00e1gban csak akkor \u00e9rhet\u0151 el, ha nagyon gyakran t\u00f6ltj\u00fck fel az akkumul\u00e1tort, \u00e9s a bels\u0151 \u00e9g\u00e9s\u0171 motort csup\u00e1n ritk\u00e1n, sz\u00fcks\u00e9g eset\u00e9n haszn\u00e1ljuk. Magyarul, a pap\u00edron \u00edg\u00e9rt takar\u00e9koss\u00e1g csak akkor m\u0171k\u00f6dik, ha az aut\u00f3t f\u0151k\u00e9nt elektromos m\u00f3dban haszn\u00e1ljuk, vagyis ha minden nap felt\u00f6ltj\u00fck, \u00e9s r\u00f6videbb t\u00e1vokat tesz\u00fcnk meg. Tapasztalataink szerint azonban a plug-in hibridekn\u00e9l ritk\u00e1n siker\u00fcl a val\u00f3s\u00e1gban el\u00e9rni azt, amit a gy\u00e1rt\u00f3 az adatlapra \u00edr. Ennek oka p\u00e9ld\u00e1ul az, hogy sok felhaszn\u00e1l\u00f3 elfelejti vagy egyszer\u0171en nem tudja rendszeresen t\u00f6lteni az aut\u00f3t, vagy gyakran hosszabb utakat tesz meg, ahol az elektromos hat\u00f3t\u00e1v m\u00e1r nem elegend\u0151.<\/p>\n","protected":false},"excerpt":{"rendered":"<p>De\u00e1k D\u00e1niel dr\u00f3nfelv\u00e9tellel leplezte le, hogy alig n\u00e9h\u00e1nyan voltak k\u00edv\u00e1ncsiak Magyar P\u00e9terre K\u00f6tcs\u00e9n, amikor sz\u00ednpadra \u00e1llt. A XXI. Sz\u00e1zad Int\u00e9zet&#8230; <span class=\"gridview-grid-post-read-more\"><a href=\"https:\/\/matrend.hu\/nekedinfo\/senki-sem-kivancsi-magyar-peterre-kotcsen\/\">read more<span class=\"gridview-sr-only\"> Senki sem k\u00edv\u00e1ncsi Magyar P\u00e9terre K\u00f6tcs\u00e9n<\/span><\/a><\/span><\/p>\n","protected":false},"author":1,"featured_media":3841,"comment_status":"open","ping_status":"open","sticky":false,"template":"","format":"standard","meta":{"footnotes":""},"categories":[1],"tags":[],"class_list":["post-3840","post","type-post","status-publish","format-standard","has-post-thumbnail","hentry","category-egyeb","wpcat-1-id"],"_links":{"self":[{"href":"https:\/\/matrend.hu\/nekedinfo\/wp-json\/wp\/v2\/posts\/3840","targetHints":{"allow":["GET"]}}],"collection":[{"href":"https:\/\/matrend.hu\/nekedinfo\/wp-json\/wp\/v2\/posts"}],"about":[{"href":"https:\/\/matrend.hu\/nekedinfo\/wp-json\/wp\/v2\/types\/post"}],"author":[{"embeddable":true,"href":"https:\/\/matrend.hu\/nekedinfo\/wp-json\/wp\/v2\/users\/1"}],"replies":[{"embeddable":true,"href":"https:\/\/matrend.hu\/nekedinfo\/wp-json\/wp\/v2\/comments?post=3840"}],"version-history":[{"count":1,"href":"https:\/\/matrend.hu\/nekedinfo\/wp-json\/wp\/v2\/posts\/3840\/revisions"}],"predecessor-version":[{"id":3842,"href":"https:\/\/matrend.hu\/nekedinfo\/wp-json\/wp\/v2\/posts\/3840\/revisions\/3842"}],"wp:featuredmedia":[{"embeddable":true,"href":"https:\/\/matrend.hu\/nekedinfo\/wp-json\/wp\/v2\/media\/3841"}],"wp:attachment":[{"href":"https:\/\/matrend.hu\/nekedinfo\/wp-json\/wp\/v2\/media?parent=3840"}],"wp:term":[{"taxonomy":"category","embeddable":true,"href":"https:\/\/matrend.hu\/nekedinfo\/wp-json\/wp\/v2\/categories?post=3840"},{"taxonomy":"post_tag","embeddable":true,"href":"https:\/\/matrend.hu\/nekedinfo\/wp-json\/wp\/v2\/tags?post=3840"}],"curies":[{"name":"wp","href":"https:\/\/api.w.org\/{rel}","templated":true}]}}