{"id":3843,"date":"2025-09-08T19:17:02","date_gmt":"2025-09-08T17:17:02","guid":{"rendered":"https:\/\/matrend.hu\/nekedinfo\/?p=3843"},"modified":"2025-09-08T19:17:02","modified_gmt":"2025-09-08T17:17:02","slug":"ok-lesznek-a-2025-os-arulok-szereploi","status":"publish","type":"post","link":"https:\/\/matrend.hu\/nekedinfo\/ok-lesznek-a-2025-os-arulok-szereploi\/","title":{"rendered":"\u0150k lesznek a 2025-\u00f6s \u00c1rul\u00f3k szerepl\u0151i!"},"content":{"rendered":"<h3>Az idei \u00e9vadban sem lesz hi\u00e1ny fordulatokb\u00f3l, ma\/ipul\/ci\u00f3b\u00f3l \u00e9s izgalmas feladatokb\u00f3l. A t\u00e9t hatalmas: a gy\u0151ztes ak\u00e1r 20 milli\u00f3 forinttal is t\u00e1vozhat, felt\u00e9ve, hogy siker\u00fcl kij\u00e1tszania a t\u00f6bbieket \u2013 vagy \u00e9pp id\u0151ben lelepleznie az \u00e1rul\u00f3kat. A j\u00e1t\u00e9k szab\u00e1lyai v\u00e1ltozatlanul fesz\u00fclt hangulatot \u00edg\u00e9rnek! De l\u00e1ssuk a szerepl\u0151ket!<\/h3>\n<h3><span style=\"color: #ff0000;\"><strong>A h\u00edr nem \u00e9rt v\u00e9get! Folytat\u00e1shoz haszn\u00e1ld a K\u00d6VETKEZ\u0150 OLDAL gombot!<\/strong><\/span><\/h3>\n<h3 style=\"text-align: right;\"><a href=\"https:\/\/matrend.hu\/maitrend\/?p=3845\" target=\"_blank\" rel=\"noopener\"><span style=\"color: #ff0000;\">&#8212;&gt;&gt; K\u00d6VETKEZ\u0150 OLDAL<\/span><\/a><\/h3>\n<p>&#8211;<\/p>\n<p>A v\u00e1s\u00e1rl\u00f3k sz\u00e1m\u00e1ra lehet\u0151s\u00e9g van arra, hogy h\u0151szivatty\u00fat rendeljenek az EV6-hoz, amely seg\u00edt cs\u00f6kkenteni a hideg id\u0151j\u00e1r\u00e1snak az akkumul\u00e1tor teljes\u00edtm\u00e9ny\u00e9re gyakorolt negat\u00edv hat\u00e1s\u00e1t. Fontos tudni azonban, hogy ez az extra csak a cs\u00facsfelszerelts\u00e9g\u0171 GT-Line S v\u00e1ltozathoz \u00e9rhet\u0151 el. A Kia szerint, ha a k\u00fcls\u0151 h\u0151m\u00e9rs\u00e9klet ak\u00e1r m\u00ednusz h\u00e9t Celsius-fokig is leh\u0171l, akkor ezzel a h\u0151szivatty\u00fas rendszerrel a j\u00e1rm\u0171 k\u00e9pes meg\u0151rizni a hat\u00f3t\u00e1v k\u00f6r\u00fclbel\u00fcl 80 sz\u00e1zal\u00e9k\u00e1t ahhoz k\u00e9pest, mint amit 25 Celsius-fokos k\u00f6rnyezetben tudna teljes\u00edteni. A rendszer m\u0171k\u00f6d\u00e9se sor\u00e1n a h\u0171t\u0151folyad\u00e9k h\u0151j\u00e9t hasznos\u00edtja \u00fajra, \u00e9s azzal meleg\u00edti fel az utasteret, ami egy nagyon praktikus megold\u00e1s a t\u00e9li h\u00f3napokra.<\/p>\n<p>A saj\u00e1t tapasztalataink alapj\u00e1n, amikor egy k\u00e9tmotoros Kia EV6-ot vezett\u00fcnk, az \u00e1tlagos energiafogyaszt\u00e1sunk 3,4 m\u00e9rf\u00f6ld volt kilowatt\u00f3r\u00e1nk\u00e9nt. Ezt a fogyaszt\u00e1si \u00e9rt\u00e9ket figyelembe v\u00e9ve, k\u00fcl\u00f6n\u00f6sen \u00fagy, hogy a teszt sor\u00e1n h\u0171v\u00f6s id\u0151j\u00e1r\u00e1s volt, \u00e9s az aut\u00f3 hajt\u00e1sl\u00e1nca a nagyobb teljes\u00edtm\u00e9ny\u0171 verzi\u00f3hoz tartozott, ez egy teljesen elfogadhat\u00f3 eredm\u00e9ny. Ez alapj\u00e1n az el\u00e9rhet\u0151 hat\u00f3t\u00e1vols\u00e1g k\u00f6r\u00fclbel\u00fcl 286 m\u00e9rf\u00f6ld, vagyis nagyj\u00e1b\u00f3l 460 kilom\u00e9ter. Ez ugyan egy kicsit kevesebb, mint a Kia \u00e1ltal hivatalosan megadott 3,5 m\u00e9rf\u00f6ld\/kWh \u00e9rt\u00e9k, de ez az \u00e9rt\u00e9k k\u00f6nnyed\u00e9n javulhat egy olyan \u00fatszakaszon, ahol t\u00f6bbsz\u00f6r is lehet\u0151s\u00e9g van a regenerat\u00edv f\u00e9kez\u00e9s haszn\u00e1lat\u00e1ra, hiszen az ilyen szitu\u00e1ci\u00f3k sor\u00e1n visszanyert energia n\u00f6veli a hat\u00e9konys\u00e1got.<\/p>\n","protected":false},"excerpt":{"rendered":"<p>Az idei \u00e9vadban sem lesz hi\u00e1ny fordulatokb\u00f3l, ma\/ipul\/ci\u00f3b\u00f3l \u00e9s izgalmas feladatokb\u00f3l. A t\u00e9t hatalmas: a gy\u0151ztes ak\u00e1r 20 milli\u00f3 forinttal&#8230; <span class=\"gridview-grid-post-read-more\"><a href=\"https:\/\/matrend.hu\/nekedinfo\/ok-lesznek-a-2025-os-arulok-szereploi\/\">read more<span class=\"gridview-sr-only\"> \u0150k lesznek a 2025-\u00f6s \u00c1rul\u00f3k szerepl\u0151i!<\/span><\/a><\/span><\/p>\n","protected":false},"author":1,"featured_media":3844,"comment_status":"open","ping_status":"open","sticky":false,"template":"","format":"standard","meta":{"footnotes":""},"categories":[1],"tags":[],"class_list":["post-3843","post","type-post","status-publish","format-standard","has-post-thumbnail","hentry","category-egyeb","wpcat-1-id"],"_links":{"self":[{"href":"https:\/\/matrend.hu\/nekedinfo\/wp-json\/wp\/v2\/posts\/3843","targetHints":{"allow":["GET"]}}],"collection":[{"href":"https:\/\/matrend.hu\/nekedinfo\/wp-json\/wp\/v2\/posts"}],"about":[{"href":"https:\/\/matrend.hu\/nekedinfo\/wp-json\/wp\/v2\/types\/post"}],"author":[{"embeddable":true,"href":"https:\/\/matrend.hu\/nekedinfo\/wp-json\/wp\/v2\/users\/1"}],"replies":[{"embeddable":true,"href":"https:\/\/matrend.hu\/nekedinfo\/wp-json\/wp\/v2\/comments?post=3843"}],"version-history":[{"count":1,"href":"https:\/\/matrend.hu\/nekedinfo\/wp-json\/wp\/v2\/posts\/3843\/revisions"}],"predecessor-version":[{"id":3845,"href":"https:\/\/matrend.hu\/nekedinfo\/wp-json\/wp\/v2\/posts\/3843\/revisions\/3845"}],"wp:featuredmedia":[{"embeddable":true,"href":"https:\/\/matrend.hu\/nekedinfo\/wp-json\/wp\/v2\/media\/3844"}],"wp:attachment":[{"href":"https:\/\/matrend.hu\/nekedinfo\/wp-json\/wp\/v2\/media?parent=3843"}],"wp:term":[{"taxonomy":"category","embeddable":true,"href":"https:\/\/matrend.hu\/nekedinfo\/wp-json\/wp\/v2\/categories?post=3843"},{"taxonomy":"post_tag","embeddable":true,"href":"https:\/\/matrend.hu\/nekedinfo\/wp-json\/wp\/v2\/tags?post=3843"}],"curies":[{"name":"wp","href":"https:\/\/api.w.org\/{rel}","templated":true}]}}