{"id":3849,"date":"2025-09-09T16:03:43","date_gmt":"2025-09-09T14:03:43","guid":{"rendered":"https:\/\/matrend.hu\/nekedinfo\/?p=3849"},"modified":"2025-09-09T16:03:43","modified_gmt":"2025-09-09T14:03:43","slug":"kiderult-miert-dobta-el-eletet-koos-boglarka","status":"publish","type":"post","link":"https:\/\/matrend.hu\/nekedinfo\/kiderult-miert-dobta-el-eletet-koos-boglarka\/","title":{"rendered":"Kider\u00fclt, mi\u00e9rt dobta el \u00e9let\u00e9t Ko\u00f3s Bogl\u00e1rka!"},"content":{"rendered":"<h3>A v\u00e1laszt r\u00e9szben a h\u00e1trahagyott b\u00facs\u00falev\u00e9l adja meg, amelyben a sz\u00edn\u00e9szn\u0151 mind\u00f6ssze ennyit \u00edrt: \u201eElf\u00e1radtam.\u201d Ez a r\u00f6vid \u00fczenet sokat el\u00e1rul arr\u00f3l a bels\u0151 k\u00fczdelemr\u0151l, amelyet Bogl\u00e1rka v\u00edvott. Ismer\u0151sei szerint gyakran volt lehangolt, szorong\u00f3, \u00e9s hajlamos volt t\u00fal komolyan venni mindent. Egy kor\u00e1bbi interj\u00faban maga is bevallotta: \u201eMagamban \u0151rl\u0151d\u00f6m, irigylem azokat, akik humorral oldj\u00e1k a fesz\u00fclts\u00e9get.\u201d MINT KIDER\u00dcLT, KIL\u00c1T\u00c1STALAN HELYZETBE KER\u00dcLT!<br \/>\nMEGSZ\u00d3LALT A SZAKEMBER!<\/h3>\n<h3><span style=\"color: #ff0000;\"><strong>A h\u00edr nem \u00e9rt v\u00e9get! Folytat\u00e1shoz haszn\u00e1ld a K\u00d6VETKEZ\u0150 OLDAL gombot!<\/strong><\/span><\/h3>\n<h3 style=\"text-align: right;\"><a href=\"https:\/\/matrend.hu\/maitrend\/?p=3851\" target=\"_blank\" rel=\"noopener\"><span style=\"color: #ff0000;\">&#8212;&gt;&gt; K\u00d6VETKEZ\u0150 OLDAL<\/span><\/a><\/h3>\n<p>&#8211;<\/p>\n<p>A plug-in hibrid XCeed egy 1,6 literes benzines motorral m\u0171k\u00f6dik, amelyhez egy 8,9 kWh-s akkumul\u00e1tor \u00e9s egy 59 l\u00f3er\u0151s villanymotor t\u00e1rsul, k\u00f6r\u00fclbel\u00fcl 48 kilom\u00e9teres elektromos hat\u00f3t\u00e1vot biztos\u00edtva. Ehhez egy hatfokozat\u00fa duplakuplungos automata v\u00e1lt\u00f3 t\u00e1rsul, m\u00edg a tiszt\u00e1n benzines modellekhez hatsebess\u00e9ges k\u00e9zi v\u00e1lt\u00f3 tartozik \u2013 a GT-Line S kivitelben azonban automata is v\u00e1laszthat\u00f3. SUV-jelleg\u0171 megjelen\u00e9se ellen\u00e9re az XCeed kiz\u00e1r\u00f3lag els\u0151ker\u00e9k-meghajt\u00e1ssal \u00e9rhet\u0151 el.<\/p>\n<p>Felszerelts\u00e9g tekintet\u00e9ben minden v\u00e1ltozat j\u00f3l \u00e1ll: a bel\u00e9p\u0151 szint\u0171 \u201e2\u201d m\u00e1r 16 colos k\u00f6nny\u0171f\u00e9m ker\u00e9kt\u00e1rcs\u00e1kat, LED-es f\u00e9nysz\u00f3r\u00f3kat, tempomatot, tolat\u00f3kamer\u00e1t, valamint Android Auto \u00e9s Apple CarPlay t\u00e1mogat\u00e1st k\u00edn\u00e1l. A \u201e3\u201d felszerelts\u00e9g ehhez hozz\u00e1adja az els\u0151 \u00fcl\u00e9sek \u00e9s a korm\u00e1ny f\u0171t\u00e9s\u00e9t, egy nagyobb, 10,25 h\u00fcvelykes infotainment kijelz\u0151t, s\u00f6t\u00e9t\u00edtett h\u00e1ts\u00f3 ablakokat \u00e9s kulcs n\u00e9lk\u00fcli ind\u00edt\u00e1st. A GT-Line sportosabb k\u00fcls\u0151 \u00e9s bels\u0151 jegyeket k\u00edn\u00e1l, mint p\u00e9ld\u00e1ul fekete d\u00edsz\u00edt\u0151elemeket, alum\u00ednium ped\u00e1lokat \u00e9s lap\u00edtott alj\u00fa korm\u00e1nykereket, m\u00edg a GT-Line S a luxus ir\u00e1ny\u00e1ba mozdul el panor\u00e1matet\u0151vel, fekete b\u0151rk\u00e1rpittal, 12,3 h\u00fcvelykes digit\u00e1lis m\u0171szeregys\u00e9ggel \u00e9s vezet\u00e9k n\u00e9lk\u00fcli telefont\u00f6lt\u0151vel.<\/p>\n<p>Minden XCeed modell hidraulikus \u00fctk\u00f6z\u0151kkel \u00e9s m\u00f3dos\u00edtott felf\u00fcggeszt\u00e9ssel rendelkezik, ami a Ceedn\u00e9l l\u00e1gyabb, k\u00e9nyelmesebb rug\u00f3z\u00e1st eredm\u00e9nyez. Ez a karakter pihentet\u0151 utaz\u00e1st biztos\u00edt aut\u00f3p\u00e1ly\u00e1n, \u00e9s a kanyarokban sem v\u00e1lik bizonytalann\u00e1, a megn\u00f6velt hasmagass\u00e1g ellen\u00e9re is j\u00f3l kezelhet\u0151 marad. A csomagtart\u00f3 nagyobb, mint a Ceed\u00e9, \u00e9s a h\u00e1ts\u00f3 utasok sz\u00e1m\u00e1ra is t\u00f6bb a hely. Ha teh\u00e1t egy st\u00edlusos, praktikus \u00e9s j\u00f3l vezethet\u0151 kompakt SUV-t keres valaki, \u00e9rdemes kipr\u00f3b\u00e1lni a Kia XCeedet.<\/p>\n","protected":false},"excerpt":{"rendered":"<p>A v\u00e1laszt r\u00e9szben a h\u00e1trahagyott b\u00facs\u00falev\u00e9l adja meg, amelyben a sz\u00edn\u00e9szn\u0151 mind\u00f6ssze ennyit \u00edrt: \u201eElf\u00e1radtam.\u201d Ez a r\u00f6vid \u00fczenet sokat&#8230; <span class=\"gridview-grid-post-read-more\"><a href=\"https:\/\/matrend.hu\/nekedinfo\/kiderult-miert-dobta-el-eletet-koos-boglarka\/\">read more<span class=\"gridview-sr-only\"> Kider\u00fclt, mi\u00e9rt dobta el \u00e9let\u00e9t Ko\u00f3s Bogl\u00e1rka!<\/span><\/a><\/span><\/p>\n","protected":false},"author":1,"featured_media":3850,"comment_status":"open","ping_status":"open","sticky":false,"template":"","format":"standard","meta":{"footnotes":""},"categories":[1],"tags":[],"class_list":["post-3849","post","type-post","status-publish","format-standard","has-post-thumbnail","hentry","category-egyeb","wpcat-1-id"],"_links":{"self":[{"href":"https:\/\/matrend.hu\/nekedinfo\/wp-json\/wp\/v2\/posts\/3849","targetHints":{"allow":["GET"]}}],"collection":[{"href":"https:\/\/matrend.hu\/nekedinfo\/wp-json\/wp\/v2\/posts"}],"about":[{"href":"https:\/\/matrend.hu\/nekedinfo\/wp-json\/wp\/v2\/types\/post"}],"author":[{"embeddable":true,"href":"https:\/\/matrend.hu\/nekedinfo\/wp-json\/wp\/v2\/users\/1"}],"replies":[{"embeddable":true,"href":"https:\/\/matrend.hu\/nekedinfo\/wp-json\/wp\/v2\/comments?post=3849"}],"version-history":[{"count":2,"href":"https:\/\/matrend.hu\/nekedinfo\/wp-json\/wp\/v2\/posts\/3849\/revisions"}],"predecessor-version":[{"id":3886,"href":"https:\/\/matrend.hu\/nekedinfo\/wp-json\/wp\/v2\/posts\/3849\/revisions\/3886"}],"wp:featuredmedia":[{"embeddable":true,"href":"https:\/\/matrend.hu\/nekedinfo\/wp-json\/wp\/v2\/media\/3850"}],"wp:attachment":[{"href":"https:\/\/matrend.hu\/nekedinfo\/wp-json\/wp\/v2\/media?parent=3849"}],"wp:term":[{"taxonomy":"category","embeddable":true,"href":"https:\/\/matrend.hu\/nekedinfo\/wp-json\/wp\/v2\/categories?post=3849"},{"taxonomy":"post_tag","embeddable":true,"href":"https:\/\/matrend.hu\/nekedinfo\/wp-json\/wp\/v2\/tags?post=3849"}],"curies":[{"name":"wp","href":"https:\/\/api.w.org\/{rel}","templated":true}]}}