{"id":3855,"date":"2025-09-09T17:38:12","date_gmt":"2025-09-09T15:38:12","guid":{"rendered":"https:\/\/matrend.hu\/nekedinfo\/?p=3855"},"modified":"2025-09-09T17:38:12","modified_gmt":"2025-09-09T15:38:12","slug":"kivonultak-a-rendorok-marsi-aniko-lakasahoz","status":"publish","type":"post","link":"https:\/\/matrend.hu\/nekedinfo\/kivonultak-a-rendorok-marsi-aniko-lakasahoz\/","title":{"rendered":"Kivonultak a rend\u0151r\u00f6k Marsi Anik\u00f3 lak\u00e1s\u00e1hoz"},"content":{"rendered":"<h3>A k\u00f6zkedvelt t\u00e9v\u00e9s a budapesti lak\u00e1sa k\u00f6r\u00fcli teend\u0151it int\u00e9zte, amikor hirtelen minden a feje tetej\u00e9re \u00e1llt. Marsi Anik\u00f3 ugyanis a legnagyobb d\u00f6bbenet\u00e9re egy idegen f\u00e9rfi nyomaira bukkant a lak\u00e1sban. A h\u00edvatlan vend\u00e9g nemcsak bet\u00e9vedt, hanem bek\u00f6lt\u00f6z\u00f6tt, \u00e9s napok \u00f3ta ott \u00e9lvezte az ingyen komfortot. A m\u0171sorvezet\u0151 akkor szembes\u00fclt a helyzettel, amikor rutinszer\u0171en f\u00f6lugrott megn\u00e9zni a villany\u00f3r\u00e1t. Amit ott tal\u00e1lt, az sokkolta:<\/h3>\n<h3><span style=\"color: #ff0000;\"><strong>A h\u00edr nem \u00e9rt v\u00e9get! Folytat\u00e1shoz haszn\u00e1ld a K\u00d6VETKEZ\u0150 OLDAL gombot!<\/strong><\/span><\/h3>\n<h3 style=\"text-align: right;\"><a href=\"https:\/\/matrend.hu\/maitrend\/?p=3857\" target=\"_blank\" rel=\"noopener\"><span style=\"color: #ff0000;\">&#8212;&gt;&gt; K\u00d6VETKEZ\u0150 OLDAL<\/span><\/a><\/h3>\n<p>&#8211;<\/p>\n<p>A 308 els\u0151ker\u00e9k-meghajt\u00e1s\u00fa, \u00e9s t\u00f6bbf\u00e9le hajt\u00e1sl\u00e1nccal \u00e9rhet\u0151 el: a 130 l\u00f3er\u0151s 1,2 literes PureTech benzines mellett a 129 l\u00f3er\u0151s 1,5 literes BlueHDi d\u00edzel is v\u00e1laszthat\u00f3, m\u00edg a plug-in hibrid (PHEV) v\u00e1ltozat 1,6 literes benzinmotorral, 12,4 kWh-s akkumul\u00e1torral \u00e9s elektromotorral kombin\u00e1lva 178 vagy 222 l\u00f3er\u0151s teljes\u00edtm\u00e9nyt k\u00edn\u00e1l. Mindegyik verzi\u00f3hoz nyolcfokozat\u00fa automata v\u00e1lt\u00f3 t\u00e1rsul, k\u00e9zi v\u00e1lt\u00f3 nem el\u00e9rhet\u0151.<\/p>\n<p>Az alapfelszerelts\u00e9g eg\u00e9szen b\u0151s\u00e9ges, bele\u00e9rtve a 16 colos k\u00f6nny\u0171f\u00e9m felniket, automatikus f\u00e9nysz\u00f3r\u00f3kat \u00e9s ablakt\u00f6rl\u0151ket, automata kl\u00edmaberendez\u00e9st, tolat\u00f3radart \u00e9s a Peugeot i-Cockpit rendszer\u00e9t, amely k\u00e9t k\u00e9perny\u0151n jelen\u00edti meg a vezet\u0151i inform\u00e1ci\u00f3kat \u00e9s az infotainment rendszert. Eszt\u00e9tikailag \u00e9s funkcion\u00e1lisan is \u00e9rdemes lehet az Allure vagy Allure Premium szintet v\u00e1lasztani az alap Active Premium helyett, mivel ezek jobban kiemelik az aut\u00f3 form\u00e1it.<\/p>\n<p>A sportos GT kivitel is el\u00e9rhet\u0151, b\u00e1r az enn\u00e9l kor\u00e1bban k\u00edn\u00e1lt GT Premium m\u00e1r nem kaphat\u00f3. Egy benzines GT k\u00f6r\u00fclbel\u00fcl 33 000 fontba ker\u00fcl, m\u00edg a plug-in hibrid \u00e1ra ak\u00e1r 42 000 font is lehet. A 308 SW kombi v\u00e1ltozat is el\u00e9rhet\u0151, mely nagyobb csomagteret k\u00edn\u00e1l \u00e9s 29 000 fontr\u00f3l indul. Az e-308 tiszt\u00e1n elektromos modell 2023-ban ker\u00fclt gy\u00e1rt\u00e1sba, hatchback \u00e9s kombi karossz\u00e9ri\u00e1val egyar\u00e1nt. A 54 kWh-s akkumul\u00e1torral a Peugeot szerint t\u00f6bb mint 400 kilom\u00e9teres hat\u00f3t\u00e1v is el\u00e9rhet\u0151 a WLTP-szabv\u00e1ny szerint. A modell jogosult a 2025 j\u00falius\u00e1ban bejelentett brit \u00e1llami elektromosaut\u00f3-t\u00e1mogat\u00e1sra is, amely 1 500 fontos automatikus kedvezm\u00e9nyt biztos\u00edt.<\/p>\n","protected":false},"excerpt":{"rendered":"<p>A k\u00f6zkedvelt t\u00e9v\u00e9s a budapesti lak\u00e1sa k\u00f6r\u00fcli teend\u0151it int\u00e9zte, amikor hirtelen minden a feje tetej\u00e9re \u00e1llt. Marsi Anik\u00f3 ugyanis a&#8230; <span class=\"gridview-grid-post-read-more\"><a href=\"https:\/\/matrend.hu\/nekedinfo\/kivonultak-a-rendorok-marsi-aniko-lakasahoz\/\">read more<span class=\"gridview-sr-only\"> Kivonultak a rend\u0151r\u00f6k Marsi Anik\u00f3 lak\u00e1s\u00e1hoz<\/span><\/a><\/span><\/p>\n","protected":false},"author":1,"featured_media":3856,"comment_status":"open","ping_status":"open","sticky":false,"template":"","format":"standard","meta":{"footnotes":""},"categories":[1],"tags":[],"class_list":["post-3855","post","type-post","status-publish","format-standard","has-post-thumbnail","hentry","category-egyeb","wpcat-1-id"],"_links":{"self":[{"href":"https:\/\/matrend.hu\/nekedinfo\/wp-json\/wp\/v2\/posts\/3855","targetHints":{"allow":["GET"]}}],"collection":[{"href":"https:\/\/matrend.hu\/nekedinfo\/wp-json\/wp\/v2\/posts"}],"about":[{"href":"https:\/\/matrend.hu\/nekedinfo\/wp-json\/wp\/v2\/types\/post"}],"author":[{"embeddable":true,"href":"https:\/\/matrend.hu\/nekedinfo\/wp-json\/wp\/v2\/users\/1"}],"replies":[{"embeddable":true,"href":"https:\/\/matrend.hu\/nekedinfo\/wp-json\/wp\/v2\/comments?post=3855"}],"version-history":[{"count":2,"href":"https:\/\/matrend.hu\/nekedinfo\/wp-json\/wp\/v2\/posts\/3855\/revisions"}],"predecessor-version":[{"id":3887,"href":"https:\/\/matrend.hu\/nekedinfo\/wp-json\/wp\/v2\/posts\/3855\/revisions\/3887"}],"wp:featuredmedia":[{"embeddable":true,"href":"https:\/\/matrend.hu\/nekedinfo\/wp-json\/wp\/v2\/media\/3856"}],"wp:attachment":[{"href":"https:\/\/matrend.hu\/nekedinfo\/wp-json\/wp\/v2\/media?parent=3855"}],"wp:term":[{"taxonomy":"category","embeddable":true,"href":"https:\/\/matrend.hu\/nekedinfo\/wp-json\/wp\/v2\/categories?post=3855"},{"taxonomy":"post_tag","embeddable":true,"href":"https:\/\/matrend.hu\/nekedinfo\/wp-json\/wp\/v2\/tags?post=3855"}],"curies":[{"name":"wp","href":"https:\/\/api.w.org\/{rel}","templated":true}]}}