{"id":3858,"date":"2025-09-09T17:54:57","date_gmt":"2025-09-09T15:54:57","guid":{"rendered":"https:\/\/matrend.hu\/nekedinfo\/?p=3858"},"modified":"2025-09-09T17:54:57","modified_gmt":"2025-09-09T15:54:57","slug":"tragedia-az-m1-esen","status":"publish","type":"post","link":"https:\/\/matrend.hu\/nekedinfo\/tragedia-az-m1-esen\/","title":{"rendered":"Trag\u00e9dia az M1-esen"},"content":{"rendered":"<h3>A trag\u00e9dia a 147-es kilom\u00e9terszelv\u00e9nyn\u00e9l t\u00f6rt\u00e9nt, az orsz\u00e1ghat\u00e1r fel\u00e9 vezet\u0151 oldalon. A ki\u00e9rkez\u0151 gy\u0151ri \u00e9s l\u00e9b\u00e9nyi hivat\u00e1sos t\u0171zolt\u00f3k fesz\u00edt\u0151v\u00e1g\u00f3kkal pr\u00f3b\u00e1lt\u00e1k kiszabad\u00edtani a beszorult vezet\u0151t, de minden er\u0151fesz\u00edt\u00e9s ellen\u00e9re m\u00e1r nem tudt\u00e1k megmenteni az \u00e9let\u00e9t. A hal\u00e1los kimenetel\u0171 baleset miatt az aut\u00f3p\u00e1ly\u00e1t hosszabb id\u0151re teljes sz\u00e9less\u00e9g\u00e9ben lez\u00e1rt\u00e1k. A torl\u00f3d\u00e1s gyorsan n\u0151tt, sokan csak ker\u00fcl\u0151utakon tudt\u00e1k folytatni \u00fatjukat. A rend\u0151r\u00f6k a forgalmat elterelt\u00e9k, mik\u00f6zben a helysz\u00ednel\u00e9s \u00e9s a ment\u00e9si munk\u00e1k zajlottak.<\/h3>\n<h3><span style=\"color: #ff0000;\"><strong>A h\u00edr nem \u00e9rt v\u00e9get! Folytat\u00e1shoz haszn\u00e1ld a K\u00d6VETKEZ\u0150 OLDAL gombot!<\/strong><\/span><\/h3>\n<h3 style=\"text-align: right;\"><a href=\"https:\/\/matrend.hu\/maitrend\/?p=3860\" target=\"_blank\" rel=\"noopener\"><span style=\"color: #ff0000;\">&#8212;&gt;&gt; K\u00d6VETKEZ\u0150 OLDAL<\/span><\/a><\/h3>\n<p>&#8211;<\/p>\n<p>Ha valaki m\u00e9g enn\u00e9l is magasabb szint\u0171 felszerelts\u00e9get keres, akkor \u00e9rdemes elgondolkodnia az Advance modellv\u00e1ltozaton, amely m\u00e9g tov\u00e1bb fokozza az aut\u00f3ban t\u00f6lt\u00f6tt id\u0151 k\u00e9nyelm\u00e9t \u00e9s \u00e9lm\u00e9ny\u00e9t. Ebben a v\u00e1ltozatban egy pr\u00e9mium hangrendszer gondoskodik a kiv\u00e1l\u00f3 hangmin\u0151s\u00e9gr\u0151l, a vezet\u0151\u00fcl\u00e9s pedig nemcsak elektromosan \u00e1ll\u00edthat\u00f3, de mem\u00f3ri\u00e1val is rendelkezik, vagyis t\u00f6bb be\u00e1ll\u00edt\u00e1st is el lehet menteni, ami k\u00fcl\u00f6n\u00f6sen praktikus, ha t\u00f6bben vezetik az aut\u00f3t. A sz\u00e9lv\u00e9d\u0151re vet\u00edtett head-up display megjelen\u00edti a legfontosabb inform\u00e1ci\u00f3kat a vezet\u0151 l\u00e1t\u00f3mezej\u00e9ben, an\u00e9lk\u00fcl, hogy el kellene ford\u00edtani a tekintetet az \u00fatr\u00f3l.<\/p>\n<p>A h\u00e1ts\u00f3 \u00fcl\u00e9sek is f\u0171thet\u0151k, \u00edgy a h\u00e1tul utaz\u00f3k sem maradnak ki a k\u00e9nyelemb\u0151l, m\u00edg az els\u0151 \u00fcl\u00e9sek szell\u0151ztet\u00e9se ny\u00e1ron teszi kellemesebb\u00e9 az utaz\u00e1st. Az adapt\u00edv f\u00e9nysz\u00f3r\u00f3k automatikusan alkalmazkodnak a k\u00f6zleked\u00e9si helyzetekhez, \u00e9s mindig a legjobb l\u00e1t\u00e1si viszonyokat biztos\u00edtj\u00e1k an\u00e9lk\u00fcl, hogy elvak\u00edtan\u00e1k a t\u00f6bbi aut\u00f3st. A cs\u00facsfelszerelts\u00e9get jelent\u0151 Advance Tech modell az egyetlen v\u00e1ltozat, amelyben el\u00e9rhet\u0151 a plug-in hibrid hajt\u00e1sl\u00e1nc, \u00e9s ez a modell tov\u00e1bbi extr\u00e1kkal is b\u00fcszk\u00e9lkedhet. Ilyen p\u00e9ld\u00e1ul a parkol\u00e1st seg\u00edt\u0151 automata rendszer, amely \u00f6n\u00e1ll\u00f3an elv\u00e9gzi a be\u00e1ll\u00e1st, a fekete sz\u00edn\u0171 k\u00f6nny\u0171f\u00e9m ker\u00e9kt\u00e1rcs\u00e1k, a s\u00f6t\u00e9t\u00edtett k\u00fcls\u0151 dekor\u00e1ci\u00f3k, valamint az utast\u00e9rben tal\u00e1lhat\u00f3 s\u00f6t\u00e9t tet\u0151k\u00e1rpit, amelyek mind egy letisztultabb, sportosabb \u00e9s pr\u00e9miumabb \u00f6sszhat\u00e1st keltenek.<\/p>\n","protected":false},"excerpt":{"rendered":"<p>A trag\u00e9dia a 147-es kilom\u00e9terszelv\u00e9nyn\u00e9l t\u00f6rt\u00e9nt, az orsz\u00e1ghat\u00e1r fel\u00e9 vezet\u0151 oldalon. A ki\u00e9rkez\u0151 gy\u0151ri \u00e9s l\u00e9b\u00e9nyi hivat\u00e1sos t\u0171zolt\u00f3k fesz\u00edt\u0151v\u00e1g\u00f3kkal pr\u00f3b\u00e1lt\u00e1k&#8230; <span class=\"gridview-grid-post-read-more\"><a href=\"https:\/\/matrend.hu\/nekedinfo\/tragedia-az-m1-esen\/\">read more<span class=\"gridview-sr-only\"> Trag\u00e9dia az M1-esen<\/span><\/a><\/span><\/p>\n","protected":false},"author":1,"featured_media":3859,"comment_status":"open","ping_status":"open","sticky":false,"template":"","format":"standard","meta":{"footnotes":""},"categories":[1],"tags":[],"class_list":["post-3858","post","type-post","status-publish","format-standard","has-post-thumbnail","hentry","category-egyeb","wpcat-1-id"],"_links":{"self":[{"href":"https:\/\/matrend.hu\/nekedinfo\/wp-json\/wp\/v2\/posts\/3858","targetHints":{"allow":["GET"]}}],"collection":[{"href":"https:\/\/matrend.hu\/nekedinfo\/wp-json\/wp\/v2\/posts"}],"about":[{"href":"https:\/\/matrend.hu\/nekedinfo\/wp-json\/wp\/v2\/types\/post"}],"author":[{"embeddable":true,"href":"https:\/\/matrend.hu\/nekedinfo\/wp-json\/wp\/v2\/users\/1"}],"replies":[{"embeddable":true,"href":"https:\/\/matrend.hu\/nekedinfo\/wp-json\/wp\/v2\/comments?post=3858"}],"version-history":[{"count":1,"href":"https:\/\/matrend.hu\/nekedinfo\/wp-json\/wp\/v2\/posts\/3858\/revisions"}],"predecessor-version":[{"id":3860,"href":"https:\/\/matrend.hu\/nekedinfo\/wp-json\/wp\/v2\/posts\/3858\/revisions\/3860"}],"wp:featuredmedia":[{"embeddable":true,"href":"https:\/\/matrend.hu\/nekedinfo\/wp-json\/wp\/v2\/media\/3859"}],"wp:attachment":[{"href":"https:\/\/matrend.hu\/nekedinfo\/wp-json\/wp\/v2\/media?parent=3858"}],"wp:term":[{"taxonomy":"category","embeddable":true,"href":"https:\/\/matrend.hu\/nekedinfo\/wp-json\/wp\/v2\/categories?post=3858"},{"taxonomy":"post_tag","embeddable":true,"href":"https:\/\/matrend.hu\/nekedinfo\/wp-json\/wp\/v2\/tags?post=3858"}],"curies":[{"name":"wp","href":"https:\/\/api.w.org\/{rel}","templated":true}]}}