{"id":3861,"date":"2025-09-09T19:17:41","date_gmt":"2025-09-09T17:17:41","guid":{"rendered":"https:\/\/matrend.hu\/nekedinfo\/?p=3861"},"modified":"2025-09-09T19:17:41","modified_gmt":"2025-09-09T17:17:41","slug":"elokerult-lajcsi-fia","status":"publish","type":"post","link":"https:\/\/matrend.hu\/nekedinfo\/elokerult-lajcsi-fia\/","title":{"rendered":"El\u0151ker\u00fclt Lajcsi fia!"},"content":{"rendered":"<h3>A csal\u00e1di \u00e9letvitelr\u0151l \u00e9s a kapcsolatokr\u00f3l t\u00f6bb alkalommal nyilatkozott: megosztotta, hogy a gyermekei k\u00f6t\u0151dnek mindk\u00e9t sz\u00fcl\u0151h\u00f6z, de nem szeretn\u00e9nek \u00faj p\u00e1rkapcsolatot l\u00e1tni mellett\u00fck. A b\u00f6\/t\u00f6n\/vek s\u00falyos lelki traum\u00e1t jelentenek a csal\u00e1d sz\u00e1m\u00e1ra. A gyerekek nehezen \u00e9lt\u00e9k meg apjuk elz\u00e1r\u00e1s\u00e1t, az utc\u00e1n is hallhat\u00f3 volt a b\u00e1natuk.<\/h3>\n<h3><span style=\"color: #ff0000;\"><strong>A h\u00edr nem \u00e9rt v\u00e9get! Folytat\u00e1shoz haszn\u00e1ld a K\u00d6VETKEZ\u0150 OLDAL gombot!<\/strong><\/span><\/h3>\n<h3 style=\"text-align: right;\"><a href=\"https:\/\/matrend.hu\/maitrend\/?p=3863\" target=\"_blank\" rel=\"noopener\"><span style=\"color: #ff0000;\">&#8212;&gt;&gt; K\u00d6VETKEZ\u0150 OLDAL<\/span><\/a><\/h3>\n<p>&#8211;<\/p>\n<p>A Toyota Corolla a TNGA platformot haszn\u00e1lja, amely a Toyota legt\u00f6bb modellj\u00e9nek alapj\u00e1t k\u00e9pezi, \u00e9s amelyr\u0151l m\u00e1r bebizonyosodott, hogy k\u00e9pes olyan aut\u00f3kat l\u00e9trehozni, amelyek nemcsak hat\u00e9konyak, hanem kellemes vezet\u00e9si \u00e9lm\u00e9nyt is ny\u00fajtanak. A Corolla eset\u00e9ben is minden adott ehhez: megvannak benne azok az \u00f6sszetev\u0151k \u00e9s m\u0171szaki megold\u00e1sok, amelyekre sz\u00fcks\u00e9g van ahhoz, hogy egy j\u00f3l vezethet\u0151 \u00e9s modern aut\u00f3 sz\u00fclessen. Az el\u0151z\u0151 gener\u00e1ci\u00f3hoz k\u00e9pest a Corolla s\u00falypontja t\u00edz millim\u00e9terrel alacsonyabbra ker\u00fclt, ami jelent\u0151s javul\u00e1s a menetdinamika szempontj\u00e1b\u00f3l, r\u00e1ad\u00e1sul a karossz\u00e9ria merevs\u00e9ge is l\u00e1tv\u00e1nyosan javult: hatvan sz\u00e1zal\u00e9kkal lett merevebb, ami jobb stabilit\u00e1st \u00e9s pontosabb ir\u00e1ny\u00edthat\u00f3s\u00e1got eredm\u00e9nyez. Emellett az aut\u00f3 h\u00e1tul t\u00f6bb leng\u0151karos fut\u00f3m\u0171vet haszn\u00e1l, ami ebben az als\u00f3-k\u00f6z\u00e9pkateg\u00f3ri\u00e1s, kompakt m\u00e9ret\u0171 ferdeh\u00e1t\u00fa szegmensben kifejezetten ritk\u00e1nak sz\u00e1m\u00edt, \u00e9s f\u0151k\u00e9nt a magasabb kateg\u00f3ri\u00e1kra jellemz\u0151 megold\u00e1s.<\/p>\n<p>Az aut\u00f3 formaterve dinamikus \u00e9s \u00e1ramvonalas, de an\u00e9lk\u00fcl, hogy megoszt\u00f3 vagy t\u00falz\u00f3 lenne. B\u00e1r a h\u00e1ts\u00f3 r\u00e9sze kiss\u00e9 kidomborodik, hasonl\u00f3an az egykor n\u00e9pszer\u0171 Renault M\u00e9gane-hoz, az ar\u00e1nyai m\u00e9gis j\u00f3l eltal\u00e1ltak. A jelenlegi Corolla negyven millim\u00e9terrel hosszabb, harminc millim\u00e9terrel sz\u00e9lesebb, ugyanakkor huszon\u00f6t millim\u00e9terrel alacsonyabb, mint az azt megel\u0151z\u0151 modell, r\u00e1ad\u00e1sul a t\u00falny\u00fal\u00e1sok \u2013 teh\u00e1t az aut\u00f3 eleje \u00e9s h\u00e1tulja k\u00f6z\u00f6tti kil\u00f3g\u00f3 r\u00e9szek \u2013 is kisebbek lettek, \u00edgy az \u00f6sszhat\u00e1s sportosabb \u00e9s modernebb. M\u00e9ret\u00e9t tekintve pontosan k\u00f6z\u00e9pen helyezkedik el a kateg\u00f3ri\u00e1j\u00e1ban, valamivel hosszabb, mint p\u00e9ld\u00e1ul a Volkswagen Golf, viszont \u00e9szrevehet\u0151en r\u00f6videbb, mint a leg\u00fajabb Honda Civic.<\/p>\n","protected":false},"excerpt":{"rendered":"<p>A csal\u00e1di \u00e9letvitelr\u0151l \u00e9s a kapcsolatokr\u00f3l t\u00f6bb alkalommal nyilatkozott: megosztotta, hogy a gyermekei k\u00f6t\u0151dnek mindk\u00e9t sz\u00fcl\u0151h\u00f6z, de nem szeretn\u00e9nek \u00faj&#8230; <span class=\"gridview-grid-post-read-more\"><a href=\"https:\/\/matrend.hu\/nekedinfo\/elokerult-lajcsi-fia\/\">read more<span class=\"gridview-sr-only\"> El\u0151ker\u00fclt Lajcsi fia!<\/span><\/a><\/span><\/p>\n","protected":false},"author":1,"featured_media":3862,"comment_status":"open","ping_status":"open","sticky":false,"template":"","format":"standard","meta":{"footnotes":""},"categories":[1],"tags":[],"class_list":["post-3861","post","type-post","status-publish","format-standard","has-post-thumbnail","hentry","category-egyeb","wpcat-1-id"],"_links":{"self":[{"href":"https:\/\/matrend.hu\/nekedinfo\/wp-json\/wp\/v2\/posts\/3861","targetHints":{"allow":["GET"]}}],"collection":[{"href":"https:\/\/matrend.hu\/nekedinfo\/wp-json\/wp\/v2\/posts"}],"about":[{"href":"https:\/\/matrend.hu\/nekedinfo\/wp-json\/wp\/v2\/types\/post"}],"author":[{"embeddable":true,"href":"https:\/\/matrend.hu\/nekedinfo\/wp-json\/wp\/v2\/users\/1"}],"replies":[{"embeddable":true,"href":"https:\/\/matrend.hu\/nekedinfo\/wp-json\/wp\/v2\/comments?post=3861"}],"version-history":[{"count":1,"href":"https:\/\/matrend.hu\/nekedinfo\/wp-json\/wp\/v2\/posts\/3861\/revisions"}],"predecessor-version":[{"id":3863,"href":"https:\/\/matrend.hu\/nekedinfo\/wp-json\/wp\/v2\/posts\/3861\/revisions\/3863"}],"wp:featuredmedia":[{"embeddable":true,"href":"https:\/\/matrend.hu\/nekedinfo\/wp-json\/wp\/v2\/media\/3862"}],"wp:attachment":[{"href":"https:\/\/matrend.hu\/nekedinfo\/wp-json\/wp\/v2\/media?parent=3861"}],"wp:term":[{"taxonomy":"category","embeddable":true,"href":"https:\/\/matrend.hu\/nekedinfo\/wp-json\/wp\/v2\/categories?post=3861"},{"taxonomy":"post_tag","embeddable":true,"href":"https:\/\/matrend.hu\/nekedinfo\/wp-json\/wp\/v2\/tags?post=3861"}],"curies":[{"name":"wp","href":"https:\/\/api.w.org\/{rel}","templated":true}]}}