{"id":4117,"date":"2025-09-25T17:03:23","date_gmt":"2025-09-25T15:03:23","guid":{"rendered":"https:\/\/matrend.hu\/nekedinfo\/?p=4117"},"modified":"2025-09-25T17:03:23","modified_gmt":"2025-09-25T15:03:23","slug":"elhunyt-partai-lucia-lanya","status":"publish","type":"post","link":"https:\/\/matrend.hu\/nekedinfo\/elhunyt-partai-lucia-lanya\/","title":{"rendered":"Elhunyt P\u00e1rtai Lucia l\u00e1nya"},"content":{"rendered":"<h3>\u00dajabb csap\u00e1s \u00e9rte: \u00e9desanyja h\u00edvta telefonon, hogy azonnal menjen Pilisre, mert h\u00faga, Lilike v\u00e1ratlanul meghalt. \u201e\u00c9desap\u00e1m elveszt\u00e9se 2012-ben is nagyon megrend\u00edtett\u201d \u2013 vallotta. M\u00e9gis, a vesztes\u00e9gek s\u00falya alatt Lucia megtal\u00e1lta a kapaszkod\u00f3kat: lelkiereje, \u00faj p\u00e1rja, Misi, valamint munk\u00e1ja seg\u00edtett\u00e9k talpra \u00e1llni. Szarvason telev\u00edzi\u00f3s st\u00fadi\u00f3t vezet, a R\u00e1di\u00f3 B\u00e9zsben pedig \u201eDer\u0171s napot!\u201d c\u00edm\u0171 m\u0171sor\u00e1val f\u00e9rj\u00e9re is eml\u00e9kezik.<br \/>\nMegrend\u00edt\u0151 vallom\u00e1st tett a meteorol\u00f3gus: elvesz\u00edtette kisl\u00e1ny\u00e1t! MUTATJUK!<\/h3>\n<h3><span style=\"color: #ff0000;\"><strong>A h\u00edr nem \u00e9rt v\u00e9get! Folytat\u00e1shoz haszn\u00e1ld a K\u00d6VETKEZ\u0150 OLDAL gombot!<\/strong><\/span><\/h3>\n<h3 style=\"text-align: right;\"><a href=\"https:\/\/matrend.hu\/maitrend\/?p=4098\" target=\"_blank\" rel=\"noopener\"><span style=\"color: #ff0000;\">&#8212;&gt;&gt; K\u00d6VETKEZ\u0150 OLDAL<\/span><\/a><\/h3>\n<p>&#8211;<\/p>\n<p>Az 5-\u00f6s egyik kev\u00e9s hib\u00e1ja, hogy a hajt\u00e1sl\u00e1nc sem egyped\u00e1los vezet\u00e9si m\u00f3dot, sem val\u00f3di vitorl\u00e1z\u00f3 \u00fczemm\u00f3dot nem k\u00edn\u00e1l. Felt\u00e9telezhet\u0151en ez k\u00f6nnyen orvosolhat\u00f3 lett volna, mivel a 4-es viszont el\u00e9g agressz\u00edv egyped\u00e1los m\u00f3dot kapott. (Amint felengeded a g\u00e1zped\u00e1lt, az aut\u00f3 jelent\u0151sen lassul, eg\u00e9szen a teljes meg\u00e1ll\u00e1sig.) Innen, a korm\u00e1nyker\u00e9k m\u00f6g\u00f6tti v\u00e1lt\u00f3f\u00fclekkel fokozatosan cs\u00f6kkenthet\u0151 a regenerat\u00edv f\u00e9kez\u00e9s hat\u00e1sa, m\u00edg el nem \u00e9red a szinte teljesen szabadon gurul\u00f3 \u00fczemm\u00f3dot, amikor a 4-es saj\u00e1t lend\u00fclet\u00e9b\u0151l vagy gravit\u00e1ci\u00f3val suhan tov\u00e1bb. Ahogy mindig, most is j\u00f3, hogy van v\u00e1laszt\u00e1si lehet\u0151s\u00e9g.<\/p>\n<p>M\u00e1s tekintetben a 4-es intuit\u00edv j\u00e1rm\u0171. A f\u00e9kped\u00e1l eleinte meglehet\u0151sen \u00e9rz\u00e9keny, de ehhez gyorsan hozz\u00e1 lehet szokni, \u00e9s ut\u00e1na m\u00e1r \u00e9lvezhet\u0151 a meglep\u0151en hat\u00e1rozott visszajelz\u00e9s. Egy olyan kateg\u00f3ri\u00e1ban, ahol a \u201eszivacsos\u201d f\u00e9k\u00e9rzet gyakori, ez \u00fajabb kellemes meglepet\u00e9s, \u00e9s arra eml\u00e9keztet, hogy a Renault val\u00f3ban odafigyel a r\u00e9szletekre.<\/p>\n<p>A teljes\u00edtm\u00e9ny pont olyan, amilyet egy ilyen aut\u00f3t\u00f3l elv\u00e1rn\u00e1nk. A tesztelt 8,6 m\u00e1sodperces 0\u2013100 km\/h-s gyorsul\u00e1s n\u00e9gy tizeddel marad el a kisebb \u00e9s k\u00f6nnyebb testv\u00e9r\u00e9t\u0151l, \u00e9s alig egy m\u00e1sodperccel van a Puma Gen-E m\u00f6g\u00f6tt. A 48\u2013113 km\/h (30\u201370 mph) gyorsul\u00e1s 7,5 m\u00e1sodperces ideje nem fog senkit leny\u0171g\u00f6zni, de el\u00e9g ahhoz, hogy sz\u00fcks\u00e9g eset\u00e9n megel\u0151zz valakit, vagy felgyorsulj egy r\u00f6vid gyors\u00edt\u00f3s\u00e1von. Teszi a dolg\u00e1t, \u00e9s ebben az \u00e1rkateg\u00f3ri\u00e1ban, ebben az oszt\u00e1lyban teljesen versenyk\u00e9pes.<\/p>\n<p>Ha az elektromos vil\u00e1gon bel\u00fcl enn\u00e9l jelent\u0151sen nagyobb temp\u00f3t akarsz, akkor m\u00e9lyebben kell a zsebedbe ny\u00falni, p\u00e9ld\u00e1ul a 37 ezer fontos Mini Aceman JCW vagy a Volvo EX30 eset\u00e9n. Igen, a Renault k\u00e9sz\u00edt egy Alpine-hangol\u00e1s\u00fa v\u00e1ltozatot az 5-\u00f6sb\u0151l, 174 vagy 215 l\u00f3er\u0151vel, de val\u00f3sz\u00edn\u0171tlen, hogy a kev\u00e9sb\u00e9 sportos 4-es ugyanezt a b\u00e1n\u00e1sm\u00f3dot megkapn\u00e1. Azok, akik gyorsabb v\u00e1ltozatra v\u00e1gynak ebb\u0151l a mini-kombib\u00f3l, \u00e9rdemes kiv\u00e1rni egy esetleges \u00f6sszker\u00e9khajt\u00e1s\u00fa verzi\u00f3t, ami egy m\u00e1sodik villanymotort jelentene a h\u00e1ts\u00f3 tengelyen.<\/p>\n","protected":false},"excerpt":{"rendered":"<p>\u00dajabb csap\u00e1s \u00e9rte: \u00e9desanyja h\u00edvta telefonon, hogy azonnal menjen Pilisre, mert h\u00faga, Lilike v\u00e1ratlanul meghalt. \u201e\u00c9desap\u00e1m elveszt\u00e9se 2012-ben is nagyon&#8230; <span class=\"gridview-grid-post-read-more\"><a href=\"https:\/\/matrend.hu\/nekedinfo\/elhunyt-partai-lucia-lanya\/\">read more<span class=\"gridview-sr-only\"> Elhunyt P\u00e1rtai Lucia l\u00e1nya<\/span><\/a><\/span><\/p>\n","protected":false},"author":1,"featured_media":4118,"comment_status":"open","ping_status":"open","sticky":false,"template":"","format":"standard","meta":{"footnotes":""},"categories":[1],"tags":[],"class_list":["post-4117","post","type-post","status-publish","format-standard","has-post-thumbnail","hentry","category-egyeb","wpcat-1-id"],"_links":{"self":[{"href":"https:\/\/matrend.hu\/nekedinfo\/wp-json\/wp\/v2\/posts\/4117","targetHints":{"allow":["GET"]}}],"collection":[{"href":"https:\/\/matrend.hu\/nekedinfo\/wp-json\/wp\/v2\/posts"}],"about":[{"href":"https:\/\/matrend.hu\/nekedinfo\/wp-json\/wp\/v2\/types\/post"}],"author":[{"embeddable":true,"href":"https:\/\/matrend.hu\/nekedinfo\/wp-json\/wp\/v2\/users\/1"}],"replies":[{"embeddable":true,"href":"https:\/\/matrend.hu\/nekedinfo\/wp-json\/wp\/v2\/comments?post=4117"}],"version-history":[{"count":1,"href":"https:\/\/matrend.hu\/nekedinfo\/wp-json\/wp\/v2\/posts\/4117\/revisions"}],"predecessor-version":[{"id":4119,"href":"https:\/\/matrend.hu\/nekedinfo\/wp-json\/wp\/v2\/posts\/4117\/revisions\/4119"}],"wp:featuredmedia":[{"embeddable":true,"href":"https:\/\/matrend.hu\/nekedinfo\/wp-json\/wp\/v2\/media\/4118"}],"wp:attachment":[{"href":"https:\/\/matrend.hu\/nekedinfo\/wp-json\/wp\/v2\/media?parent=4117"}],"wp:term":[{"taxonomy":"category","embeddable":true,"href":"https:\/\/matrend.hu\/nekedinfo\/wp-json\/wp\/v2\/categories?post=4117"},{"taxonomy":"post_tag","embeddable":true,"href":"https:\/\/matrend.hu\/nekedinfo\/wp-json\/wp\/v2\/tags?post=4117"}],"curies":[{"name":"wp","href":"https:\/\/api.w.org\/{rel}","templated":true}]}}