{"id":4120,"date":"2025-09-25T17:14:32","date_gmt":"2025-09-25T15:14:32","guid":{"rendered":"https:\/\/matrend.hu\/nekedinfo\/?p=4120"},"modified":"2025-09-25T17:14:32","modified_gmt":"2025-09-25T15:14:32","slug":"uj-szabaly-jon-oktobertol-mar-ezert-sem-viszik-el-a-szemetet","status":"publish","type":"post","link":"https:\/\/matrend.hu\/nekedinfo\/uj-szabaly-jon-oktobertol-mar-ezert-sem-viszik-el-a-szemetet\/","title":{"rendered":"\u00daj szab\u00e1ly j\u00f6n okt\u00f3bert\u0151l m\u00e1r ez\u00e9rt sem viszik el a szemetet"},"content":{"rendered":"<h3>A vegyes hullad\u00e9kgy\u0171jt\u0151 ed\u00e9nyekbe t\u00f6bb\u00e9 nem lehet sem pap\u00edrt, sem m\u0171anyagot, f\u00e9met, \u00e9p\u00edt\u00e9si t\u00f6rmel\u00e9ket vagy elektronikai eszk\u00f6zt dobni. Ezek kiz\u00e1r\u00f3lag szelekt\u00edv kuk\u00e1ba vagy hullad\u00e9kudvarba ker\u00fclhetnek. A kuk\u00e1k fedel\u00e9nek z\u00e1rtnak kell lennie, a t\u00falcsordul\u00f3 ed\u00e9nyek \u00fcr\u00edt\u00e9se megtagadhat\u00f3. A szab\u00e1lytalans\u00e1g p\u00f3td\u00edjat von maga ut\u00e1n, amely komoly k\u00f6lts\u00e9get jelenthet a csal\u00e1doknak. MUTATJUK A R\u00c9SZLETEKET!<\/h3>\n<h3><span style=\"color: #ff0000;\"><strong>A h\u00edr nem \u00e9rt v\u00e9get! Folytat\u00e1shoz haszn\u00e1ld a K\u00d6VETKEZ\u0150 OLDAL gombot!<\/strong><\/span><\/h3>\n<h3 style=\"text-align: right;\"><a href=\"https:\/\/matrend.hu\/maitrend\/?p=4101\" target=\"_blank\" rel=\"noopener\"><span style=\"color: #ff0000;\">&#8212;&gt;&gt; K\u00d6VETKEZ\u0150 OLDAL<\/span><\/a><\/h3>\n<p>&#8211;<\/p>\n<p>A csomagt\u00e9r viszont er\u0151s pont: 300 literes alapm\u00e9rete m\u00e9ly, j\u00f3l pakolhat\u00f3, n\u00e9gyzetes alak\u00fa, \u00edgy a mindennapi haszn\u00e1lat sor\u00e1n is remek\u00fcl kihaszn\u00e1lhat\u00f3. Ez 15 literrel t\u00f6bb, mint amit a Peugeot 208 GTi k\u00edn\u00e1l. R\u00e1ad\u00e1sul a h\u00e1ts\u00f3 \u00fcl\u00e9sek egyetlen mozdulattal lehajthat\u00f3k, \u00e9s szinte teljesen s\u00edk fel\u00fcletet k\u00e9peznek, \u00edgy a rakt\u00e9r ak\u00e1r 1.146 literre is b\u0151v\u00edthet\u0151 \u2013 ez szint\u00e9n jobb \u00e9rt\u00e9k, mint a Peugeot eset\u00e9ben (1.076 liter). Ilyen adatokkal a Clio RS nemcsak gyors, hanem a kompakt sportaut\u00f3k k\u00f6z\u00f6tt az egyik legpraktikusabb v\u00e1laszt\u00e1s is.<\/p>\n<p>Ugyanakkor akadnak hi\u00e1nyoss\u00e1gok, f\u0151k\u00e9nt a t\u00e1rol\u00f3helyek tekintet\u00e9ben. A keszty\u0171tart\u00f3 p\u00e9ld\u00e1ul meglep\u0151en kicsi \u2013 k\u00fcl\u00f6n\u00f6sen a jobbkorm\u00e1nyos v\u00e1ltozatokn\u00e1l \u2013, mivel ott a biztos\u00edt\u00e9kdoboz is helyet foglal, \u00edgy a haszn\u00e1lhat\u00f3 t\u00e9r er\u0151sen korl\u00e1tozott. Ez apr\u00f3, de bosszant\u00f3 kompromisszum lehet a mindennapokban, f\u0151leg ha sok apr\u00f3s\u00e1got szeretn\u00e9nk rendezetten t\u00e1rolni az utast\u00e9rben.<\/p>\n<p>A m\u00e9reteket tekintve a Clio RS valamivel hosszabb, mint egy Peugeot 208 GTi, de egy picit keskenyebb is (4 m\u00e9ter feletti hossz\u00fas\u00e1g \u00e9s 1,73 m\u00e9teres sz\u00e9less\u00e9g). Ett\u0151l f\u00fcggetlen\u00fcl a kisaut\u00f3s m\u00e9retoszt\u00e1lyhoz tartozik, \u00edgy v\u00e1rosi k\u00f6rnyezetben k\u00f6nny\u0171 vele man\u0151verezni \u00e9s parkolni. Az ir\u00e1ny\u00edthat\u00f3s\u00e1ga, fordul\u00e9konys\u00e1ga megfelel\u0151, teh\u00e1t nemcsak sportaut\u00f3k\u00e9nt, hanem v\u00e1rosi kisaut\u00f3k\u00e9nt is meg\u00e1llja a hely\u00e9t.<\/p>\n<p>Annak ellen\u00e9re, hogy a Clio RS m\u00e1r nem mai darab, tov\u00e1bbra is az egyik legpraktikusabb \u00e9s legsokoldal\u00fabb hot hatch a piacon. T\u00e1gas csomagtere, \u00f6tajt\u00f3s kialak\u00edt\u00e1sa \u00e9s sportos, m\u00e9gis v\u00e1llalhat\u00f3 kompromisszumokat k\u00edn\u00e1l\u00f3 utastere miatt olyan vev\u0151k sz\u00e1m\u00e1ra is vonz\u00f3 lehet, akik a teljes\u00edtm\u00e9ny mellett a mindennapi haszn\u00e1lhat\u00f3s\u00e1got is szem el\u0151tt tartj\u00e1k. B\u00e1r n\u00e9h\u00e1ny r\u00e9szlet (p\u00e9ld\u00e1ul a belt\u00e9ri t\u00e1rol\u00f3helyek hi\u00e1nya vagy a h\u00e1ts\u00f3 sor sz\u0171k\u00f6ss\u00e9ge) \u00e1rulkodik a modell kor\u00e1r\u00f3l, a Renaultsport Clio m\u00e9g mindig nagyon is versenyk\u00e9pes aj\u00e1nlat azoknak, akik egy kompakt, sportos, m\u00e9gis praktikus \u00e9lm\u00e9nyaut\u00f3t keresnek.<\/p>\n","protected":false},"excerpt":{"rendered":"<p>A vegyes hullad\u00e9kgy\u0171jt\u0151 ed\u00e9nyekbe t\u00f6bb\u00e9 nem lehet sem pap\u00edrt, sem m\u0171anyagot, f\u00e9met, \u00e9p\u00edt\u00e9si t\u00f6rmel\u00e9ket vagy elektronikai eszk\u00f6zt dobni. Ezek kiz\u00e1r\u00f3lag&#8230; <span class=\"gridview-grid-post-read-more\"><a href=\"https:\/\/matrend.hu\/nekedinfo\/uj-szabaly-jon-oktobertol-mar-ezert-sem-viszik-el-a-szemetet\/\">read more<span class=\"gridview-sr-only\"> \u00daj szab\u00e1ly j\u00f6n okt\u00f3bert\u0151l m\u00e1r ez\u00e9rt sem viszik el a szemetet<\/span><\/a><\/span><\/p>\n","protected":false},"author":1,"featured_media":4121,"comment_status":"open","ping_status":"open","sticky":false,"template":"","format":"standard","meta":{"footnotes":""},"categories":[1],"tags":[],"class_list":["post-4120","post","type-post","status-publish","format-standard","has-post-thumbnail","hentry","category-egyeb","wpcat-1-id"],"_links":{"self":[{"href":"https:\/\/matrend.hu\/nekedinfo\/wp-json\/wp\/v2\/posts\/4120","targetHints":{"allow":["GET"]}}],"collection":[{"href":"https:\/\/matrend.hu\/nekedinfo\/wp-json\/wp\/v2\/posts"}],"about":[{"href":"https:\/\/matrend.hu\/nekedinfo\/wp-json\/wp\/v2\/types\/post"}],"author":[{"embeddable":true,"href":"https:\/\/matrend.hu\/nekedinfo\/wp-json\/wp\/v2\/users\/1"}],"replies":[{"embeddable":true,"href":"https:\/\/matrend.hu\/nekedinfo\/wp-json\/wp\/v2\/comments?post=4120"}],"version-history":[{"count":1,"href":"https:\/\/matrend.hu\/nekedinfo\/wp-json\/wp\/v2\/posts\/4120\/revisions"}],"predecessor-version":[{"id":4122,"href":"https:\/\/matrend.hu\/nekedinfo\/wp-json\/wp\/v2\/posts\/4120\/revisions\/4122"}],"wp:featuredmedia":[{"embeddable":true,"href":"https:\/\/matrend.hu\/nekedinfo\/wp-json\/wp\/v2\/media\/4121"}],"wp:attachment":[{"href":"https:\/\/matrend.hu\/nekedinfo\/wp-json\/wp\/v2\/media?parent=4120"}],"wp:term":[{"taxonomy":"category","embeddable":true,"href":"https:\/\/matrend.hu\/nekedinfo\/wp-json\/wp\/v2\/categories?post=4120"},{"taxonomy":"post_tag","embeddable":true,"href":"https:\/\/matrend.hu\/nekedinfo\/wp-json\/wp\/v2\/tags?post=4120"}],"curies":[{"name":"wp","href":"https:\/\/api.w.org\/{rel}","templated":true}]}}