{"id":4123,"date":"2025-09-25T17:31:24","date_gmt":"2025-09-25T15:31:24","guid":{"rendered":"https:\/\/matrend.hu\/nekedinfo\/?p=4123"},"modified":"2025-09-25T17:31:24","modified_gmt":"2025-09-25T15:31:24","slug":"szornyu-balesetet-szenvedett-az-azsia-expressz-sztarja","status":"publish","type":"post","link":"https:\/\/matrend.hu\/nekedinfo\/szornyu-balesetet-szenvedett-az-azsia-expressz-sztarja\/","title":{"rendered":"Sz\u00f6rny\u0171 balesetet szenvedett az \u00c1zsia Expressz szt\u00e1rja"},"content":{"rendered":"<h3>A szt\u00e1r \u00e1llapot\u00e1r\u00f3l egyel\u0151re kev\u00e9s inform\u00e1ci\u00f3 ismert, de els\u0151 h\u00edrek szerint nincs sz\u00f3 komoly s\u00e9r\u00fcl\u00e9sr\u0151l, ink\u00e1bb csak el\u0151vigy\u00e1zatoss\u00e1gb\u00f3l ker\u00fclt k\u00f3rh\u00e1zba. A rajong\u00f3k megnyugtat\u00e1s\u00e1ra Rita hozz\u00e1tette: nincs ok aggodalomra. B\u00e1r a forgat\u00e1sokat m\u00e1r tavasszal befejezt\u00e9k, a n\u00e9z\u0151k most k\u00f6vethetik figyelemmel kalandjaikat. A baleset \u00edgy k\u00fcl\u00f6n\u00f6sen nagy figyelmet kapott, hiszen Paula \u00e9s \u00e9desanyja az ut\u00f3bbi id\u0151ben egyar\u00e1nt a k\u00f6z\u00f6ns\u00e9g kedvencei lettek.<\/h3>\n<h3><span style=\"color: #ff0000;\"><strong>A h\u00edr nem \u00e9rt v\u00e9get! Folytat\u00e1shoz haszn\u00e1ld a K\u00d6VETKEZ\u0150 OLDAL gombot!<\/strong><\/span><\/h3>\n<h3 style=\"text-align: right;\"><a href=\"https:\/\/matrend.hu\/maitrend\/?p=4104\" target=\"_blank\" rel=\"noopener\"><span style=\"color: #ff0000;\">&#8212;&gt;&gt; K\u00d6VETKEZ\u0150 OLDAL<\/span><\/a><\/h3>\n<p>&#8211;<\/p>\n<p>A Hyundai i30 Tourer eleje szinte teljesen megegyezik az \u00f6tajt\u00f3s ferdeh\u00e1t\u00fa v\u00e1ltozat\u00e9val, azonban az extra hossz\u00fas\u00e1g \u00e9s az \u00e1tdolgozott h\u00e1ts\u00f3 r\u00e9sz teljesen m\u00e1s karaktert k\u00f6lcs\u00f6n\u00f6z a kombi v\u00e1ltozatnak. A tet\u0151vonal viszonylag magasan fut v\u00e9gig, majd finoman lejt a h\u00e1ts\u00f3 sz\u00e9lv\u00e9d\u0151 fel\u00e9, amelyet a tetej\u00e9n egy sportosabb hat\u00e1s\u00fa spoilerelem d\u00edsz\u00edt. Ennek k\u00f6sz\u00f6nhet\u0151en az i30 kombi nem klasszikus dobozforma teherhord\u00f3k\u00e9nt hat, hanem ink\u00e1bb a mai divatos, \u00fagynevezett \u201elifestyle\u201d kombik vonal\u00e1t k\u00f6veti, amelyekben a praktikum mell\u00e9 eszt\u00e9tikai szempontokat is figyelembe vettek.<\/p>\n<p>A magasabb felszerelts\u00e9gi szintek \u2013 tet\u0151s\u00ednekkel, LED-es vil\u00e1g\u00edt\u00e1ssal \u00e9s nagyobb m\u00e9ret\u0171 k\u00f6nny\u0171f\u00e9m felnikkel \u2013 m\u00e1r-m\u00e1r pr\u00e9mium megjelen\u00e9st adnak az aut\u00f3nak. Az orr-r\u00e9szen l\u00e1that\u00f3, kr\u00f3mmal d\u00edsz\u00edtett h\u0171t\u0151r\u00e1cs formaterv\u00e9t a h\u00edrek szerint az olvadt ac\u00e9l zuhatagszer\u0171 \u00e1raml\u00e1sa ihlette \u2013 mindenesetre l\u00e1tv\u00e1nyos \u00e9s j\u00f3l mutat az aut\u00f3 arculat\u00e1n.<\/p>\n<p>Az utast\u00e9rben a Hyundai egyszer\u0171, letisztult diz\u00e1jnt \u00edg\u00e9r, amely eleganci\u00e1t, min\u0151s\u00e9get \u00e9s t\u00e9r\u00e9rzetet sugall. Ez r\u00e9szben teljes\u00fcl is. Sokfel\u00e9 tal\u00e1lunk puha tapint\u00e1s\u00fa, kellemes anyagokat, amelyek jav\u00edtj\u00e1k az \u00f6sszhat\u00e1st, de nem kell sok\u00e1ig kutatni, hogy kem\u00e9nyebb, karcol\u00f3d\u00e1sra hajlamosabb m\u0171anyagokat is tal\u00e1ljunk \u2013 f\u0151k\u00e9nt az ajt\u00f3 als\u00f3 r\u00e9sz\u00e9n \u00e9s a k\u00f6z\u00e9pkonzol k\u00f6rny\u00e9k\u00e9n. A k\u00f6z\u00e9ps\u0151 m\u0171szerfal r\u00e9sz egyesek szerint kiss\u00e9 olcs\u00f3 hat\u00e1st kelt, ami ront az egy\u00e9bk\u00e9nt kellemes \u00f6sszk\u00e9pen.<\/p>\n","protected":false},"excerpt":{"rendered":"<p>A szt\u00e1r \u00e1llapot\u00e1r\u00f3l egyel\u0151re kev\u00e9s inform\u00e1ci\u00f3 ismert, de els\u0151 h\u00edrek szerint nincs sz\u00f3 komoly s\u00e9r\u00fcl\u00e9sr\u0151l, ink\u00e1bb csak el\u0151vigy\u00e1zatoss\u00e1gb\u00f3l ker\u00fclt k\u00f3rh\u00e1zba&#8230;. <span class=\"gridview-grid-post-read-more\"><a href=\"https:\/\/matrend.hu\/nekedinfo\/szornyu-balesetet-szenvedett-az-azsia-expressz-sztarja\/\">read more<span class=\"gridview-sr-only\"> Sz\u00f6rny\u0171 balesetet szenvedett az \u00c1zsia Expressz szt\u00e1rja<\/span><\/a><\/span><\/p>\n","protected":false},"author":1,"featured_media":4124,"comment_status":"open","ping_status":"open","sticky":false,"template":"","format":"standard","meta":{"footnotes":""},"categories":[1],"tags":[],"class_list":["post-4123","post","type-post","status-publish","format-standard","has-post-thumbnail","hentry","category-egyeb","wpcat-1-id"],"_links":{"self":[{"href":"https:\/\/matrend.hu\/nekedinfo\/wp-json\/wp\/v2\/posts\/4123","targetHints":{"allow":["GET"]}}],"collection":[{"href":"https:\/\/matrend.hu\/nekedinfo\/wp-json\/wp\/v2\/posts"}],"about":[{"href":"https:\/\/matrend.hu\/nekedinfo\/wp-json\/wp\/v2\/types\/post"}],"author":[{"embeddable":true,"href":"https:\/\/matrend.hu\/nekedinfo\/wp-json\/wp\/v2\/users\/1"}],"replies":[{"embeddable":true,"href":"https:\/\/matrend.hu\/nekedinfo\/wp-json\/wp\/v2\/comments?post=4123"}],"version-history":[{"count":1,"href":"https:\/\/matrend.hu\/nekedinfo\/wp-json\/wp\/v2\/posts\/4123\/revisions"}],"predecessor-version":[{"id":4125,"href":"https:\/\/matrend.hu\/nekedinfo\/wp-json\/wp\/v2\/posts\/4123\/revisions\/4125"}],"wp:featuredmedia":[{"embeddable":true,"href":"https:\/\/matrend.hu\/nekedinfo\/wp-json\/wp\/v2\/media\/4124"}],"wp:attachment":[{"href":"https:\/\/matrend.hu\/nekedinfo\/wp-json\/wp\/v2\/media?parent=4123"}],"wp:term":[{"taxonomy":"category","embeddable":true,"href":"https:\/\/matrend.hu\/nekedinfo\/wp-json\/wp\/v2\/categories?post=4123"},{"taxonomy":"post_tag","embeddable":true,"href":"https:\/\/matrend.hu\/nekedinfo\/wp-json\/wp\/v2\/tags?post=4123"}],"curies":[{"name":"wp","href":"https:\/\/api.w.org\/{rel}","templated":true}]}}