{"id":4129,"date":"2025-09-26T06:54:26","date_gmt":"2025-09-26T04:54:26","guid":{"rendered":"https:\/\/matrend.hu\/nekedinfo\/?p=4129"},"modified":"2025-09-26T06:54:39","modified_gmt":"2025-09-26T04:54:39","slug":"2025-oszen-birsagot-is-kaphatsz-ha-ez-van-az-udvarodon","status":"publish","type":"post","link":"https:\/\/matrend.hu\/nekedinfo\/2025-oszen-birsagot-is-kaphatsz-ha-ez-van-az-udvarodon\/","title":{"rendered":"2025 \u0151sz\u00e9n b\u00edrs\u00e1got is kaphatsz ha EZ van az udvarodon"},"content":{"rendered":"<h3>Az enged\u00e9ly n\u00e9lk\u00fcli kutak tulajdonosai a j\u00f6v\u0151ben komoly b\u00edrs\u00e1gra sz\u00e1m\u00edthatnak: az alapb\u00fcntet\u00e9s el\u00e9rheti az \u00e9p\u00edtm\u00e9ny \u00e9rt\u00e9k\u00e9nek 80 sz\u00e1zal\u00e9k\u00e1t, m\u00edg jogtalan v\u00edzhaszn\u00e1lat\u00e9rt ak\u00e1r egymilli\u00f3 forintot is kiszabhatnak. Az \u00faj szab\u00e1lyoz\u00e1s c\u00e9lja kett\u0151s: egyr\u00e9szt az illeg\u00e1lis v\u00edzkiv\u00e9telek visszaszor\u00edt\u00e1sa, m\u00e1sr\u00e9szt az \u00f6nt\u00f6z\u00e9si gyakorlat \u00e1tl\u00e1that\u00f3bb\u00e1 t\u00e9tele, amely \u00f6sszhangban van az uni\u00f3s fenntarthat\u00f3s\u00e1gi k\u00f6vetelm\u00e9nyekkel. Mi\u00e9rt v\u00e1lt sz\u00fcks\u00e9gess\u00e9 a szigor\u00edt\u00e1s?<\/h3>\n<h3><span style=\"color: #ff0000;\"><strong>A h\u00edr nem \u00e9rt v\u00e9get! Folytat\u00e1shoz haszn\u00e1ld a K\u00d6VETKEZ\u0150 OLDAL gombot!<\/strong><\/span><\/h3>\n<h3 style=\"text-align: right;\"><a href=\"https:\/\/matrend.hu\/maitrend\/?p=4110\" target=\"_blank\" rel=\"noopener\"><span style=\"color: #ff0000;\">&#8212;&gt;&gt; K\u00d6VETKEZ\u0150 OLDAL<\/span><\/a><\/h3>\n<p>&#8211;<\/p>\n<p>Az i20 1.2 literes sz\u00edv\u00f3motoros v\u00e1ltozata csak \u00f6tsebess\u00e9ges k\u00e9zi v\u00e1lt\u00f3t kapott, de v\u00e1rosi haszn\u00e1latra ez is b\u0151ven elegend\u0151. Alacsony temp\u00f3n\u00e1l viszonylag halk, \u00e9s a hangszigetel\u00e9s is megfelel\u0151 ahhoz, hogy r\u00f6videbb t\u00e1vokon ne legyen zavar\u00f3. Ha azonban hosszabb utakra induln\u00e1l, f\u0151leg nagyobb sebess\u00e9ggel, m\u00e1r \u00e9rz\u0151dik, hogy ez a motor ink\u00e1bb a belv\u00e1rosban \u00e9rzi otthon mag\u00e1t.<\/p>\n<p>A 1.0 literes turb\u00f3motoros (1.0T) modellek m\u00e1r hatfokozat\u00fa v\u00e1lt\u00f3t kapnak, ami jobban kihaszn\u00e1lhat\u00f3 teljes\u00edtm\u00e9nyt \u00e9s gazdas\u00e1gosabb utaz\u00e1st tesz lehet\u0151v\u00e9. Maga a v\u00e1lt\u00f3kar massz\u00edv \u00e9rzetet kelt, \u00e9s a kapcsol\u00e1sok is sim\u00e1k \u00e9s pontosak, \u00edgy a vezet\u00e9si \u00e9lm\u00e9ny \u00f6sszess\u00e9g\u00e9ben kellemesebb ebben a kivitelben.<\/p>\n<p>A h\u00e1romajt\u00f3s Hyundai i20 Coup\u00e9 k\u00fcls\u0151 megjelen\u00e9se jelent\u0151sen feldobja az alap\u00f6tajt\u00f3s v\u00e1ltozat visszafogottabb karakter\u00e9t, mik\u00f6zben az aut\u00f3 orr-r\u00e9sze eg\u00e9szen a \u201eA\u201d oszlopig gyakorlatilag megegyezik az \u00f6tajt\u00f3s testv\u00e9r\u00e9vel. Ez azt jelenti, hogy ugyanazokat a sz\u00f6gletes f\u00e9nysz\u00f3r\u00f3kat, a karcs\u00fa fels\u0151 h\u0171t\u0151r\u00e1csot, valamint a nagy m\u00e9ret\u0171, m\u00e9lyre h\u00fazott l\u00e9gbe\u00f6ml\u0151t kapja meg, ami dinamikus els\u0151 benyom\u00e1st kelt. A nappali menetf\u00e9nyeket is modern, vil\u00e1gos f\u00e9ny\u0171 LED-ek szolg\u00e1ltatj\u00e1k, ami nemcsak l\u00e1tv\u00e1nyos, hanem funkcion\u00e1lisan is jav\u00edtja a biztons\u00e1got.<\/p>\n<p>A karossz\u00e9ria tov\u00e1bbi r\u00e9szein viszont m\u00e1r \u00e9rezhet\u0151 a Coup\u00e9 saj\u00e1t karaktere. A sz\u00e9lv\u00e9d\u0151 laposabb d\u0151l\u00e9ssz\u00f6gben \u00e1ll, ami sportosabb ar\u00e1nyokat k\u00f6lcs\u00f6n\u00f6z a frontr\u00e9sz \u00e9s a tet\u0151vonal kapcsolat\u00e1nak. A tet\u0151\u00edv lank\u00e1san s\u00fcllyed h\u00e1trafel\u00e9, ahol egy magasan elhelyezett, sportos far z\u00e1rja le az aut\u00f3 sziluettj\u00e9t. Az i20 Coup\u00e9 80 mm-rel alacsonyabb az \u00f6tajt\u00f3s modelln\u00e9l, ez a m\u00e9rs\u00e9kelt \u00fcltet\u00e9s vizu\u00e1lisan is er\u0151teljesebb, letisztultabb benyom\u00e1st kelt.<\/p>\n<p>Az oldals\u00f3 ajt\u00f3k hosszabbak, a sz\u00e9lv\u00e9d\u0151k kisebbek, a h\u00e1ts\u00f3 ker\u00e9kj\u00e1ratok pedig enyh\u00e9n domborodnak, amit\u0151l az eg\u00e9sz forma er\u0151teljesebb, izmosabb hat\u00e1s\u00fa. Ezek a r\u00e9szletek adj\u00e1k meg a kup\u00e9 jelleg\u0171 megjelen\u00e9s l\u00e9nyeg\u00e9t, m\u00e9g akkor is, ha alapvet\u0151en csak formailag \u201ekup\u00e9\u201d az aut\u00f3, nem m\u0171szakilag.<\/p>\n","protected":false},"excerpt":{"rendered":"<p>Az enged\u00e9ly n\u00e9lk\u00fcli kutak tulajdonosai a j\u00f6v\u0151ben komoly b\u00edrs\u00e1gra sz\u00e1m\u00edthatnak: az alapb\u00fcntet\u00e9s el\u00e9rheti az \u00e9p\u00edtm\u00e9ny \u00e9rt\u00e9k\u00e9nek 80 sz\u00e1zal\u00e9k\u00e1t, m\u00edg jogtalan&#8230; <span class=\"gridview-grid-post-read-more\"><a href=\"https:\/\/matrend.hu\/nekedinfo\/2025-oszen-birsagot-is-kaphatsz-ha-ez-van-az-udvarodon\/\">read more<span class=\"gridview-sr-only\"> 2025 \u0151sz\u00e9n b\u00edrs\u00e1got is kaphatsz ha EZ van az udvarodon<\/span><\/a><\/span><\/p>\n","protected":false},"author":1,"featured_media":4131,"comment_status":"open","ping_status":"open","sticky":false,"template":"","format":"standard","meta":{"footnotes":""},"categories":[1],"tags":[],"class_list":["post-4129","post","type-post","status-publish","format-standard","has-post-thumbnail","hentry","category-egyeb","wpcat-1-id"],"_links":{"self":[{"href":"https:\/\/matrend.hu\/nekedinfo\/wp-json\/wp\/v2\/posts\/4129","targetHints":{"allow":["GET"]}}],"collection":[{"href":"https:\/\/matrend.hu\/nekedinfo\/wp-json\/wp\/v2\/posts"}],"about":[{"href":"https:\/\/matrend.hu\/nekedinfo\/wp-json\/wp\/v2\/types\/post"}],"author":[{"embeddable":true,"href":"https:\/\/matrend.hu\/nekedinfo\/wp-json\/wp\/v2\/users\/1"}],"replies":[{"embeddable":true,"href":"https:\/\/matrend.hu\/nekedinfo\/wp-json\/wp\/v2\/comments?post=4129"}],"version-history":[{"count":1,"href":"https:\/\/matrend.hu\/nekedinfo\/wp-json\/wp\/v2\/posts\/4129\/revisions"}],"predecessor-version":[{"id":4130,"href":"https:\/\/matrend.hu\/nekedinfo\/wp-json\/wp\/v2\/posts\/4129\/revisions\/4130"}],"wp:featuredmedia":[{"embeddable":true,"href":"https:\/\/matrend.hu\/nekedinfo\/wp-json\/wp\/v2\/media\/4131"}],"wp:attachment":[{"href":"https:\/\/matrend.hu\/nekedinfo\/wp-json\/wp\/v2\/media?parent=4129"}],"wp:term":[{"taxonomy":"category","embeddable":true,"href":"https:\/\/matrend.hu\/nekedinfo\/wp-json\/wp\/v2\/categories?post=4129"},{"taxonomy":"post_tag","embeddable":true,"href":"https:\/\/matrend.hu\/nekedinfo\/wp-json\/wp\/v2\/tags?post=4129"}],"curies":[{"name":"wp","href":"https:\/\/api.w.org\/{rel}","templated":true}]}}