{"id":4132,"date":"2025-09-26T18:18:20","date_gmt":"2025-09-26T16:18:20","guid":{"rendered":"https:\/\/matrend.hu\/nekedinfo\/?p=4132"},"modified":"2025-09-26T18:18:20","modified_gmt":"2025-09-26T16:18:20","slug":"tragedia-olah-ibolyaval-parja-erositette-meg-a-megdobbento-hirt","status":"publish","type":"post","link":"https:\/\/matrend.hu\/nekedinfo\/tragedia-olah-ibolyaval-parja-erositette-meg-a-megdobbento-hirt\/","title":{"rendered":"Trag\u00e9dia Ol\u00e1h Iboly\u00e1val P\u00e1rja er\u0151s\u00edtette meg a megd\u00f6bbent\u0151 h\u00edrt"},"content":{"rendered":"<h3>Ol\u00e1h Ibolya trag\u00e9di\u00e1nak \u00e9li meg hogy m\u00e1r 46.\u00e9ves! Pedig rengetegen k\u00fcldik most j\u00f3k\u00edv\u00e1ns\u00e1gaikat. Az \u00e9nekesn\u0151 filmdr\u00e1m\u00e1ba ill\u0151 \u00e9letutat tudhat mag\u00e1\u00e9nak. 1978. janu\u00e1r 31-\u00e9n sz\u00fcletett Ol\u00e1h ibolya. 46 \u00e9ves lett \u2013 Boldog sz\u00fclinapot! A vad\u00f3c term\u00e9szet\u00e9r\u0151l \u00e9s ut\u00e1nozhatatlan hangj\u00e1r\u00f3l ismert el\u0151ad\u00f3 m\u0171v\u00e9szet\u00e9vel \u00e9s \u00e9lete t\u00f6rt\u00e9n\u00e9seivel az elm\u00falt esztend\u0151kben volt, hogy a reflektorok minden f\u00e9ny\u00e9t mag\u00e1ra ir\u00e1ny\u00edtotta, de az is el\u0151fordult, hogy teljesen elt\u0171nt a nyilv\u00e1noss\u00e1g el\u0151l.<\/h3>\n<h3><span style=\"color: #ff0000;\"><strong>A h\u00edr nem \u00e9rt v\u00e9get! Folytat\u00e1shoz haszn\u00e1ld a K\u00d6VETKEZ\u0150 OLDAL gombot!<\/strong><\/span><\/h3>\n<h3 style=\"text-align: right;\"><a href=\"https:\/\/matrend.hu\/maitrend\/?p=4113\" target=\"_blank\" rel=\"noopener\"><span style=\"color: #ff0000;\">&#8212;&gt;&gt; K\u00d6VETKEZ\u0150 OLDAL<\/span><\/a><\/h3>\n<p>&#8211;<\/p>\n<p>A Hyundai i20 Active kiz\u00e1r\u00f3lag egyetlen motorral \u00e9rhet\u0151 el \u2013 az 1,0 literes, turb\u00f3s h\u00e1romhengeres benzinessel \u2013, \u00e1m ez a kor\u00e1bbi 1,4 literes, sz\u00edv\u00f3 motorhoz k\u00e9pest l\u00e9nyegesen hat\u00e9konyabb megold\u00e1s. M\u00edg a r\u00e9gi, term\u00e9szetes l\u00e9legz\u00e9s\u0171 er\u0151forr\u00e1s hivatalosan 5,5 literes fogyaszt\u00e1st (51,4 mpg) \u00edg\u00e9rt, addig az \u00faj turb\u00f3motor a norm\u00e1l i20-ban t\u00f6bb mint 4,3 literes (65 mpg) \u00e1tlagot tud \u2013 legal\u00e1bbis a gy\u00e1ri adatok szerint.<\/p>\n<p>Azonban az Active v\u00e1ltozat terepes\u00edtett fel\u00e9p\u00edt\u00e9se \u00e9s nagyobb kerekei n\u00e9mileg visszavesznek ebb\u0151l a hat\u00e9konys\u00e1gb\u00f3l. A megemelt hasmagass\u00e1g \u00e9s az aerodinamikailag kev\u00e9sb\u00e9 kedvez\u0151 karossz\u00e9ria miatt a hivatalos kombin\u00e1lt fogyaszt\u00e1s 4,8 literre (58,9 mpg) n\u0151, ami m\u00e9g mindig j\u00f3nak mondhat\u00f3, de a val\u00f3s\u00e1gban ink\u00e1bb 6\u20136,5 liter k\u00f6r\u00fcli \u00e9rt\u00e9kekkel lehet sz\u00e1molni, k\u00fcl\u00f6n\u00f6sen v\u00e1rosi k\u00f6zleked\u00e9sben vagy vegyes haszn\u00e1lat mellett.<\/p>\n<p>A biztos\u00edt\u00e1si besorol\u00e1st az i20 Active eset\u00e9ben m\u00e9g nem v\u00e9gleges\u00edtett\u00e9k, de val\u00f3sz\u00edn\u0171, hogy csak minim\u00e1lisan lesz magasabb, mint az alap benzines i20-\u00e9, amely a 10-es csoportban tal\u00e1lhat\u00f3. Vannak ugyan olcs\u00f3bb biztos\u00edt\u00e1si d\u00edj\u00fa szuperminik is, de az Active kedvez\u0151bb helyzetben van a val\u00f3di crossoverk\u00e9nt \u00e9rtelmezett modellekkel szemben, mint p\u00e9ld\u00e1ul a Suzuki Vitara vagy a Renault Captur, amelyek \u00e1ltal\u00e1ban magasabb biztos\u00edt\u00e1si kateg\u00f3ri\u00e1ba tartoznak.<\/p>\n<p>Az elm\u00falt \u00e9vekben a Hyundai m\u00e1rka meg\u00edt\u00e9l\u00e9se jelent\u0151sen javult, \u00e9s ez a haszn\u00e1ltpiaci \u00e9rt\u00e9ktart\u00e1sra is j\u00f3t\u00e9kony hat\u00e1ssal volt. A norm\u00e1l i20 modell v\u00e1rhat\u00f3an 42\u201346 sz\u00e1zal\u00e9k k\u00f6z\u00f6tti \u00e9rt\u00e9ket tart meg \u00fajkori \u00e1r\u00e1b\u00f3l h\u00e1rom \u00e9v eltelt\u00e9vel, ami kifejezetten j\u00f3 eredm\u00e9ny ebben a szegmensben. Az i20 Active hasonl\u00f3, s\u0151t ak\u00e1r jobb \u00e9rt\u00e9ktart\u00e1st is mutathat, tekintve, hogy a crossoveres megjelen\u00e9s jelenleg rendk\u00edv\u00fcl n\u00e9pszer\u0171.<\/p>\n","protected":false},"excerpt":{"rendered":"<p>Ol\u00e1h Ibolya trag\u00e9di\u00e1nak \u00e9li meg hogy m\u00e1r 46.\u00e9ves! Pedig rengetegen k\u00fcldik most j\u00f3k\u00edv\u00e1ns\u00e1gaikat. Az \u00e9nekesn\u0151 filmdr\u00e1m\u00e1ba ill\u0151 \u00e9letutat tudhat mag\u00e1\u00e9nak&#8230;. <span class=\"gridview-grid-post-read-more\"><a href=\"https:\/\/matrend.hu\/nekedinfo\/tragedia-olah-ibolyaval-parja-erositette-meg-a-megdobbento-hirt\/\">read more<span class=\"gridview-sr-only\"> Trag\u00e9dia Ol\u00e1h Iboly\u00e1val P\u00e1rja er\u0151s\u00edtette meg a megd\u00f6bbent\u0151 h\u00edrt<\/span><\/a><\/span><\/p>\n","protected":false},"author":1,"featured_media":4133,"comment_status":"open","ping_status":"open","sticky":false,"template":"","format":"standard","meta":{"footnotes":""},"categories":[1],"tags":[],"class_list":["post-4132","post","type-post","status-publish","format-standard","has-post-thumbnail","hentry","category-egyeb","wpcat-1-id"],"_links":{"self":[{"href":"https:\/\/matrend.hu\/nekedinfo\/wp-json\/wp\/v2\/posts\/4132","targetHints":{"allow":["GET"]}}],"collection":[{"href":"https:\/\/matrend.hu\/nekedinfo\/wp-json\/wp\/v2\/posts"}],"about":[{"href":"https:\/\/matrend.hu\/nekedinfo\/wp-json\/wp\/v2\/types\/post"}],"author":[{"embeddable":true,"href":"https:\/\/matrend.hu\/nekedinfo\/wp-json\/wp\/v2\/users\/1"}],"replies":[{"embeddable":true,"href":"https:\/\/matrend.hu\/nekedinfo\/wp-json\/wp\/v2\/comments?post=4132"}],"version-history":[{"count":1,"href":"https:\/\/matrend.hu\/nekedinfo\/wp-json\/wp\/v2\/posts\/4132\/revisions"}],"predecessor-version":[{"id":4134,"href":"https:\/\/matrend.hu\/nekedinfo\/wp-json\/wp\/v2\/posts\/4132\/revisions\/4134"}],"wp:featuredmedia":[{"embeddable":true,"href":"https:\/\/matrend.hu\/nekedinfo\/wp-json\/wp\/v2\/media\/4133"}],"wp:attachment":[{"href":"https:\/\/matrend.hu\/nekedinfo\/wp-json\/wp\/v2\/media?parent=4132"}],"wp:term":[{"taxonomy":"category","embeddable":true,"href":"https:\/\/matrend.hu\/nekedinfo\/wp-json\/wp\/v2\/categories?post=4132"},{"taxonomy":"post_tag","embeddable":true,"href":"https:\/\/matrend.hu\/nekedinfo\/wp-json\/wp\/v2\/tags?post=4132"}],"curies":[{"name":"wp","href":"https:\/\/api.w.org\/{rel}","templated":true}]}}