{"id":4135,"date":"2025-09-26T18:52:45","date_gmt":"2025-09-26T16:52:45","guid":{"rendered":"https:\/\/matrend.hu\/nekedinfo\/?p=4135"},"modified":"2025-09-26T18:52:45","modified_gmt":"2025-09-26T16:52:45","slug":"oriasi-baki-az-rtl-hiradojaban","status":"publish","type":"post","link":"https:\/\/matrend.hu\/nekedinfo\/oriasi-baki-az-rtl-hiradojaban\/","title":{"rendered":"\u00d3ri\u00e1si baki az RTL H\u00edrad\u00f3j\u00e1ban"},"content":{"rendered":"<h3>Az RTL H\u00edrad\u00f3 legut\u00f3bbi ad\u00e1sa egy olyan v\u00e1ratlan jelenettel \u00e9rt v\u00e9get, amely nemcsak a n\u00e9z\u0151ket, hanem feltehet\u0151en magukat a m\u0171sorvezet\u0151ket is meglepte. Amikor a tud\u00f3s\u00edt\u00e1sok sor\u00e1t lez\u00e1rva Szell\u0151 Istv\u00e1n \u00e9s Er\u0151s Ant\u00f3nia szok\u00e1s szerint elk\u00f6sz\u00f6ntek volna a k\u00f6z\u00f6ns\u00e9gt\u0151l, Szell\u0151 Istv\u00e1n l\u00e1that\u00f3an nem volt kell\u0151en felk\u00e9sz\u00fclve a pillanatra.<\/h3>\n<h3><span style=\"color: #ff0000;\"><strong>A h\u00edr nem \u00e9rt v\u00e9get! Folytat\u00e1shoz haszn\u00e1ld a K\u00d6VETKEZ\u0150 OLDAL gombot!<\/strong><\/span><\/h3>\n<h3 style=\"text-align: right;\"><a href=\"https:\/\/matrend.hu\/maitrend\/?p=4116\" target=\"_blank\" rel=\"noopener\"><span style=\"color: #ff0000;\">&#8212;&gt;&gt; K\u00d6VETKEZ\u0150 OLDAL<\/span><\/a><\/h3>\n<p>&#8211;<\/p>\n<p>A Hyundai \u201esakkb\u00e1bu\u201d diz\u00e1jnkoncepci\u00f3ja az elektromos Ioniq alm\u00e1rk\u00e1j\u00e1hoz arra az elhat\u00e1roz\u00e1sra utal, hogy minden modellnek egyedi karaktert adjon. Ha a 9-est az Ioniq 5 \u00e9s az Ioniq 6 mell\u00e9 parkoljuk, m\u00e1r csak a jelv\u00e9ny \u00e9s az olyan r\u00e9szletek, mint a pixelf\u00e9ny-grafika \u00e1rulj\u00e1k el, mennyire k\u00f6zel \u00e1llnak egym\u00e1shoz.<\/p>\n<p>Ez mindenk\u00e9ppen egy olyan aut\u00f3, ami jobban n\u00e9z ki f\u00e9mb\u0151l, mint k\u00e9peken. Az ar\u00e1nyok min\u00e9l jobban kirajzol\u00f3dnak, min\u00e9l jobban kirajzol\u00f3dnak, \u00e9s rengeteg bonyolult r\u00e9szletet lehet \u00e9szrevenni: a \u201eh\u0171t\u0151r\u00e1cs\u201d m\u00f6g\u00f6tti rejtett mint\u00e1zatok, a kerekek, amelyek \u00fagy n\u00e9znek ki, mintha egy 70-es \u00e9vekbeli Alpin\u00e1r\u00f3l sz\u00e1rmazn\u00e1nak (de 21 h\u00fcvelykesek, nem pedig 15 h\u00fcvelykesek), \u00e9s ahogy a h\u00e1tulja egy id\u0151utaz\u00f3 Mk2 Volvo V70-re hasonl\u00edt. Az amorf elektromos pac\u00e1k kor\u00e1ban az Ioniq 9-nek megvan a saj\u00e1t st\u00edlusa. Hat\u00e1rozottan egy SUV, de oldaln\u00e9zet\u00e9ben \u00e9s h\u00e1ts\u00f3 kialak\u00edt\u00e1s\u00e1ban hat\u00e1rozottan felfedezhet\u0151k az egyter\u0171 \u00e9s a kombi jegyei.<\/p>\n<p>Ha k\u00f6zelebbr\u0151l megn\u00e9zed, \u00e9szreveszed a megform\u00e1lt alv\u00e1zat, az akt\u00edv l\u00e9grug\u00f3kat, a hull\u00e1mver\u00e9st cs\u00f6kkent\u0151 h\u00e1ts\u00f3 r\u00e9szt, az aerodinamikusan csiszolt k\u00f6nny\u0171f\u00e9m ker\u00e9kt\u00e1rcs\u00e1kat \u00e9s a Forma-1-es k\u00f3l\u00e1s\u00fcveg diz\u00e1jnt.<\/p>\n<p>Mindez azt jelenti, hogy az Ioniq 9 l\u00e9gellen\u00e1ll\u00e1si egy\u00fctthat\u00f3ja mind\u00f6ssze 0,26 (0,27, ha val\u00f3di k\u00fcls\u0151 t\u00fckr\u00f6ket v\u00e1lasztunk a digit\u00e1lis elemek helyett, ahogy a legt\u00f6bb v\u00e1s\u00e1rl\u00f3 val\u00f3sz\u00edn\u0171leg teszi), ami leny\u0171g\u00f6z\u0151 egy ekkora aut\u00f3 eset\u00e9ben. \u00d6sszehasonl\u00edt\u00e1sk\u00e9ppen, l\u00e9nyegesen aerodinamikusabb, mint a kisebb Ioniq 5 (0,29) \u00e9s a vele egyen\u00e9rt\u00e9k\u0171 EV9 (0,28).<\/p>\n","protected":false},"excerpt":{"rendered":"<p>Az RTL H\u00edrad\u00f3 legut\u00f3bbi ad\u00e1sa egy olyan v\u00e1ratlan jelenettel \u00e9rt v\u00e9get, amely nemcsak a n\u00e9z\u0151ket, hanem feltehet\u0151en magukat a m\u0171sorvezet\u0151ket&#8230; <span class=\"gridview-grid-post-read-more\"><a href=\"https:\/\/matrend.hu\/nekedinfo\/oriasi-baki-az-rtl-hiradojaban\/\">read more<span class=\"gridview-sr-only\"> \u00d3ri\u00e1si baki az RTL H\u00edrad\u00f3j\u00e1ban<\/span><\/a><\/span><\/p>\n","protected":false},"author":1,"featured_media":4136,"comment_status":"open","ping_status":"open","sticky":false,"template":"","format":"standard","meta":{"footnotes":""},"categories":[1],"tags":[],"class_list":["post-4135","post","type-post","status-publish","format-standard","has-post-thumbnail","hentry","category-egyeb","wpcat-1-id"],"_links":{"self":[{"href":"https:\/\/matrend.hu\/nekedinfo\/wp-json\/wp\/v2\/posts\/4135","targetHints":{"allow":["GET"]}}],"collection":[{"href":"https:\/\/matrend.hu\/nekedinfo\/wp-json\/wp\/v2\/posts"}],"about":[{"href":"https:\/\/matrend.hu\/nekedinfo\/wp-json\/wp\/v2\/types\/post"}],"author":[{"embeddable":true,"href":"https:\/\/matrend.hu\/nekedinfo\/wp-json\/wp\/v2\/users\/1"}],"replies":[{"embeddable":true,"href":"https:\/\/matrend.hu\/nekedinfo\/wp-json\/wp\/v2\/comments?post=4135"}],"version-history":[{"count":1,"href":"https:\/\/matrend.hu\/nekedinfo\/wp-json\/wp\/v2\/posts\/4135\/revisions"}],"predecessor-version":[{"id":4137,"href":"https:\/\/matrend.hu\/nekedinfo\/wp-json\/wp\/v2\/posts\/4135\/revisions\/4137"}],"wp:featuredmedia":[{"embeddable":true,"href":"https:\/\/matrend.hu\/nekedinfo\/wp-json\/wp\/v2\/media\/4136"}],"wp:attachment":[{"href":"https:\/\/matrend.hu\/nekedinfo\/wp-json\/wp\/v2\/media?parent=4135"}],"wp:term":[{"taxonomy":"category","embeddable":true,"href":"https:\/\/matrend.hu\/nekedinfo\/wp-json\/wp\/v2\/categories?post=4135"},{"taxonomy":"post_tag","embeddable":true,"href":"https:\/\/matrend.hu\/nekedinfo\/wp-json\/wp\/v2\/tags?post=4135"}],"curies":[{"name":"wp","href":"https:\/\/api.w.org\/{rel}","templated":true}]}}