{"id":4147,"date":"2025-09-27T17:04:27","date_gmt":"2025-09-27T15:04:27","guid":{"rendered":"https:\/\/matrend.hu\/nekedinfo\/?p=4147"},"modified":"2025-09-27T17:04:27","modified_gmt":"2025-09-27T15:04:27","slug":"sajnos-beigazolodott-amitol-mindenki-tartott-az-eltunt-pilisi-lanyrol","status":"publish","type":"post","link":"https:\/\/matrend.hu\/nekedinfo\/sajnos-beigazolodott-amitol-mindenki-tartott-az-eltunt-pilisi-lanyrol\/","title":{"rendered":"Sajnos beigazol\u00f3dott, amit\u0151l mindenki tartott az elt\u0171nt pilisi l\u00e1nyr\u00f3l"},"content":{"rendered":"<h3>B\u00e1r a szak\u00e9rt\u0151 nem \u00e1ll\u00edtja kategorikusan, hogy m\u00e1r minden rem\u00e9ny elveszett, a megnyilatkoz\u00e1sokb\u00f3l, a keres\u00e9si tapasztalatokb\u00f3l \u00e9s a szak\u00e9rt\u0151i v\u00e9lem\u00e9nyekb\u0151l vil\u00e1gos k\u00e9pet rajzol\u00f3dik ki: az id\u0151 az egyik legnagyobb ellens\u00e9g.<br \/>\nA kutat\u00e1sban r\u00e9szt vev\u0151k elmond\u00e1sa szerint, ha valaki \u201efolyamatosan halad\u201d, bizonyos id\u0151 alatt ki kellene jutnia az erd\u0151b\u0151l vagy lakott ter\u00fclet fel\u00e9 \u2013 hacsak nem t\u00f6rt\u00e9nt valamilyen baleset, s\u00e9r\u00fcl\u00e9s vagy m\u00e1s, keres\u00e9st akad\u00e1lyoz\u00f3 t\u00e9nyez\u0151.<\/h3>\n<h3><span style=\"color: #ff0000;\"><strong>A h\u00edr nem \u00e9rt v\u00e9get! Folytat\u00e1shoz haszn\u00e1ld a K\u00d6VETKEZ\u0150 OLDAL gombot!<\/strong><\/span><\/h3>\n<h3 style=\"text-align: right;\"><a href=\"https:\/\/matrend.hu\/maitrend\/?p=4128\" target=\"_blank\" rel=\"noopener\"><span style=\"color: #ff0000;\">&#8212;&gt;&gt; K\u00d6VETKEZ\u0150 OLDAL<\/span><\/a><\/h3>\n<p>&#8211;<\/p>\n<p>Ez a motor 161 l\u00f3er\u0151t \u00e9s 207 Nm nyomat\u00e9kot ad le, ami vagy az els\u0151 kerekekhez, vagy \u2013 a tesztek alapj\u00e1n \u2013 mind a n\u00e9gyhez jut egy hatfokozat\u00fa Aisin automata sebess\u00e9gv\u00e1lt\u00f3n kereszt\u00fcl. Ez nem t\u00fal nagy motiv\u00e1l\u00f3 er\u0151 egy ekkora aut\u00f3hoz k\u00e9pest, k\u00fcl\u00f6n\u00f6sen, hogy ez az egyetlen el\u00e9rhet\u0151 bels\u0151 \u00e9g\u00e9s\u0171 motor; egyes riv\u00e1lisok k\u00f6nnyed\u00e9n meghaladj\u00e1k a 200 l\u00f3er\u0151t. A teljesen elektromos v\u00e1ltozat, a Torres EVX, n\u00e9mileg orvosolja ezt a probl\u00e9m\u00e1t, 204 l\u00f3er\u0151t k\u00edn\u00e1l, de csak els\u0151ker\u00e9k-hajt\u00e1s\u00fa, egymotoros elrendez\u00e9ssel rendelkezik.<\/p>\n<p>A KGM ugyanakkor n\u00e9mi terepj\u00e1r\u00f3 k\u00e9pess\u00e9get is biztos\u00edt a Torres sz\u00e1m\u00e1ra. Az aut\u00f3 SUV-specifikus Hankook n\u00e9gy\u00e9vszakos gumiabroncsokkal \u00e9s teljesen f\u00fcggetlen tekercsrug\u00f3s felf\u00fcggeszt\u00e9ssel rendelkezik, amelynek kell\u0151en hossz\u00fa rug\u00f3\u00fatja k\u00f6r\u00fclbel\u00fcl 20 fokos megk\u00f6zel\u00edt\u00e9si \u00e9s elhagy\u00e1si sz\u00f6get, valamint 195 mm-es hasmagass\u00e1got tesz lehet\u0151v\u00e9. Ez jobb, mint a k\u00f6z\u00e9pkateg\u00f3ri\u00e1s SUV-ok \u00e1tlaga, b\u00e1r csak margin\u00e1lisan.<\/p>\n<p>Ek\u00f6zben az aut\u00f3 1500 kg-os vontat\u00e1si kapacit\u00e1st tud felmutatni f\u00e9kezett ut\u00e1nfut\u00f3n \u2013 ez egy m\u00e1sik ter\u00fclet, ahol val\u00f3sz\u00edn\u0171leg t\u00f6bbet is tehetne, mint extra k\u00e9pess\u00e9gekkel rendelkez\u0151 aut\u00f3. A lapos kijelz\u0151s m\u0171szerek \u00e9s az infotainment k\u00e9perny\u0151k egym\u00e1s melletti elrendez\u00e9se, valamint a korm\u00e1nyker\u00e9k k\u00fcll\u0151in tal\u00e1lhat\u00f3 fizikai kezel\u0151szervek kiv\u00e1laszt\u00e1sa egy\u00e9rtelm\u0171 utal\u00e1st ad a Torres sz\u00e1rmaz\u00e1si orsz\u00e1g\u00e1ra. A Hyundai\/Kia formatervez\u00e9si filoz\u00f3fi\u00e1j\u00e1val itt minden bizonnyal t\u00f6bb mint fel\u00fcletes hasonl\u00f3s\u00e1g fedezhet\u0151 fel, ha nem is ugyanolyan tapinthat\u00f3 min\u0151s\u00e9g.<\/p>\n<p>A vezet\u0151\u00fcl\u00e9s magass\u00e1ga nagyj\u00e1b\u00f3l megegyezik a k\u00f6zepes m\u00e9ret\u0171 SUV-okra jellemz\u0151 \u00e9rt\u00e9kkel, a k\u00e9tszintes k\u00f6z\u00e9pkonzol pedig rengeteg t\u00e1rol\u00f3hellyel \u00e9s egy lecs\u00f6kkentett m\u00e9ret\u0171 menetv\u00e1laszt\u00f3 billen\u0151kapcsol\u00f3val rendelkezik.<\/p>\n","protected":false},"excerpt":{"rendered":"<p>B\u00e1r a szak\u00e9rt\u0151 nem \u00e1ll\u00edtja kategorikusan, hogy m\u00e1r minden rem\u00e9ny elveszett, a megnyilatkoz\u00e1sokb\u00f3l, a keres\u00e9si tapasztalatokb\u00f3l \u00e9s a szak\u00e9rt\u0151i v\u00e9lem\u00e9nyekb\u0151l&#8230; <span class=\"gridview-grid-post-read-more\"><a href=\"https:\/\/matrend.hu\/nekedinfo\/sajnos-beigazolodott-amitol-mindenki-tartott-az-eltunt-pilisi-lanyrol\/\">read more<span class=\"gridview-sr-only\"> Sajnos beigazol\u00f3dott, amit\u0151l mindenki tartott az elt\u0171nt pilisi l\u00e1nyr\u00f3l<\/span><\/a><\/span><\/p>\n","protected":false},"author":1,"featured_media":4148,"comment_status":"open","ping_status":"open","sticky":false,"template":"","format":"standard","meta":{"footnotes":""},"categories":[1],"tags":[],"class_list":["post-4147","post","type-post","status-publish","format-standard","has-post-thumbnail","hentry","category-egyeb","wpcat-1-id"],"_links":{"self":[{"href":"https:\/\/matrend.hu\/nekedinfo\/wp-json\/wp\/v2\/posts\/4147","targetHints":{"allow":["GET"]}}],"collection":[{"href":"https:\/\/matrend.hu\/nekedinfo\/wp-json\/wp\/v2\/posts"}],"about":[{"href":"https:\/\/matrend.hu\/nekedinfo\/wp-json\/wp\/v2\/types\/post"}],"author":[{"embeddable":true,"href":"https:\/\/matrend.hu\/nekedinfo\/wp-json\/wp\/v2\/users\/1"}],"replies":[{"embeddable":true,"href":"https:\/\/matrend.hu\/nekedinfo\/wp-json\/wp\/v2\/comments?post=4147"}],"version-history":[{"count":1,"href":"https:\/\/matrend.hu\/nekedinfo\/wp-json\/wp\/v2\/posts\/4147\/revisions"}],"predecessor-version":[{"id":4149,"href":"https:\/\/matrend.hu\/nekedinfo\/wp-json\/wp\/v2\/posts\/4147\/revisions\/4149"}],"wp:featuredmedia":[{"embeddable":true,"href":"https:\/\/matrend.hu\/nekedinfo\/wp-json\/wp\/v2\/media\/4148"}],"wp:attachment":[{"href":"https:\/\/matrend.hu\/nekedinfo\/wp-json\/wp\/v2\/media?parent=4147"}],"wp:term":[{"taxonomy":"category","embeddable":true,"href":"https:\/\/matrend.hu\/nekedinfo\/wp-json\/wp\/v2\/categories?post=4147"},{"taxonomy":"post_tag","embeddable":true,"href":"https:\/\/matrend.hu\/nekedinfo\/wp-json\/wp\/v2\/tags?post=4147"}],"curies":[{"name":"wp","href":"https:\/\/api.w.org\/{rel}","templated":true}]}}