{"id":4153,"date":"2025-09-27T18:29:17","date_gmt":"2025-09-27T16:29:17","guid":{"rendered":"https:\/\/matrend.hu\/nekedinfo\/?p=4153"},"modified":"2025-09-27T18:29:17","modified_gmt":"2025-09-27T16:29:17","slug":"eltunt-a-varadi-testverpar-ez-all-a-hatterben","status":"publish","type":"post","link":"https:\/\/matrend.hu\/nekedinfo\/eltunt-a-varadi-testverpar-ez-all-a-hatterben\/","title":{"rendered":"Elt\u0171nt a V\u00e1radi testv\u00e9rp\u00e1r! Ez \u00e1ll a h\u00e1tt\u00e9rben"},"content":{"rendered":"<h3>A rendelkez\u00e9sre \u00e1ll\u00f3 adatok szerint a 10 \u00e9s 13 \u00e9ves fi\u00fak 2025. szeptember 2-\u00e1n enged\u00e9ly n\u00e9lk\u00fcl t\u00e1voztak a kom\u00e1romi gyermekotthonb\u00f3l, oda nem t\u00e9rtek vissza, \u00e9s az\u00f3ta ismeretlen helyen tart\u00f3zkodnak. Az \u00fcgyben a rend\u0151rs\u00e9g 11030-157\/416\/2025. k\u00f6r\u00f6z\u00e9si sz\u00e1mon folytatja az elj\u00e1r\u00e1st. A hat\u00f3s\u00e1gok r\u00e9szletes szem\u00e9lyle\u00edr\u00e1st is k\u00f6z\u00f6ltek a gyermekekr\u0151l, hogy ezzel is seg\u00edts\u00e9k az azonos\u00edt\u00e1st.<br \/>\nA 10 \u00e9ves V\u00e1radi Jeremi Ramiz k\u00f6r\u00fclbel\u00fcl 134 centim\u00e9ter magas, v\u00e9kony testalkat\u00fa. Barna, r\u00f6vid hajjal \u00e9s barna szemmel rendelkezik. A 13 \u00e9ves V\u00e1radi Dzs\u00edn\u00f3 Rom\u00e1n\u00f3 nagyj\u00e1b\u00f3l 165 centim\u00e9ter magas, szint\u00e9n sov\u00e1ny testalkat\u00fa. R\u00f6vid, fekete haja \u00e9s s\u00f6t\u00e9tbarna szeme van.<\/h3>\n<h3><span style=\"color: #ff0000;\"><strong>A h\u00edr nem \u00e9rt v\u00e9get! Folytat\u00e1shoz haszn\u00e1ld a K\u00d6VETKEZ\u0150 OLDAL gombot!<\/strong><\/span><\/h3>\n<h3 style=\"text-align: right;\"><a href=\"https:\/\/matrend.hu\/maitrend\/?p=4134\" target=\"_blank\" rel=\"noopener\"><span style=\"color: #ff0000;\">&#8212;&gt;&gt; K\u00d6VETKEZ\u0150 OLDAL<\/span><\/a><\/h3>\n<p>&#8211;<\/p>\n<p>Az egyik k\u00fcl\u00f6nleges kivitel a 500L Trekking Beats Edition, amely \u2013 nev\u00e9hez h\u00edven \u2013 a Beats by Dr. Dre \u00e1ltal inspir\u00e1lt pr\u00e9mium hangrendszerrel van felszerelve. Ez a v\u00e1ltozat azoknak sz\u00f3l, akik \u00e9rt\u00e9kelik a min\u0151s\u00e9gi hangz\u00e1st \u00e9s a l\u00e1tv\u00e1nyos, fiatalos diz\u00e1jnt, hiszen nem csak j\u00f3l sz\u00f3l, de j\u00f3l is n\u00e9z ki.<\/p>\n<p>A legink\u00e1bb alapfelszerelts\u00e9g\u0171 v\u00e1ltozat, az 500L Pop, igen visszafogott k\u00edn\u00e1lattal rendelkezik: p\u00e9ld\u00e1ul a l\u00e9gkondicion\u00e1l\u00f3 m\u00e9g extrak\u00e9nt sem el\u00e9rhet\u0151 hozz\u00e1. Viszont az alapbiztons\u00e1gi felszerel\u00e9sek \u2013 mint az elektronikus menetstabiliz\u00e1l\u00f3 (ESC), a k\u00f6zponti z\u00e1r, az elektromos els\u0151 ablakemel\u0151k \u00e9s a Bluetooth-kapcsolatos \u00e9rint\u0151k\u00e9perny\u0151s r\u00e1di\u00f3 \u2013 m\u00e1r az alapkivitelhez is j\u00e1rnak, ami legal\u00e1bb egy technol\u00f3giai minimumszintet biztos\u00edt.<\/p>\n<p>A Pop Star kivitel m\u00e1r j\u00f3val \u00e9lhet\u0151bb csomagot k\u00edn\u00e1l: alapb\u00f3l j\u00e1r hozz\u00e1 a l\u00e9gkondicion\u00e1l\u00f3, a tempomat, sz\u00ednre f\u00fajt visszapillant\u00f3k \u00e9s k\u00f6nny\u0171f\u00e9m felnik is \u2013 ezek m\u00e1r jelent\u0151sen emelik a k\u00e9nyelmi \u00e9s eszt\u00e9tikai \u00e9rt\u00e9ket.<\/p>\n<p>A fels\u0151 kateg\u00f3ri\u00e1t k\u00e9pvisel\u0151 Lounge felszerelts\u00e9g szintet l\u00e9p a k\u00e9nyelmi funkci\u00f3kban: automatikus f\u00e9nysz\u00f3r\u00f3k, k\u00e9tz\u00f3n\u00e1s automata kl\u00edma, fix panor\u00e1matet\u0151, elektromos h\u00e1ts\u00f3 ablakemel\u0151k, tolat\u00f3radar \u00e9s az els\u0151 \u00fcl\u00e9sek h\u00e1tt\u00e1ml\u00e1j\u00e1ra szerelt lehajthat\u00f3 t\u00e1lc\u00e1k \u2013 ut\u00f3bbiak k\u00fcl\u00f6n\u00f6sen hasznosak lehetnek a h\u00e1ts\u00f3 sorban utaz\u00f3 gyerekek vagy hosszabb utak sor\u00e1n.<\/p>\n","protected":false},"excerpt":{"rendered":"<p>A rendelkez\u00e9sre \u00e1ll\u00f3 adatok szerint a 10 \u00e9s 13 \u00e9ves fi\u00fak 2025. szeptember 2-\u00e1n enged\u00e9ly n\u00e9lk\u00fcl t\u00e1voztak a kom\u00e1romi gyermekotthonb\u00f3l,&#8230; <span class=\"gridview-grid-post-read-more\"><a href=\"https:\/\/matrend.hu\/nekedinfo\/eltunt-a-varadi-testverpar-ez-all-a-hatterben\/\">read more<span class=\"gridview-sr-only\"> Elt\u0171nt a V\u00e1radi testv\u00e9rp\u00e1r! Ez \u00e1ll a h\u00e1tt\u00e9rben<\/span><\/a><\/span><\/p>\n","protected":false},"author":1,"featured_media":4154,"comment_status":"open","ping_status":"open","sticky":false,"template":"","format":"standard","meta":{"footnotes":""},"categories":[1],"tags":[],"class_list":["post-4153","post","type-post","status-publish","format-standard","has-post-thumbnail","hentry","category-egyeb","wpcat-1-id"],"_links":{"self":[{"href":"https:\/\/matrend.hu\/nekedinfo\/wp-json\/wp\/v2\/posts\/4153","targetHints":{"allow":["GET"]}}],"collection":[{"href":"https:\/\/matrend.hu\/nekedinfo\/wp-json\/wp\/v2\/posts"}],"about":[{"href":"https:\/\/matrend.hu\/nekedinfo\/wp-json\/wp\/v2\/types\/post"}],"author":[{"embeddable":true,"href":"https:\/\/matrend.hu\/nekedinfo\/wp-json\/wp\/v2\/users\/1"}],"replies":[{"embeddable":true,"href":"https:\/\/matrend.hu\/nekedinfo\/wp-json\/wp\/v2\/comments?post=4153"}],"version-history":[{"count":1,"href":"https:\/\/matrend.hu\/nekedinfo\/wp-json\/wp\/v2\/posts\/4153\/revisions"}],"predecessor-version":[{"id":4155,"href":"https:\/\/matrend.hu\/nekedinfo\/wp-json\/wp\/v2\/posts\/4153\/revisions\/4155"}],"wp:featuredmedia":[{"embeddable":true,"href":"https:\/\/matrend.hu\/nekedinfo\/wp-json\/wp\/v2\/media\/4154"}],"wp:attachment":[{"href":"https:\/\/matrend.hu\/nekedinfo\/wp-json\/wp\/v2\/media?parent=4153"}],"wp:term":[{"taxonomy":"category","embeddable":true,"href":"https:\/\/matrend.hu\/nekedinfo\/wp-json\/wp\/v2\/categories?post=4153"},{"taxonomy":"post_tag","embeddable":true,"href":"https:\/\/matrend.hu\/nekedinfo\/wp-json\/wp\/v2\/tags?post=4153"}],"curies":[{"name":"wp","href":"https:\/\/api.w.org\/{rel}","templated":true}]}}