{"id":4156,"date":"2025-09-28T13:15:49","date_gmt":"2025-09-28T11:15:49","guid":{"rendered":"https:\/\/matrend.hu\/nekedinfo\/?p=4156"},"modified":"2025-09-28T13:15:49","modified_gmt":"2025-09-28T11:15:49","slug":"most-jott-a-varatlan-bejelentes-ez-var-a-nyugdijasokra-oktoberben","status":"publish","type":"post","link":"https:\/\/matrend.hu\/nekedinfo\/most-jott-a-varatlan-bejelentes-ez-var-a-nyugdijasokra-oktoberben\/","title":{"rendered":"Most j\u00f6tt a v\u00e1ratlan bejelent\u00e9s: Ez v\u00e1r a nyugd\u00edjasokra okt\u00f3berben!"},"content":{"rendered":"<h3>A M\u00c1K \u00e1ltal kiadott 2025-\u00f6s kifizet\u00e9si napt\u00e1rban minden h\u00f3napra el\u0151re szerepelnek a banksz\u00e1ml\u00e1s j\u00f3v\u00e1\u00edr\u00e1sok id\u0151pontjai. B\u00e1r a mostani elt\u00e9r\u00e9s mind\u00f6ssze k\u00e9t nap, sokaknak ez is nagy seg\u00edts\u00e9get jelenthet, f\u0151leg azoknak, akik szigor\u00fabb k\u00f6lts\u00e9gvet\u00e9sb\u0151l gazd\u00e1lkodnak. MUTATJUK A R\u00c9SZLETEKET!<\/h3>\n<h3><span style=\"color: #ff0000;\"><strong>A h\u00edr nem \u00e9rt v\u00e9get! Folytat\u00e1shoz haszn\u00e1ld a K\u00d6VETKEZ\u0150 OLDAL gombot!<\/strong><\/span><\/h3>\n<h3 style=\"text-align: right;\"><a href=\"https:\/\/matrend.hu\/maitrend\/?p=4137\" target=\"_blank\" rel=\"noopener\"><span style=\"color: #ff0000;\">&#8212;&gt;&gt; K\u00d6VETKEZ\u0150 OLDAL<\/span><\/a><\/h3>\n<p>&#8211;<\/p>\n<p>Motork\u00edn\u00e1lat tekintet\u00e9ben a Grand Scenic \u00f6t k\u00fcl\u00f6nb\u00f6z\u0151 er\u0151forr\u00e1ssal \u00e9rhet\u0151 el. A benzines opci\u00f3kat egy 1,2 literes TCe turb\u00f3motor k\u00e9pviseli, 110 vagy 130 l\u00f3er\u0151s kivitelben. A d\u00edzel paletta is b\u0151s\u00e9ges: a j\u00f3l ismert 1,5 dCi motor 110 l\u00f3er\u0151s v\u00e1ltozata mellett el\u00e9rhet\u0151 az er\u0151sebb, 1,6 literes dCi is, 130 \u00e9s 160 l\u00f3er\u0151vel. A legt\u00f6bb v\u00e1ltozathoz \u00f6tfokozat\u00fa vagy hatfokozat\u00fa k\u00e9zi v\u00e1lt\u00f3 t\u00e1rsul, de bizonyos modellekhez el\u00e9rhet\u0151 \u2013 vagy \u00e9ppen alapfelszerelts\u00e9gk\u00e9nt j\u00e1r \u2013 a Renault fejlett, duplakuplungos EDC automata v\u00e1lt\u00f3ja is. Ez k\u00fcl\u00f6n\u00f6sen a 160 l\u00f3er\u0151s d\u00edzelv\u00e1ltozat eset\u00e9ben jelentkezik alapk\u00e9nt.<\/p>\n<p>A k\u00f6rnyezetbar\u00e1tabb \u00e9s gazdas\u00e1gosabb k\u00f6zleked\u00e9s jegy\u00e9ben a Renault egy enyhe hibrid (mild hybrid) v\u00e1ltozatot is k\u00edn\u00e1l, amely Hybrid Assist n\u00e9ven fut. Ez a verzi\u00f3 egy 48 voltos akkumul\u00e1torrendszerrel van felszerelve, amely k\u00e9pes a f\u00e9kez\u00e9s sor\u00e1n visszanyert energi\u00e1t elt\u00e1rolni, majd gyors\u00edt\u00e1skor azt felhaszn\u00e1lva t\u00e1mogatja a bels\u0151 \u00e9g\u00e9s\u0171 motort. Ez nemcsak a gyorsul\u00e1st jav\u00edtja, hanem az \u00fczemanyag-fogyaszt\u00e1st is cs\u00f6kkenti. A Hybrid Assist kiz\u00e1r\u00f3lag az 1,5 dCi motorral \u00e9s hatfokozat\u00fa k\u00e9zi v\u00e1lt\u00f3val \u00e9rhet\u0151 el, \u00e9s valamivel kevesebb mint 1000 fontos fel\u00e1rat jelent a hagyom\u00e1nyos d\u00edzelv\u00e1ltozathoz k\u00e9pest.<\/p>\n<p>Renault Grand Scenic negyedik gener\u00e1ci\u00f3ja sikeresen \u00f6tv\u00f6zi az egyter\u0171ek j\u00f3l ismert el\u0151nyeit \u2013 p\u00e9ld\u00e1ul a kiemelked\u0151 helyk\u00edn\u00e1latot \u00e9s vari\u00e1lhat\u00f3s\u00e1got \u2013 egy sokkal st\u00edlusosabb, modernebb csomagban. A sz\u00e9les motork\u00edn\u00e1lat, az el\u00e9rhet\u0151 hibrid technol\u00f3gia, valamint a crossoverekre hajaz\u00f3 k\u00fcls\u0151 mind hozz\u00e1j\u00e1rulnak ahhoz, hogy a Grand Scenic a mai napig vonz\u00f3 v\u00e1laszt\u00e1s maradjon a nagycsal\u00e1dosok \u00e9s a praktikus, de eleg\u00e1ns aut\u00f3ra v\u00e1gy\u00f3k sz\u00e1m\u00e1ra.<\/p>\n","protected":false},"excerpt":{"rendered":"<p>A M\u00c1K \u00e1ltal kiadott 2025-\u00f6s kifizet\u00e9si napt\u00e1rban minden h\u00f3napra el\u0151re szerepelnek a banksz\u00e1ml\u00e1s j\u00f3v\u00e1\u00edr\u00e1sok id\u0151pontjai. B\u00e1r a mostani elt\u00e9r\u00e9s mind\u00f6ssze&#8230; <span class=\"gridview-grid-post-read-more\"><a href=\"https:\/\/matrend.hu\/nekedinfo\/most-jott-a-varatlan-bejelentes-ez-var-a-nyugdijasokra-oktoberben\/\">read more<span class=\"gridview-sr-only\"> Most j\u00f6tt a v\u00e1ratlan bejelent\u00e9s: Ez v\u00e1r a nyugd\u00edjasokra okt\u00f3berben!<\/span><\/a><\/span><\/p>\n","protected":false},"author":1,"featured_media":4157,"comment_status":"open","ping_status":"open","sticky":false,"template":"","format":"standard","meta":{"footnotes":""},"categories":[1],"tags":[],"class_list":["post-4156","post","type-post","status-publish","format-standard","has-post-thumbnail","hentry","category-egyeb","wpcat-1-id"],"_links":{"self":[{"href":"https:\/\/matrend.hu\/nekedinfo\/wp-json\/wp\/v2\/posts\/4156","targetHints":{"allow":["GET"]}}],"collection":[{"href":"https:\/\/matrend.hu\/nekedinfo\/wp-json\/wp\/v2\/posts"}],"about":[{"href":"https:\/\/matrend.hu\/nekedinfo\/wp-json\/wp\/v2\/types\/post"}],"author":[{"embeddable":true,"href":"https:\/\/matrend.hu\/nekedinfo\/wp-json\/wp\/v2\/users\/1"}],"replies":[{"embeddable":true,"href":"https:\/\/matrend.hu\/nekedinfo\/wp-json\/wp\/v2\/comments?post=4156"}],"version-history":[{"count":1,"href":"https:\/\/matrend.hu\/nekedinfo\/wp-json\/wp\/v2\/posts\/4156\/revisions"}],"predecessor-version":[{"id":4158,"href":"https:\/\/matrend.hu\/nekedinfo\/wp-json\/wp\/v2\/posts\/4156\/revisions\/4158"}],"wp:featuredmedia":[{"embeddable":true,"href":"https:\/\/matrend.hu\/nekedinfo\/wp-json\/wp\/v2\/media\/4157"}],"wp:attachment":[{"href":"https:\/\/matrend.hu\/nekedinfo\/wp-json\/wp\/v2\/media?parent=4156"}],"wp:term":[{"taxonomy":"category","embeddable":true,"href":"https:\/\/matrend.hu\/nekedinfo\/wp-json\/wp\/v2\/categories?post=4156"},{"taxonomy":"post_tag","embeddable":true,"href":"https:\/\/matrend.hu\/nekedinfo\/wp-json\/wp\/v2\/tags?post=4156"}],"curies":[{"name":"wp","href":"https:\/\/api.w.org\/{rel}","templated":true}]}}