{"id":4159,"date":"2025-09-28T16:05:58","date_gmt":"2025-09-28T14:05:58","guid":{"rendered":"https:\/\/matrend.hu\/nekedinfo\/?p=4159"},"modified":"2025-09-28T16:05:58","modified_gmt":"2025-09-28T14:05:58","slug":"kokeny-attila-fia-letarolta-a-megasztart","status":"publish","type":"post","link":"https:\/\/matrend.hu\/nekedinfo\/kokeny-attila-fia-letarolta-a-megasztart\/","title":{"rendered":"K\u00f6k\u00e9ny Attila fia letarolta a Megaszt\u00e1rt"},"content":{"rendered":"<h3>Lali a B\/uno M\/rs \u201eWh\/n I W\/s Yo\/r Man\u201d c\u00edm\u0171 sl\u00e1ger\u00e9t v\u00e1lasztotta, \u00e9s m\u00e1r az els\u0151 hangokkal leny\u0171g\u00f6zte a st\u00fadi\u00f3t. A k\u00f6z\u00f6ns\u00e9g percek alatt a sz\u00edv\u00e9be z\u00e1rta, a dal v\u00e9g\u00e9re pedig \u00e1llva tapsolt \u00e9s ov\u00e1ci\u00f3val \u00fcnnepelte a tin\u00e9dzsert. A zs\u0171ritagok sem fukarkodtak a dics\u00e9rettel. Curtis k\u00fcl\u00f6n\u00f6sen meghat\u00f3dottan besz\u00e9lt a produkci\u00f3r\u00f3l: mint mondta, sz\u00e1m\u00e1ra eg\u00e9szen k\u00fcl\u00f6nleges volt l\u00e1tni Lalit a sz\u00ednpadon, hiszen K\u00f6k\u00e9ny Attila bar\u00e1tjak\u00e9nt \u00e9vek \u00f3ta figyelemmel k\u00eds\u00e9ri a fi\u00fa feln\u00f6veked\u00e9s\u00e9t.<\/h3>\n<h3><span style=\"color: #ff0000;\"><strong>A h\u00edr nem \u00e9rt v\u00e9get! Folytat\u00e1shoz haszn\u00e1ld a K\u00d6VETKEZ\u0150 OLDAL gombot!<\/strong><\/span><\/h3>\n<h3 style=\"text-align: right;\"><a href=\"https:\/\/matrend.hu\/maitrend\/?p=4140\" target=\"_blank\" rel=\"noopener\"><span style=\"color: #ff0000;\">&#8212;&gt;&gt; K\u00d6VETKEZ\u0150 OLDAL<\/span><\/a><\/h3>\n<p>&#8211;<\/p>\n<p>A Renault egy\u00e9rtelm\u0171en t\u00f6rekedett arra, hogy egyter\u0171je ne t\u0171nj\u00f6n unalmas csal\u00e1di doboznak: emelt hasmagass\u00e1g\u00e1val \u00e9s az als\u00f3 karossz\u00e9ria k\u00f6r\u00fcl h\u00faz\u00f3d\u00f3 m\u0171anyag bor\u00edt\u00e1sokkal enyhe crossoveres hat\u00e1st kelt, mik\u00f6zben a sz\u00e9les nyomt\u00e1v \u00e9s az elk\u00e9peszt\u0151en nagy, 20 colos (!) k\u00f6nny\u0171f\u00e9m ker\u00e9kt\u00e1rcs\u00e1k igaz\u00e1n felt\u0171n\u0151v\u00e9 teszik a megjelen\u00e9s\u00e9t. Ezek a kerekek nemcsak m\u00e9ret\u00fckkel, hanem cser\u00e9lhet\u0151 bet\u00e9teikkel \u00e9s diz\u00e1jnvari\u00e1ci\u00f3ikkal is k\u00fcl\u00f6nlegesek \u2013 ugyanakkor a l\u00e1tv\u00e1nyos megjelen\u00e9s mellett kompromisszumokat is k\u00f6vetelhetnek a rug\u00f3z\u00e1s ter\u00e9n.<\/p>\n<p>A bels\u0151 t\u00e9r kialak\u00edt\u00e1sa nem olyan forradalmi, mint a k\u00fcls\u0151 diz\u00e1jn, ink\u00e1bb ismer\u0151s lehet azok sz\u00e1m\u00e1ra, akik m\u00e1r \u00fcltek Megane-ban. Az utast\u00e9r f\u0151k\u00e9nt s\u00f6t\u00e9t m\u0171anyagokb\u00f3l \u00e9p\u00fcl fel, de az \u00f6sszeszerel\u00e9si min\u0151s\u00e9g \u00e9rezhet\u0151en javult az el\u0151z\u0151 gener\u00e1ci\u00f3hoz k\u00e9pest. B\u00e1r az anyaghaszn\u00e1lat nem mindenhol pr\u00e9mium, az \u00f6sszhat\u00e1s kifinomultabb, modernebb \u00e9s massz\u00edvabb lett. A praktikum term\u00e9szetesen fontos szempont volt: a Renault \u00fcgyesen eg\u00e9sz\u00edtette ki a Megane bels\u0151 diz\u00e1jnj\u00e1t MPV-specifikus megold\u00e1sokkal, p\u00e9ld\u00e1ul b\u0151s\u00e9ges t\u00e1rol\u00f3helyekkel \u00e9s vari\u00e1lhat\u00f3 \u00fcl\u00e9sekkel.<\/p>\n<p>A felszerelts\u00e9gi szintek k\u00f6z\u00f6tt jelent\u0151s k\u00fcl\u00f6nbs\u00e9gek vannak, de a cs\u00facsv\u00e1ltozatokban eg\u00e9szen komoly extr\u00e1k tal\u00e1lhat\u00f3k: elektromosan \u00e1ll\u00edthat\u00f3, mem\u00f3ri\u00e1s b\u0151r\u00fcl\u00e9sek, pr\u00e9mium Bose hangrendszer, sz\u00e9lv\u00e9d\u0151re vet\u00edtett kijelz\u0151 (head-up display), valamint hatalmas panor\u00e1ma \u00fcvegtet\u0151, amely rengeteg f\u00e9nyt enged be az utast\u00e9rbe.<\/p>\n","protected":false},"excerpt":{"rendered":"<p>Lali a B\/uno M\/rs \u201eWh\/n I W\/s Yo\/r Man\u201d c\u00edm\u0171 sl\u00e1ger\u00e9t v\u00e1lasztotta, \u00e9s m\u00e1r az els\u0151 hangokkal leny\u0171g\u00f6zte a st\u00fadi\u00f3t&#8230;. <span class=\"gridview-grid-post-read-more\"><a href=\"https:\/\/matrend.hu\/nekedinfo\/kokeny-attila-fia-letarolta-a-megasztart\/\">read more<span class=\"gridview-sr-only\"> K\u00f6k\u00e9ny Attila fia letarolta a Megaszt\u00e1rt<\/span><\/a><\/span><\/p>\n","protected":false},"author":1,"featured_media":4160,"comment_status":"open","ping_status":"open","sticky":false,"template":"","format":"standard","meta":{"footnotes":""},"categories":[1],"tags":[],"class_list":["post-4159","post","type-post","status-publish","format-standard","has-post-thumbnail","hentry","category-egyeb","wpcat-1-id"],"_links":{"self":[{"href":"https:\/\/matrend.hu\/nekedinfo\/wp-json\/wp\/v2\/posts\/4159","targetHints":{"allow":["GET"]}}],"collection":[{"href":"https:\/\/matrend.hu\/nekedinfo\/wp-json\/wp\/v2\/posts"}],"about":[{"href":"https:\/\/matrend.hu\/nekedinfo\/wp-json\/wp\/v2\/types\/post"}],"author":[{"embeddable":true,"href":"https:\/\/matrend.hu\/nekedinfo\/wp-json\/wp\/v2\/users\/1"}],"replies":[{"embeddable":true,"href":"https:\/\/matrend.hu\/nekedinfo\/wp-json\/wp\/v2\/comments?post=4159"}],"version-history":[{"count":1,"href":"https:\/\/matrend.hu\/nekedinfo\/wp-json\/wp\/v2\/posts\/4159\/revisions"}],"predecessor-version":[{"id":4161,"href":"https:\/\/matrend.hu\/nekedinfo\/wp-json\/wp\/v2\/posts\/4159\/revisions\/4161"}],"wp:featuredmedia":[{"embeddable":true,"href":"https:\/\/matrend.hu\/nekedinfo\/wp-json\/wp\/v2\/media\/4160"}],"wp:attachment":[{"href":"https:\/\/matrend.hu\/nekedinfo\/wp-json\/wp\/v2\/media?parent=4159"}],"wp:term":[{"taxonomy":"category","embeddable":true,"href":"https:\/\/matrend.hu\/nekedinfo\/wp-json\/wp\/v2\/categories?post=4159"},{"taxonomy":"post_tag","embeddable":true,"href":"https:\/\/matrend.hu\/nekedinfo\/wp-json\/wp\/v2\/tags?post=4159"}],"curies":[{"name":"wp","href":"https:\/\/api.w.org\/{rel}","templated":true}]}}