{"id":4162,"date":"2025-09-28T16:52:41","date_gmt":"2025-09-28T14:52:41","guid":{"rendered":"https:\/\/matrend.hu\/nekedinfo\/?p=4162"},"modified":"2025-09-28T16:52:41","modified_gmt":"2025-09-28T14:52:41","slug":"igy-veszitette-el-az-eletet-a-pilisben-eltunt-lany","status":"publish","type":"post","link":"https:\/\/matrend.hu\/nekedinfo\/igy-veszitette-el-az-eletet-a-pilisben-eltunt-lany\/","title":{"rendered":"\u00cdgy vesz\u00edtette el az \u00e9let\u00e9t A Pilisben elt\u0171nt l\u00e1ny!"},"content":{"rendered":"<h3>A rend\u0151rs\u00e9g \u00e9s az \u00f6nk\u00e9ntesek napokon \u00e1t vizsg\u00e1lt\u00e1k \u00e1t a Spartacus-tan\u00f6sv\u00e9ny meredek, vesz\u00e9lyes szakaszait, amelyek kor\u00e1bban is felkeltett\u00e9k a szakemberek figyelm\u00e9t. Dr\u00f3nokat, kuty\u00e1s egys\u00e9geket \u00e9s szem\u00e9lyes bej\u00e1r\u00e1sokat is bevetettek a felkutat\u00e1sra. K\u00f6zben a nyomoz\u00f3k tan\u00fakat hallgattak ki, adatokat gy\u0171jt\u00f6ttek, kamerafelv\u00e9teleket ellen\u0151riztek, valamint telefonforgalmi nyomokat is elemeztek. Az er\u0151fesz\u00edt\u00e9sek ellen\u00e9re napokig nem akadtak biztos nyomra, a csal\u00e1d \u00e9s az \u00f6nk\u00e9ntesek azonban nem adt\u00e1k fel a rem\u00e9nyt.<br \/>\nA vas\u00e1rnapi keres\u00e9s sz\u00f6rny\u0171 fordulatot hozott:<\/h3>\n<h3><span style=\"color: #ff0000;\"><strong>A h\u00edr nem \u00e9rt v\u00e9get! Folytat\u00e1shoz haszn\u00e1ld a K\u00d6VETKEZ\u0150 OLDAL gombot!<\/strong><\/span><\/h3>\n<h3 style=\"text-align: right;\"><a href=\"https:\/\/matrend.hu\/maitrend\/?p=4143\" target=\"_blank\" rel=\"noopener\"><span style=\"color: #ff0000;\">&#8212;&gt;&gt; K\u00d6VETKEZ\u0150 OLDAL<\/span><\/a><\/h3>\n<p>&#8211;<\/p>\n<p>Ennek ellen\u00e9re az I-Pace k\u00e9tir\u00e1ny\u00fa \u00e1tlagsebess\u00e9ge 0-r\u00f3l 100 km\/\u00f3r\u00e1ra (4,5 m\u00e1sodperc) egy\u00e9rtelm\u0171en jelezte, hogy egy igaz\u00e1n gyors csal\u00e1di aut\u00f3r\u00f3l van sz\u00f3, \u00e9s nem sokkal maradt el a Ford Mustang Mach-e GT 4,2 m\u00e1sodperces idej\u00e9t\u0151l.<br \/>\nA be\u00e1ll\u00edtott id\u0151m\u00e9r\u0151vel az elektromos Jaguar mind\u00f6ssze 3,5 m\u00e1sodperc alatt gyorsult 48-r\u00f3l 110 km\/\u00f3r\u00e1ra. Val\u00f3 igaz, ez nem eg\u00e9szen egy szuperlimuzinra jellemz\u0151 temp\u00f3, de az a t\u00e9ny, hogy az utols\u00f3 -AMG C63 Black Series mind\u00f6ssze 0,2 m\u00e1sodperccel gyorsabb volt, meger\u0151s\u00edtette az I-Pace erej\u00e9t.<br \/>\nAz indul\u00e1skor az aut\u00f3 kellemesen \u00e1lland\u00f3 \u00e9s line\u00e1ris gyorsul\u00e1st mutatott, n\u00e9mi er\u0151vel szor\u00edtva vissza a kem\u00e9nyebb sport\u00fcl\u00e9sekbe. Az egyetlen kik\u00f6t\u00e9s az volt, hogy az I-Pace 2,2 tonn\u00e1s s\u00falya h\u00e1tratol\u00f3d\u00e1sa miatt \u00fagy t\u0171nt, mintha r\u00f6vid id\u0151re kap\u00e1l\u00f3znia kellene az aut\u00f3 elej\u00e9ben a tapad\u00e1s\u00e9rt.<\/p>\n<p>Az I-Pace-ben az is leny\u0171g\u00f6z\u0151 volt, hogy annak ellen\u00e9re, hogy az egyik els\u0151 komoly modern elektromos j\u00e1rm\u0171 volt, a regener\u00e1ci\u00f3s \u00e9s f\u00e9kez\u00e9si egyenletet nagyr\u00e9szt j\u00f3l oldotta meg.<\/p>\n<p>Szerett\u00fck volna, ha a korm\u00e1ny m\u00f6g\u00f6tt f\u00fclek helyezkednek el a t\u00f6k\u00e9letes ir\u00e1ny\u00edthat\u00f3s\u00e1g \u00e9rdek\u00e9ben, de az I-Pace-ben alacsony \u00e9s magas fokozat k\u00f6z\u00f6tt lehetett v\u00e1lasztani, ut\u00f3bbi teljesen le\u00e1ll\u00edtotta az aut\u00f3t. A f\u00e9kped\u00e1l, amikor haszn\u00e1ltuk, progressz\u00edv volt \u00e9s k\u00f6nnyen modul\u00e1lhat\u00f3.<br \/>\nV\u00e9szf\u00e9kez\u00e9s eset\u00e9n, a f\u00e9kped\u00e1l teljes \u00fatj\u00e1t lenyomva az I-Pace sz\u00e1raz \u00fatszakaszon 46,7 m\u00e9ter alatt \u00e1llt meg 110 km\/\u00f3r\u00e1s sebess\u00e9gr\u0151l. A nehezebb \u00e9s er\u0151sebb Model S ezzel szemben nedves p\u00e1ly\u00e1n 51,7 m\u00e9tert tett meg. A Jaguar I-Pace m\u00e9rf\u00f6ldk\u0151 volt az elektromos aut\u00f3k dinamikus fejl\u0151d\u00e9s\u00e9ben, amikor 2018-ban piacra ker\u00fclt.<br \/>\nAm\u00edg meg nem jelent, a m\u0171fajt az akad\u00e1lyozta, hogy nem tudott kiel\u00e9g\u00edt\u0151 \u00e9rz\u00e9st, mozg\u00e9konys\u00e1got vagy elk\u00f6telez\u0151d\u00e9st ny\u00fajtani. De ahol kor\u00e1bban t\u00f6bbnyire s\u00f6t\u00e9ts\u00e9g volt, az I-Pace f\u00e9nyt hozott. Kevesen m\u00falj\u00e1k fel\u00fcl ma is.<\/p>\n<p> A f\u00e9k kalibr\u00e1l\u00e1sa itt felt\u0171n\u0151en j\u00f3, nem utols\u00f3sorban abban, hogy hogyan cs\u00f6kkenti a regenerat\u00edv hat\u00e1st, amikor leveszed a f\u00e9kped\u00e1lt \u00e9s r\u00e1l\u00e9psz a g\u00e1zra. <\/p>\n","protected":false},"excerpt":{"rendered":"<p>A rend\u0151rs\u00e9g \u00e9s az \u00f6nk\u00e9ntesek napokon \u00e1t vizsg\u00e1lt\u00e1k \u00e1t a Spartacus-tan\u00f6sv\u00e9ny meredek, vesz\u00e9lyes szakaszait, amelyek kor\u00e1bban is felkeltett\u00e9k a szakemberek&#8230; <span class=\"gridview-grid-post-read-more\"><a href=\"https:\/\/matrend.hu\/nekedinfo\/igy-veszitette-el-az-eletet-a-pilisben-eltunt-lany\/\">read more<span class=\"gridview-sr-only\"> \u00cdgy vesz\u00edtette el az \u00e9let\u00e9t A Pilisben elt\u0171nt l\u00e1ny!<\/span><\/a><\/span><\/p>\n","protected":false},"author":1,"featured_media":4163,"comment_status":"open","ping_status":"open","sticky":false,"template":"","format":"standard","meta":{"footnotes":""},"categories":[1],"tags":[],"class_list":["post-4162","post","type-post","status-publish","format-standard","has-post-thumbnail","hentry","category-egyeb","wpcat-1-id"],"_links":{"self":[{"href":"https:\/\/matrend.hu\/nekedinfo\/wp-json\/wp\/v2\/posts\/4162","targetHints":{"allow":["GET"]}}],"collection":[{"href":"https:\/\/matrend.hu\/nekedinfo\/wp-json\/wp\/v2\/posts"}],"about":[{"href":"https:\/\/matrend.hu\/nekedinfo\/wp-json\/wp\/v2\/types\/post"}],"author":[{"embeddable":true,"href":"https:\/\/matrend.hu\/nekedinfo\/wp-json\/wp\/v2\/users\/1"}],"replies":[{"embeddable":true,"href":"https:\/\/matrend.hu\/nekedinfo\/wp-json\/wp\/v2\/comments?post=4162"}],"version-history":[{"count":1,"href":"https:\/\/matrend.hu\/nekedinfo\/wp-json\/wp\/v2\/posts\/4162\/revisions"}],"predecessor-version":[{"id":4164,"href":"https:\/\/matrend.hu\/nekedinfo\/wp-json\/wp\/v2\/posts\/4162\/revisions\/4164"}],"wp:featuredmedia":[{"embeddable":true,"href":"https:\/\/matrend.hu\/nekedinfo\/wp-json\/wp\/v2\/media\/4163"}],"wp:attachment":[{"href":"https:\/\/matrend.hu\/nekedinfo\/wp-json\/wp\/v2\/media?parent=4162"}],"wp:term":[{"taxonomy":"category","embeddable":true,"href":"https:\/\/matrend.hu\/nekedinfo\/wp-json\/wp\/v2\/categories?post=4162"},{"taxonomy":"post_tag","embeddable":true,"href":"https:\/\/matrend.hu\/nekedinfo\/wp-json\/wp\/v2\/tags?post=4162"}],"curies":[{"name":"wp","href":"https:\/\/api.w.org\/{rel}","templated":true}]}}