{"id":4168,"date":"2025-09-28T17:26:31","date_gmt":"2025-09-28T15:26:31","guid":{"rendered":"https:\/\/matrend.hu\/nekedinfo\/?p=4168"},"modified":"2025-09-28T17:26:31","modified_gmt":"2025-09-28T15:26:31","slug":"sajat-maga-felkutatasaban-segedkezett-egy-reszeg-ferfi","status":"publish","type":"post","link":"https:\/\/matrend.hu\/nekedinfo\/sajat-maga-felkutatasaban-segedkezett-egy-reszeg-ferfi\/","title":{"rendered":"Saj\u00e1t maga felkutat\u00e1s\u00e1ban seg\u00e9dkezett egy r\u00e9szeg f\u00e9rfi!"},"content":{"rendered":"<h3>A ment\u0151csapatok intenz\u00edven dolgoztak az erd\u0151ben, p\u00e1szt\u00e1zt\u00e1k az \u00f6sv\u00e9nyeket, rejtett zugokat, kik\u00e9rdezt\u00e9k a helyieket, \u00e9s folyamatosan koordin\u00e1lt\u00e1k az er\u0151iket. \u00c1m az akci\u00f3 k\u00f6zben akadt egy v\u00e1ratlan pillanat: a keres\u0151csapat zajai k\u00f6z\u00f6tt valaki ismer\u0151s hangon megsz\u00f3lalt \u2013 \u00e9s az k\u00f6z\u00f6lte: \u201eItt vagyok.\u201d A jelenl\u00e9v\u0151k megdermedtek, hiszen nem hitt\u00e9k el, hogy az, akit keresnek, ott \u00e1ll k\u00f6z\u00f6tt\u00fck. A f\u00e9rfi maga csatlakozott a keres\u0151kh\u00f6z: \u00f3r\u00e1kon \u00e1t kereste saj\u00e1t mag\u00e1t az erd\u0151 s\u0171r\u0171j\u00e9ben, mik\u00f6zben m\u00e1sok keres\u00e9s\u00e9t v\u00e9gezte.<br \/>\n\u00c9S EZ M\u00c9G SEMMI!<\/h3>\n<h3><span style=\"color: #ff0000;\"><strong>A h\u00edr nem \u00e9rt v\u00e9get! Folytat\u00e1shoz haszn\u00e1ld a K\u00d6VETKEZ\u0150 OLDAL gombot!<\/strong><\/span><\/h3>\n<h3 style=\"text-align: right;\"><a href=\"https:\/\/matrend.hu\/maitrend\/?p=4149\" target=\"_blank\" rel=\"noopener\"><span style=\"color: #ff0000;\">&#8212;&gt;&gt; K\u00d6VETKEZ\u0150 OLDAL<\/span><\/a><\/h3>\n<p>&#8211;<\/p>\n<p>A bels\u0151 \u00e9g\u00e9s\u0171 motorok \u00e9s a nagy akkumul\u00e1torcsomagok ugyanazon a platformon val\u00f3 elhelyez\u00e9se nem felt\u00e9tlen\u00fcl eredm\u00e9nyezhet kellemes kompromisszumot, de az eredeti Niro (2016-2022) megjelen\u00e9sekor meggy\u0151z\u0151 hibrid \u00e9s leny\u0171g\u00f6z\u0151 elektromos j\u00e1rm\u0171 is volt, \u00e9s ez a m\u00e1sodik gener\u00e1ci\u00f3s modell is erre t\u00f6rekszik.<br \/>\nEzzel a Mk2 Niro-val azonban a Ki\u00e1nak t\u00f6bb aggodalomra okot ad\u00f3 versenyt\u00e1rsa, mivel rengeteg riv\u00e1lissal rendelkezik, mindenf\u00e9le elektromos hajt\u00e1sl\u00e1nccal. \u00dagy t\u0171nik, minden h\u00e9ten \u00e9rkeznek \u00faj j\u00e1rm\u0171vek a kateg\u00f3ri\u00e1ban, \u00e9s maga a Kia eset\u00e9ben az\u00f3ta egy m\u00e1sik, a Niro EV-hez hasonl\u00f3 m\u00e9ret\u0171 elektromos aut\u00f3t is piacra dobtak, mind\u00f6ssze k\u00e9t \u00e9vvel a tesztalanyunk bemutat\u00e1sa ut\u00e1n, a Kia EV3 szem\u00e9ly\u00e9ben . A fejl\u0151d\u00e9s gyors a kompakt crossoverek vil\u00e1g\u00e1ban. <\/p>\n<p>Jelenleg a Niro EV a k\u00edn\u00e1lat legkelend\u0151bb modellje, szorosan m\u00f6g\u00f6tte a hibrid modell. A PHEV modellb\u0151l kis sz\u00e1mban fogy. Ez a k\u00e9t hibrid v\u00e1ltozat k\u00e9pezi a teszt t\u00e1rgy\u00e1t. A Kia \u201etigrisorr\u201d h\u0171t\u0151r\u00e1csa bizonyos \u00e9rtelemben megmaradt, de elvesz\u00edti eredeti l\u00e9gbe\u00f6ml\u0151 funkci\u00f3j\u00e1t, \u00e9s ink\u00e1bb egy dekorat\u00edv, egyszem\u0171 h\u0171t\u0151r\u00e1csm\u00e1 v\u00e1lik.<\/p>\n<p>Az eg\u00e9sz aut\u00f3 is megn\u0151tt, 65 mm-rel hosszabb \u00e9s 20 mm-rel sz\u00e9lesebb lett. Az egy dolog, hogy ez j\u00f3 dolog-e zs\u00fafolt utakon, de mindenk\u00e9ppen el\u0151ny\u00f6s az aut\u00f3 kin\u00e9zet\u00e9re \u00e9s a bels\u0151 t\u00e9rre n\u00e9zve. \u00c9s a n\u00f6veked\u00e9si ugr\u00e1s ellen\u00e9re a Ki\u00e1nak siker\u00fclt elker\u00fclnie, hogy a Niro nehezebb legyen.  ajt\u00f3kon \u00e9s m\u0171szerfalakon, \u00e9s sz\u00ednes villan\u00e1sok is vannak, hogy minden k\u00f6nnyed maradjon. A d\u00edsz\u00edt\u0151elemek m\u0171anyagb\u00f3l k\u00e9sz\u00fcltek, de a magasabb felszerelts\u00e9gi szinteken patin\u00e1s s\u00e1rgar\u00e9zre hasonl\u00edtanak. Az \u00fcl\u00e9sek \u00e9s a tet\u0151k\u00e1rpit \u00fajrahasznos\u00edtott anyagokb\u00f3l k\u00e9sz\u00fclt, a b\u0151r pedig nem v\u00e1laszthat\u00f3.<br \/>\nA st\u00edlus mellett a funkcionalit\u00e1s sem feledkezett meg: rengeteg k\u00f6nnyen haszn\u00e1lhat\u00f3 gomb \u00e9s kapcsol\u00f3 tal\u00e1lhat\u00f3. A Kia kapcsolhat\u00f3, kett\u0151s funkci\u00f3j\u00fa \u00e9rint\u0151s\u00e1vja, amely a szell\u0151z\u00e9st \u00e9s az infotainment gyorsbillenty\u0171it kezeli, kiss\u00e9 macer\u00e1s, de l\u00e1ttunk m\u00e1r enn\u00e9l sokkal rosszabb megold\u00e1sokat is.<br \/>\nA Niro a Kia alapfelszerelts\u00e9g\u00e9hez tartoz\u00f3 \u00e9rint\u0151k\u00e9perny\u0151s infotainment rendszerrel rendelkezik, amelyhez Apple Carplay \u00e9s Android Auto haszn\u00e1lat\u00e1hoz k\u00e1bel sz\u00fcks\u00e9ges,  de egy\u00e9bk\u00e9nt k\u00f6nnyen haszn\u00e1lhat\u00f3.<\/p>\n<p>451 literes\u00e9vel a hibrid csomagtart\u00f3ja j\u00f3val nagyobb, mint a HR-V-ben vagy a Toyota C-HR- ben , de valamivel kisebb, mint a Renault Arkan\u00e1ban . A hibrid akkumul\u00e1tor term\u00e9szetesen helyet rabol a tiszt\u00e1n benzin\u00fczem\u0171 riv\u00e1lisokhoz k\u00e9pest.<br \/>\nA PHEV elvesz\u00edti a hibrid \u00e9s elektromos modellek padl\u00f3 alatti csomagtart\u00f3j\u00e1t, ez\u00e9rt m\u00e9g kisebb, de a 348 literes csomagt\u00e9r egy sz\u00e9p, sz\u00f6gletes kialak\u00edt\u00e1s\u00fa, amely viszonylag k\u00f6nnyed\u00e9n befogad egy vaskos babakocsit vagy egy m\u00e9retes kuty\u00e1t.<\/p>\n","protected":false},"excerpt":{"rendered":"<p>A ment\u0151csapatok intenz\u00edven dolgoztak az erd\u0151ben, p\u00e1szt\u00e1zt\u00e1k az \u00f6sv\u00e9nyeket, rejtett zugokat, kik\u00e9rdezt\u00e9k a helyieket, \u00e9s folyamatosan koordin\u00e1lt\u00e1k az er\u0151iket. \u00c1m&#8230; <span class=\"gridview-grid-post-read-more\"><a href=\"https:\/\/matrend.hu\/nekedinfo\/sajat-maga-felkutatasaban-segedkezett-egy-reszeg-ferfi\/\">read more<span class=\"gridview-sr-only\"> Saj\u00e1t maga felkutat\u00e1s\u00e1ban seg\u00e9dkezett egy r\u00e9szeg f\u00e9rfi!<\/span><\/a><\/span><\/p>\n","protected":false},"author":1,"featured_media":4169,"comment_status":"open","ping_status":"open","sticky":false,"template":"","format":"standard","meta":{"footnotes":""},"categories":[1],"tags":[],"class_list":["post-4168","post","type-post","status-publish","format-standard","has-post-thumbnail","hentry","category-egyeb","wpcat-1-id"],"_links":{"self":[{"href":"https:\/\/matrend.hu\/nekedinfo\/wp-json\/wp\/v2\/posts\/4168","targetHints":{"allow":["GET"]}}],"collection":[{"href":"https:\/\/matrend.hu\/nekedinfo\/wp-json\/wp\/v2\/posts"}],"about":[{"href":"https:\/\/matrend.hu\/nekedinfo\/wp-json\/wp\/v2\/types\/post"}],"author":[{"embeddable":true,"href":"https:\/\/matrend.hu\/nekedinfo\/wp-json\/wp\/v2\/users\/1"}],"replies":[{"embeddable":true,"href":"https:\/\/matrend.hu\/nekedinfo\/wp-json\/wp\/v2\/comments?post=4168"}],"version-history":[{"count":1,"href":"https:\/\/matrend.hu\/nekedinfo\/wp-json\/wp\/v2\/posts\/4168\/revisions"}],"predecessor-version":[{"id":4170,"href":"https:\/\/matrend.hu\/nekedinfo\/wp-json\/wp\/v2\/posts\/4168\/revisions\/4170"}],"wp:featuredmedia":[{"embeddable":true,"href":"https:\/\/matrend.hu\/nekedinfo\/wp-json\/wp\/v2\/media\/4169"}],"wp:attachment":[{"href":"https:\/\/matrend.hu\/nekedinfo\/wp-json\/wp\/v2\/media?parent=4168"}],"wp:term":[{"taxonomy":"category","embeddable":true,"href":"https:\/\/matrend.hu\/nekedinfo\/wp-json\/wp\/v2\/categories?post=4168"},{"taxonomy":"post_tag","embeddable":true,"href":"https:\/\/matrend.hu\/nekedinfo\/wp-json\/wp\/v2\/tags?post=4168"}],"curies":[{"name":"wp","href":"https:\/\/api.w.org\/{rel}","templated":true}]}}