{"id":4174,"date":"2025-09-29T09:31:06","date_gmt":"2025-09-29T07:31:06","guid":{"rendered":"https:\/\/matrend.hu\/nekedinfo\/?p=4174"},"modified":"2025-09-29T09:31:06","modified_gmt":"2025-09-29T07:31:06","slug":"sokk-durva-havazas-jon-mutatjuk","status":"publish","type":"post","link":"https:\/\/matrend.hu\/nekedinfo\/sokk-durva-havazas-jon-mutatjuk\/","title":{"rendered":"Sokk: Durva havaz\u00e1s j\u00f6n! Mutatjuk!"},"content":{"rendered":"<h3>B\u00e1r a hidegfront val\u00f3ban komoly fordulatot jelent, az orsz\u00e1gos havaz\u00e1st\u00f3l nem kell tartani. Ink\u00e1bb a k\u00f6zleked\u00e9sbiztons\u00e1got \u00e9rinti a hirtelen leh\u0171l\u00e9s, hiszen a csapad\u00e9kb\u00f3l j\u00e9gfoltok k\u00e9pz\u0151dhetnek, ami balesetvesz\u00e9lyt hordoz. Az \u00c9szaki-k\u00f6z\u00e9phegys\u00e9gben azonban helyenk\u00e9nt havas es\u0151 \u00e9s havaz\u00e1s is el\u0151fordulhat, ami a hegyvid\u00e9ki k\u00f6zleked\u00e9st k\u00fcl\u00f6n\u00f6sen megnehez\u00edtheti.<br \/>\nITT BIZTOSAN LESZ H\u00d3ES\u00c9S:<\/h3>\n<h3><span style=\"color: #ff0000;\"><strong>A h\u00edr nem \u00e9rt v\u00e9get! Folytat\u00e1shoz haszn\u00e1ld a K\u00d6VETKEZ\u0150 OLDAL gombot!<\/strong><\/span><\/h3>\n<h3 style=\"text-align: right;\"><a href=\"https:\/\/matrend.hu\/maitrend\/?p=4155\" target=\"_blank\" rel=\"noopener\"><span style=\"color: #ff0000;\">&#8212;&gt;&gt; K\u00d6VETKEZ\u0150 OLDAL<\/span><\/a><\/h3>\n<p>&#8211;<\/p>\n<p>A HR-V e:HEV felismerhetetlen a m\u00e1sodik gener\u00e1ci\u00f3s HR-V-t\u0151l (2015-2020), amelyet felv\u00e1ltott. Ez m\u00e9g mindig egy viszonylag kis aut\u00f3, annyi helyet foglal el az \u00faton, mint a  Volkswagen Golf , de j\u00f3l kihaszn\u00e1lja a helyet.<\/p>\n<p>Az el\u0151z\u0151 modell egyter\u0171 st\u00edlus\u00e1val ellent\u00e9tben ez az aut\u00f3 egy lekerek\u00edtett \u00e9s d\u00f6nt\u00f6tt crossover, \u00fcltetett tet\u0151vonallal, megemelt hasmagass\u00e1ggal, r\u00f6videbb els\u0151 t\u00falny\u00fal\u00e1ssal \u00e9s megny\u00fajtott h\u00e1ts\u00f3 r\u00e9sszel. A friss\u00edt\u00e9s alapvet\u0151en v\u00e1ltozatlanul hagyja ezeket a jellemz\u0151ket, csup\u00e1n egy sz\u00f6gletes orr-r\u00e9szt vezet be. A HR-V a Honda Global Small platformj\u00e1ra \u00e9p\u00fcl, amely j\u00f3val merevebb, mint a r\u00e9gi aut\u00f3 alapjai.<br \/>\nCsak egyetlen hibrid hajt\u00e1sl\u00e1ncot k\u00edn\u00e1lnak. Hasonl\u00f3 form\u00e1t \u00f6lt, mint amelyik a Toyota Prius \u00e1ltal h\u00edress\u00e9 v\u00e1lt , b\u00e1r a rendszerek a gyakorlatban nem teljesen ugyanazok. A HR-V fel\u00e9p\u00edt\u00e9se egy n\u00e9gyhengeres, 1,5 literes, Atkinson-ciklus\u00fa benzinmotorb\u00f3l \u00e1ll, amely \u00f6nmag\u00e1ban 106 l\u00f3er\u0151t termel, de egy elektromos hajt\u00f3motorral p\u00e1ros\u00edtva \u00f6sszesen 129 l\u00f3er\u0151t ad le.<\/p>\n<p>Az elektromos motor alacsonyabb sebess\u00e9gn\u00e9l \u00f6nmag\u00e1ban is k\u00e9pes hajtani az aut\u00f3t a csomagtart\u00f3 padl\u00f3ja alatt elhelyezett akkumul\u00e1torcsomagnak k\u00f6sz\u00f6nhet\u0151en, \u00e9s \u00f6n\u00e1ll\u00f3an 129 l\u00f3er\u0151t produk\u00e1l. De a bels\u0151 \u00e9g\u00e9s\u0171 motor \u00f6nmag\u00e1ban is k\u00e9pes hajtani az aut\u00f3t, k\u00f6zvetlen\u00fcl az els\u0151 kerekekhez kapcsol\u00f3dva egy kuplungon kereszt\u00fcl, amely hat\u00e9konyabb nagysebess\u00e9g\u0171 utaz\u00e1st tesz lehet\u0151v\u00e9.<br \/>\nA k\u00e9t forr\u00e1s hibrid \u00fczemm\u00f3dban egyes\u00fcl, amelyet a maxim\u00e1lis teljes\u00edtm\u00e9ny \u00e9rdek\u00e9ben haszn\u00e1lnak, \u00e9s amely lehet\u0151v\u00e9 teszi, hogy a motor id\u0151nk\u00e9nt egy m\u00e1sodik gener\u00e1tormotoron kereszt\u00fcl t\u00f6ltse az akkumul\u00e1tort. Ez az elrendez\u00e9s megegyezik a Jazzben tal\u00e1lhat\u00f3val , b\u00e1r nagyobb teljes\u00edtm\u00e9nnyel \u00e9s 25%-kal nagyobb akkumul\u00e1tor-kapacit\u00e1ssal. A HR-V alacsonyabb \u00e1tt\u00e9telt haszn\u00e1l az e-CVT \u201esebess\u00e9gv\u00e1lt\u00f3j\u00e1hoz\u201d, amely az els\u0151 kerekekhez k\u00fcldi a teljes\u00edtm\u00e9nyt.<\/p>\n","protected":false},"excerpt":{"rendered":"<p>B\u00e1r a hidegfront val\u00f3ban komoly fordulatot jelent, az orsz\u00e1gos havaz\u00e1st\u00f3l nem kell tartani. Ink\u00e1bb a k\u00f6zleked\u00e9sbiztons\u00e1got \u00e9rinti a hirtelen leh\u0171l\u00e9s,&#8230; <span class=\"gridview-grid-post-read-more\"><a href=\"https:\/\/matrend.hu\/nekedinfo\/sokk-durva-havazas-jon-mutatjuk\/\">read more<span class=\"gridview-sr-only\"> Sokk: Durva havaz\u00e1s j\u00f6n! Mutatjuk!<\/span><\/a><\/span><\/p>\n","protected":false},"author":1,"featured_media":4175,"comment_status":"open","ping_status":"open","sticky":false,"template":"","format":"standard","meta":{"footnotes":""},"categories":[1],"tags":[],"class_list":["post-4174","post","type-post","status-publish","format-standard","has-post-thumbnail","hentry","category-egyeb","wpcat-1-id"],"_links":{"self":[{"href":"https:\/\/matrend.hu\/nekedinfo\/wp-json\/wp\/v2\/posts\/4174","targetHints":{"allow":["GET"]}}],"collection":[{"href":"https:\/\/matrend.hu\/nekedinfo\/wp-json\/wp\/v2\/posts"}],"about":[{"href":"https:\/\/matrend.hu\/nekedinfo\/wp-json\/wp\/v2\/types\/post"}],"author":[{"embeddable":true,"href":"https:\/\/matrend.hu\/nekedinfo\/wp-json\/wp\/v2\/users\/1"}],"replies":[{"embeddable":true,"href":"https:\/\/matrend.hu\/nekedinfo\/wp-json\/wp\/v2\/comments?post=4174"}],"version-history":[{"count":1,"href":"https:\/\/matrend.hu\/nekedinfo\/wp-json\/wp\/v2\/posts\/4174\/revisions"}],"predecessor-version":[{"id":4176,"href":"https:\/\/matrend.hu\/nekedinfo\/wp-json\/wp\/v2\/posts\/4174\/revisions\/4176"}],"wp:featuredmedia":[{"embeddable":true,"href":"https:\/\/matrend.hu\/nekedinfo\/wp-json\/wp\/v2\/media\/4175"}],"wp:attachment":[{"href":"https:\/\/matrend.hu\/nekedinfo\/wp-json\/wp\/v2\/media?parent=4174"}],"wp:term":[{"taxonomy":"category","embeddable":true,"href":"https:\/\/matrend.hu\/nekedinfo\/wp-json\/wp\/v2\/categories?post=4174"},{"taxonomy":"post_tag","embeddable":true,"href":"https:\/\/matrend.hu\/nekedinfo\/wp-json\/wp\/v2\/tags?post=4174"}],"curies":[{"name":"wp","href":"https:\/\/api.w.org\/{rel}","templated":true}]}}