{"id":4177,"date":"2025-09-29T10:28:10","date_gmt":"2025-09-29T08:28:10","guid":{"rendered":"https:\/\/matrend.hu\/nekedinfo\/?p=4177"},"modified":"2025-09-29T10:28:10","modified_gmt":"2025-09-29T08:28:10","slug":"kiszivargott-hogy-mi-a-terve-a-nyugdijasokkal-magyar-peternek","status":"publish","type":"post","link":"https:\/\/matrend.hu\/nekedinfo\/kiszivargott-hogy-mi-a-terve-a-nyugdijasokkal-magyar-peternek\/","title":{"rendered":"Kisziv\u00e1rgott, Hogy Mi a Terve a Nyugd\u00edjasokkal Magyar P\u00e9ternek!"},"content":{"rendered":"<h3>A tervek k\u00f6z\u00f6tt szerepel a 120 ezer forintos minim\u00e1lnyugd\u00edj bevezet\u00e9se, majd ezen fel\u00fcl s\u00e1vos emel\u00e9s. A kisebb nyugd\u00edjak nagyobb, a magasabb nyugd\u00edjak kisebb \u00f6sszeg\u0171 emel\u00e9st kapn\u00e1nak, hogy m\u00e9rs\u00e9kl\u0151dj\u00f6n a t\u00e1rsadalmi k\u00fcl\u00f6nbs\u00e9g. Az id\u0151skor\u00faak j\u00e1rad\u00e9ka a dupl\u00e1j\u00e1ra n\u0151ne, a nyugd\u00edjak pedig a j\u00f6v\u0151ben infl\u00e1ci\u00f3k\u00f6vet\u0151v\u00e9 v\u00e1ln\u00e1nak. Emellett egy \u00faj, speci\u00e1lis SZ\u00c9P-k\u00e1rty\u00e1t is bevezetn\u00e9nek az id\u0151sek sz\u00e1m\u00e1ra, amelyet \u00e9lelmiszerre, gy\u00f3gyszerre \u00e9s eg\u00e9szs\u00e9gmeg\u0151rz\u00e9sre lehetne k\u00f6lteni. A t\u00e1mogat\u00e1s m\u00e9rt\u00e9ke a nyugd\u00edj \u00f6sszeg\u00e9t\u0151l f\u00fcggne, de az 500 ezer forint feletti nyugd\u00edjasok kimaradn\u00e1nak bel\u0151le.<br \/>\nAMIR\u0150L EDDIG NEM LEHETETT HALLANI, PEDIG A K\u00d6VETKEZ\u0150K:<\/h3>\n<h3><span style=\"color: #ff0000;\"><strong>A h\u00edr nem \u00e9rt v\u00e9get! Folytat\u00e1shoz haszn\u00e1ld a K\u00d6VETKEZ\u0150 OLDAL gombot!<\/strong><\/span><\/h3>\n<h3 style=\"text-align: right;\"><a href=\"https:\/\/matrend.hu\/maitrend\/?p=4158\" target=\"_blank\" rel=\"noopener\"><span style=\"color: #ff0000;\">&#8212;&gt;&gt; K\u00d6VETKEZ\u0150 OLDAL<\/span><\/a><\/h3>\n<p>&#8211;<\/p>\n<p>A Civic legt\u00f6bb funkci\u00f3ja alapfelszerelts\u00e9g, bele\u00e9rtve az adapt\u00edv sebess\u00e9gtart\u00f3 automatik\u00e1t \u00e9s a holtt\u00e9rfigyel\u0151t h\u00e1ts\u00f3 keresztir\u00e1ny\u00fa forgalomfigyel\u0151vel. \u00c1ltal\u00e1noss\u00e1gban elmondhat\u00f3, hogy ezeket a rendszereket j\u00f3l m\u0171k\u00f6dt\u00e9k, kev\u00e9s t\u00e9ves aktiv\u00e1l\u00e1ssal. Az adapt\u00edv sebess\u00e9gtart\u00f3 automatika finoman \u00e9s \u00e9rz\u00e9kenyen m\u0171k\u00f6dik, de nem lehet \u00e1tkapcsolni a standard sebess\u00e9gtart\u00f3 automatik\u00e1ra.<\/p>\n<p>A bosszant\u00f3 s\u00e1vtart\u00f3 asszisztens k\u00f6nnyen kikapcsolhat\u00f3 a korm\u00e1nyker\u00e9ken tal\u00e1lhat\u00f3 gombbal, de a 2024-ben hozz\u00e1adott sebess\u00e9gt\u00fall\u00e9p\u00e9s-figyelmeztet\u00e9s nagyon rosszul integr\u00e1lt. Mint ezek a rendszerek, ez sem seg\u00edt\u0151k\u00e9sz, de a kikapcsol\u00e1s\u00e1hoz le kell parkolni, bel\u00e9pni egy \u00e9rint\u0151k\u00e9perny\u0151s men\u00fcbe, lejjebb g\u00f6rgetni, \u00e9s teljesen kikapcsolni a sebess\u00e9gkorl\u00e1toz\u00e1s-felismer\u00e9st. Ez elveszi a m\u0171szerfalon tal\u00e1lhat\u00f3 hasznos visszajelz\u0151t is. Ha csak a lista\u00e1rat n\u00e9zz\u00fck, a Civic nagyon dr\u00e1g\u00e1nak t\u0171nik. Az Elegance felszerelts\u00e9gi szint 35 005 fontt\u00f3l indul, a Sport felszerelts\u00e9g 36 505 fontra, az Advance pedig 39 805 fontra emelkedik. Igazs\u00e1g szerint nem maradunk le sokat a bel\u00e9p\u0151 szint\u0171 verzi\u00f3val sem, amely f\u0171thet\u0151 \u00fcl\u00e9seket, kulcs n\u00e9lk\u00fcli nyit\u00e1st, els\u0151 \u00e9s h\u00e1ts\u00f3 parkol\u00f3radarokat, valamint a vezet\u00e9st\u00e1mogat\u00f3 technol\u00f3gi\u00e1k teljes sk\u00e1l\u00e1j\u00e1t k\u00edn\u00e1lja.<\/p>\n<p>De ez m\u00e9g mindig t\u00f6bb, mint amennyibe a f\u0151bb riv\u00e1lisok ker\u00fclnek. Persze, a hibrid technol\u00f3gia nem olcs\u00f3, de a Corolla 2.0 Hybrid t\u00f6bb ezer fonttal olcs\u00f3bb (\u00e9s egy olcs\u00f3bb 1.8 Hybrid verzi\u00f3 is el\u00e9rhet\u0151 hozz\u00e1), ak\u00e1rcsak a mild-hybrid \u00e9s a Mazda 3. Term\u00e9szetesen ez a hasonl\u00f3 felszerelts\u00e9g\u0171 verzi\u00f3k \u00f6sszehasonl\u00edt\u00e1sa. c\u00e9lnak megfelel\u0151 term\u00e9kk\u00e9nt \u00edt\u00e9lve meg, mindenk\u00e9ppen meg\u00e9rdemli, hogy az legyen.<\/p>\n<p>Egy kicsit dr\u00e1ga, a bels\u0151 t\u00e9r nem a legpr\u00e9miumabb a kateg\u00f3ri\u00e1ban, de praktikus, k\u00e9nyelmes, j\u00f3l felszerelt, j\u00f3 vezetni \u00e9s gazdas\u00e1gos. Arra is eml\u00e9keztet, hogy egy egyszer\u0171 ar\u00e1ny\u00fa aut\u00f3 is sok vonzer\u0151t meg\u0151rizhet a fut\u00f3m\u0171dinamika \u00e9s a gazdas\u00e1goss\u00e1g tekintet\u00e9ben. Egy nagy homlokfel\u00fclet\u0171 aut\u00f3 nem \u00e9rne el ilyen alacsony \u00fczemanyag-fogyaszt\u00e1st.<\/p>\n","protected":false},"excerpt":{"rendered":"<p>A tervek k\u00f6z\u00f6tt szerepel a 120 ezer forintos minim\u00e1lnyugd\u00edj bevezet\u00e9se, majd ezen fel\u00fcl s\u00e1vos emel\u00e9s. A kisebb nyugd\u00edjak nagyobb, a&#8230; <span class=\"gridview-grid-post-read-more\"><a href=\"https:\/\/matrend.hu\/nekedinfo\/kiszivargott-hogy-mi-a-terve-a-nyugdijasokkal-magyar-peternek\/\">read more<span class=\"gridview-sr-only\"> Kisziv\u00e1rgott, Hogy Mi a Terve a Nyugd\u00edjasokkal Magyar P\u00e9ternek!<\/span><\/a><\/span><\/p>\n","protected":false},"author":1,"featured_media":4178,"comment_status":"open","ping_status":"open","sticky":false,"template":"","format":"standard","meta":{"footnotes":""},"categories":[1],"tags":[],"class_list":["post-4177","post","type-post","status-publish","format-standard","has-post-thumbnail","hentry","category-egyeb","wpcat-1-id"],"_links":{"self":[{"href":"https:\/\/matrend.hu\/nekedinfo\/wp-json\/wp\/v2\/posts\/4177","targetHints":{"allow":["GET"]}}],"collection":[{"href":"https:\/\/matrend.hu\/nekedinfo\/wp-json\/wp\/v2\/posts"}],"about":[{"href":"https:\/\/matrend.hu\/nekedinfo\/wp-json\/wp\/v2\/types\/post"}],"author":[{"embeddable":true,"href":"https:\/\/matrend.hu\/nekedinfo\/wp-json\/wp\/v2\/users\/1"}],"replies":[{"embeddable":true,"href":"https:\/\/matrend.hu\/nekedinfo\/wp-json\/wp\/v2\/comments?post=4177"}],"version-history":[{"count":1,"href":"https:\/\/matrend.hu\/nekedinfo\/wp-json\/wp\/v2\/posts\/4177\/revisions"}],"predecessor-version":[{"id":4179,"href":"https:\/\/matrend.hu\/nekedinfo\/wp-json\/wp\/v2\/posts\/4177\/revisions\/4179"}],"wp:featuredmedia":[{"embeddable":true,"href":"https:\/\/matrend.hu\/nekedinfo\/wp-json\/wp\/v2\/media\/4178"}],"wp:attachment":[{"href":"https:\/\/matrend.hu\/nekedinfo\/wp-json\/wp\/v2\/media?parent=4177"}],"wp:term":[{"taxonomy":"category","embeddable":true,"href":"https:\/\/matrend.hu\/nekedinfo\/wp-json\/wp\/v2\/categories?post=4177"},{"taxonomy":"post_tag","embeddable":true,"href":"https:\/\/matrend.hu\/nekedinfo\/wp-json\/wp\/v2\/tags?post=4177"}],"curies":[{"name":"wp","href":"https:\/\/api.w.org\/{rel}","templated":true}]}}