{"id":4189,"date":"2025-09-29T19:34:29","date_gmt":"2025-09-29T17:34:29","guid":{"rendered":"https:\/\/matrend.hu\/nekedinfo\/?p=4189"},"modified":"2025-09-29T19:34:29","modified_gmt":"2025-09-29T17:34:29","slug":"ez-a-filleres-trukk-orokre-eluzi-a-poloskat","status":"publish","type":"post","link":"https:\/\/matrend.hu\/nekedinfo\/ez-a-filleres-trukk-orokre-eluzi-a-poloskat\/","title":{"rendered":"Ez a fill\u00e9res tr\u00fckk \u00f6r\u00f6kre el\u0171zi a polosk\u00e1t"},"content":{"rendered":"<h3>A poloska olyan rovar, amelynek a t\u00e1pl\u00e1l\u00e9ka a n\u00f6v\u00e9nyi nedv. Sz\u00far\u00f3-sz\u00edv\u00f3 sz\u00e1jszerv\u00fckkel kisz\u00edvj\u00e1k a n\u00f6v\u00e9nyek nedv\u00e9t, amely miatt a gy\u00fcm\u00f6lcs\u00f6k deform\u00e1l\u00f3dnak, elvesz\u00edtik piaci \u00e9rt\u00e9k\u00fcket. A z\u00f6ld v\u00e1ndorpoloska \u00c1zsi\u00e1b\u00f3l \u00e9rkezett Eur\u00f3p\u00e1ba, \u00e9s k\u00fcl\u00f6n\u00f6sen vesz\u00e9lyes, mivel sz\u00e1mos t\u00e1pn\u00f6v\u00e9nye is van, t\u00f6bbek k\u00f6z\u00f6tt a paradicsomot, paprik\u00e1t, gy\u00fcm\u00f6lcs\u00f6ket \u00e9s sz\u0151l\u0151t is megt\u00e1madja. Az egyik legfontosabb l\u00e9p\u00e9s, amit megtehet\u00fcnk, hogy fizikai akad\u00e1lyokat \u00e9p\u00edt\u00fcnk a polosk\u00e1k bejut\u00e1sa ellen. Az \u0151sz k\u00f6zeledt\u00e9vel, amikor a polosk\u00e1k beh\u00faz\u00f3dnak a meleg helyekre, \u00e9rdemes \u00e1tn\u00e9zni az ablakok \u00e9s ajt\u00f3k szigetel\u00e9s\u00e9t. A legapr\u00f3bb r\u00e9sek is lehet\u0151s\u00e9get adnak a rovaroknak a bejut\u00e1sra, ez\u00e9rt c\u00e9lszer\u0171 a r\u00e9seket t\u00f6m\u00edteni, \u00e9s a ny\u00edl\u00e1sz\u00e1r\u00f3kat megfelel\u0151en z\u00e1rni.<\/h3>\n<h3><span style=\"color: #ff0000;\"><strong>A h\u00edr nem \u00e9rt v\u00e9get! Folytat\u00e1shoz haszn\u00e1ld a K\u00d6VETKEZ\u0150 OLDAL gombot!<\/strong><\/span><\/h3>\n<h3 style=\"text-align: right;\"><a href=\"https:\/\/matrend.hu\/maitrend\/?p=4170\" target=\"_blank\" rel=\"noopener\"><span style=\"color: #ff0000;\">&#8212;&gt;&gt; K\u00d6VETKEZ\u0150 OLDAL<\/span><\/a><\/h3>\n<p>&#8211;<\/p>\n<p>A Citro\u00ebn C3 els\u0151 gener\u00e1ci\u00f3ja 2002-ben mutatkozott be, \u00e9s r\u00f6gt\u00f6n hozott is egy k\u00fcl\u00f6nlegess\u00e9get: a C3 Pluriel n\u00e9vre keresztelt kabri\u00f3v\u00e1ltozatot, amelyet a v\u00e1szontet\u0151s kialak\u00edt\u00e1sa tett igaz\u00e1n egyediv\u00e9. B\u00e1r ez a modell eg\u00e9szen 2009-ig gy\u00e1rt\u00e1sban maradt, az \u00faj gener\u00e1ci\u00f3val egy\u00fctt v\u00e9gleg b\u00facs\u00fat intettek neki \u2013 aki ma kabri\u00f3s \u00e9lm\u00e9nyre v\u00e1gyik a Citro\u00ebn k\u00edn\u00e1lat\u00e1b\u00f3l, annak ink\u00e1bb a pr\u00e9miumosabb DS 3 Cabrio lehet az alternat\u00edva.<\/p>\n<p>A 2009-ben \u00e9rkezett m\u00e1sodik gener\u00e1ci\u00f3 id\u0151k\u00f6zben egy 2013-as r\u00e1ncfelvarr\u00e1son is \u00e1tesett, de alapvet\u0151 formajegyeit megtartotta. Ilyen p\u00e9ld\u00e1ul a panor\u00e1m\u00e1s els\u0151 sz\u00e9lv\u00e9d\u0151, amely a \u201eZenith\u201d kivitel eset\u00e9ben szinte a vezet\u0151 feje f\u00f6l\u00e9 is beny\u00falik, ezzel kiv\u00e9teles f\u00e9ny- \u00e9s t\u00e9r\u00e9rzetet biztos\u00edtva az utast\u00e9rben. Az aut\u00f3 oldaln\u00e9zete is meg\u0151rizte az eredeti, lekerek\u00edtett karaktert, amely j\u00f3l illik a v\u00e1rosi kisaut\u00f3 szellemis\u00e9g\u00e9hez.<\/p>\n<p>A C3 motorpalett\u00e1ja meglehet\u0151sen sz\u00e9les. A h\u00e1romhengeres, 1,0 \u00e9s 1,2 literes benzinmotorok v\u00e1rosi haszn\u00e1latra elegend\u0151 teljes\u00edtm\u00e9nyt ny\u00fajtanak, takar\u00e9kos \u00fczemmel p\u00e1ros\u00edtva. Az 1.6 literes BlueHDi d\u00edzelmotorok viszont nemcsak er\u0151teljesebbek \u00e9s hat\u00e9konyabbak hosszabb t\u00e1von, de \u00e1ruk is j\u00f3val magasabb \u2013 \u00edgy aki ilyen er\u0151forr\u00e1s mellett d\u00f6nt, annak ezzel is sz\u00e1molnia kell.<\/p>\n<p>A modell n\u00e9gy felszerelts\u00e9gi szinttel \u00e9rhet\u0151 el: VT, VRT, VTR+ \u00e9s Exclusive. Az alapmodell (VT) felszerelts\u00e9ge meglehet\u0151sen egyszer\u0171: elektromos els\u0151 ablakok, k\u00f6zponti z\u00e1r \u00e9s CD-lej\u00e1tsz\u00f3 szerepel a list\u00e1n. A gyakorlatban a legt\u00f6bb v\u00e1s\u00e1rl\u00f3nak a VTR+ jelenti az ide\u00e1lis v\u00e1laszt\u00e1st, mivel ehhez m\u00e1r l\u00e9gkondicion\u00e1l\u00f3, tempomat \u00e9s a \u201eZenith\u201d panor\u00e1ma-sz\u00e9lv\u00e9d\u0151 is t\u00e1rsul, s\u0151t az esetek t\u00f6bbs\u00e9g\u00e9ben k\u00f6nny\u0171f\u00e9m ker\u00e9kt\u00e1rcs\u00e1k is j\u00e1rnak hozz\u00e1. A cs\u00facsverzi\u00f3, az Exclusive, tov\u00e1bbi extr\u00e1kkal emelkedik ki: automata kl\u00edma, Bluetooth \u00e9s teljes \u00e9rt\u00e9k\u0171 panor\u00e1ma-sz\u00e9lv\u00e9d\u0151 emeli a komfortszintet.<\/p>\n","protected":false},"excerpt":{"rendered":"<p>A poloska olyan rovar, amelynek a t\u00e1pl\u00e1l\u00e9ka a n\u00f6v\u00e9nyi nedv. Sz\u00far\u00f3-sz\u00edv\u00f3 sz\u00e1jszerv\u00fckkel kisz\u00edvj\u00e1k a n\u00f6v\u00e9nyek nedv\u00e9t, amely miatt a gy\u00fcm\u00f6lcs\u00f6k&#8230; <span class=\"gridview-grid-post-read-more\"><a href=\"https:\/\/matrend.hu\/nekedinfo\/ez-a-filleres-trukk-orokre-eluzi-a-poloskat\/\">read more<span class=\"gridview-sr-only\"> Ez a fill\u00e9res tr\u00fckk \u00f6r\u00f6kre el\u0171zi a polosk\u00e1t<\/span><\/a><\/span><\/p>\n","protected":false},"author":1,"featured_media":4190,"comment_status":"open","ping_status":"open","sticky":false,"template":"","format":"standard","meta":{"footnotes":""},"categories":[1],"tags":[],"class_list":["post-4189","post","type-post","status-publish","format-standard","has-post-thumbnail","hentry","category-egyeb","wpcat-1-id"],"_links":{"self":[{"href":"https:\/\/matrend.hu\/nekedinfo\/wp-json\/wp\/v2\/posts\/4189","targetHints":{"allow":["GET"]}}],"collection":[{"href":"https:\/\/matrend.hu\/nekedinfo\/wp-json\/wp\/v2\/posts"}],"about":[{"href":"https:\/\/matrend.hu\/nekedinfo\/wp-json\/wp\/v2\/types\/post"}],"author":[{"embeddable":true,"href":"https:\/\/matrend.hu\/nekedinfo\/wp-json\/wp\/v2\/users\/1"}],"replies":[{"embeddable":true,"href":"https:\/\/matrend.hu\/nekedinfo\/wp-json\/wp\/v2\/comments?post=4189"}],"version-history":[{"count":1,"href":"https:\/\/matrend.hu\/nekedinfo\/wp-json\/wp\/v2\/posts\/4189\/revisions"}],"predecessor-version":[{"id":4191,"href":"https:\/\/matrend.hu\/nekedinfo\/wp-json\/wp\/v2\/posts\/4189\/revisions\/4191"}],"wp:featuredmedia":[{"embeddable":true,"href":"https:\/\/matrend.hu\/nekedinfo\/wp-json\/wp\/v2\/media\/4190"}],"wp:attachment":[{"href":"https:\/\/matrend.hu\/nekedinfo\/wp-json\/wp\/v2\/media?parent=4189"}],"wp:term":[{"taxonomy":"category","embeddable":true,"href":"https:\/\/matrend.hu\/nekedinfo\/wp-json\/wp\/v2\/categories?post=4189"},{"taxonomy":"post_tag","embeddable":true,"href":"https:\/\/matrend.hu\/nekedinfo\/wp-json\/wp\/v2\/tags?post=4189"}],"curies":[{"name":"wp","href":"https:\/\/api.w.org\/{rel}","templated":true}]}}