{"id":4195,"date":"2025-09-30T13:12:52","date_gmt":"2025-09-30T11:12:52","guid":{"rendered":"https:\/\/matrend.hu\/nekedinfo\/?p=4195"},"modified":"2025-09-30T13:12:52","modified_gmt":"2025-09-30T11:12:52","slug":"matol-ellenorzik-ha-igy-rakja-ki-a-kukat-nem-viszik-el","status":"publish","type":"post","link":"https:\/\/matrend.hu\/nekedinfo\/matol-ellenorzik-ha-igy-rakja-ki-a-kukat-nem-viszik-el\/","title":{"rendered":"M\u00e1t\u00f3l ellen\u0151rzik! Ha \u00edgy rakja ki a kuk\u00e1t, NEM viszik el!"},"content":{"rendered":"<h3>Az egyik legfontosabb \u00faj\u00edt\u00e1s, hogy a vegyes kuk\u00e1ba nem ker\u00fclhet pap\u00edr, m\u0171anyag, f\u00e9m, \u00e9p\u00edt\u00e9si t\u00f6rmel\u00e9k vagy elektronikai hullad\u00e9k. A kuka fedel\u00e9nek mindig z\u00e1rtnak kell lennie, \u00e9s szigor\u00fa s\u00falyhat\u00e1rokat is meghat\u00e1roztak: p\u00e9ld\u00e1ul egy 60 literes ed\u00e9ny maximum 15 kilogrammig t\u00f6lthet\u0151 meg, m\u00edg egy 240 literes legfeljebb 50 kilogrammig. Ha a hat\u00e1rokat t\u00fall\u00e9pik, a szolg\u00e1ltat\u00f3 nem \u00fcr\u00edti ki az ed\u00e9nyt, de a d\u00edjat kisz\u00e1ml\u00e1zza. Emellett az ed\u00e9nyek \u00e1llapot\u00e1\u00e9rt is az ingatlanhaszn\u00e1l\u00f3 felel, s\u0151t a lomtalan\u00edt\u00e1s keretei is sz\u0171k\u00fclnek \u2013 sem \u00e9p\u00edt\u00e9si hullad\u00e9k, sem nagym\u00e9ret\u0171 t\u00e1rgy nem tehet\u0151 ki.<br \/>\n\u00c9S EZ M\u00c9G NEM MINDEN! MUTATJUK!<\/h3>\n<h3><span style=\"color: #ff0000;\"><strong>A h\u00edr nem \u00e9rt v\u00e9get! Folytat\u00e1shoz haszn\u00e1ld a K\u00d6VETKEZ\u0150 OLDAL gombot!<\/strong><\/span><\/h3>\n<h3 style=\"text-align: right;\"><a href=\"https:\/\/matrend.hu\/maitrend\/?p=4176\" target=\"_blank\" rel=\"noopener\"><span style=\"color: #ff0000;\">&#8212;&gt;&gt; K\u00d6VETKEZ\u0150 OLDAL<\/span><\/a><\/h3>\n<p>&#8211;<\/p>\n<p>R\u00e1n\u00e9z\u00e9sre a GR Yaris utastere nem k\u00fcl\u00f6nb\u00f6z\u00f6tt t\u00falzottan a hagyom\u00e1nyos hibrid modell\u00e9t\u0151l.<br \/>\nTov\u00e1bbra is \u00e1rasztotta azt a kiss\u00e9 szigor\u00fa, monokr\u00f3m hangulatot, amely a legt\u00f6bb Toyot\u00e1ra jellemz\u0151, csak viszonylag konzervat\u00edv, n\u00e9h\u00e1ny tov\u00e1bbi, teljes\u00edtm\u00e9nyaut\u00f3kra jellemz\u0151 kieg\u00e9sz\u00edt\u0151vel \u2013 p\u00e9ld\u00e1ul a GR embl\u00e9ma, az Alcantara-szer\u0171 k\u00e1rpitoz\u00e1s \u00e9s a nagy kagyl\u00f3\u00fcl\u00e9sek.<br \/>\nEzek a sz\u00e9kek kem\u00e9nyek, m\u00e9gis k\u00e9nyelmesek voltak, \u00e9s leny\u0171g\u00f6z\u0151 t\u00e1maszt ny\u00fajtottak a t\u00f6rzsnek, a cs\u00edp\u0151nek \u00e9s a comboknak. Meglehet\u0151sen \u00fcl\u0151 helyzetben \u00fclt\u00fcnk, viszonylag k\u00f6zel a ped\u00e1lokhoz, de a tesztel\u0151ink ennek ellen\u00e9re egyet\u00e9rtettek abban, hogy a vezet\u00e9si poz\u00edci\u00f3 nagyr\u00e9szt k\u00e9nyelmes volt.<br \/>\nAz egyetlen igazi vitapont a f\u00e9k- \u00e9s g\u00e1zped\u00e1lok t\u00e1vols\u00e1ga volt, ami egyesek szerint a sarok-l\u00e1bujj mozdulatokkal t\u00f6rt\u00e9n\u0151 visszav\u00e1lt\u00e1sokat az ide\u00e1lisn\u00e1l kiss\u00e9 bonyolultabb\u00e1 tette, valamint az a t\u00e9ny, hogy a visszapillant\u00f3 t\u00fckr\u00f6t \u00fagy helyezt\u00e9k el, hogy eltakarta a kil\u00e1t\u00e1st a balra kanyarod\u00e1skor.<\/p>\n<p>Az ergon\u00f3mia nagyr\u00e9szt \u00e9sszer\u0171 megk\u00f6zel\u00edt\u00e9se folytat\u00f3dott a sebess\u00e9gv\u00e1lt\u00f3 kar elhelyez\u00e9s\u00e9vel, amely 50 mm-rel magasabbra ker\u00fclt a k\u00f6nnyebb v\u00e1lt\u00e1sok \u00e9rdek\u00e9ben. K\u00f6zvetlen\u00fcl el\u0151tte helyezkedett el a nagym\u00e9ret\u0171 forg\u00f3kapcsol\u00f3s vezet\u00e9si m\u00f3d vez\u00e9rl\u0151, amellyel k\u00f6nnyed\u00e9n lehetett v\u00e1ltani a h\u00e1rom be\u00e1ll\u00edt\u00e1s k\u00f6z\u00f6tt.<br \/>\nA k\u00f6z\u00e9pkonzolon mind\u00f6ssze h\u00e1rom l\u00e1that\u00f3, vaskos gomb kapott helyet. Ezek a kip\u00f6rg\u00e9sg\u00e1tl\u00f3t, a start\/stop rendszert \u00e9s a manu\u00e1lis sebess\u00e9gv\u00e1lt\u00f3 fordulatsz\u00e1m-szab\u00e1lyoz\u00e1s\u00e1t vez\u00e9relt\u00e9k.<br \/>\nB\u00e1r maga az utast\u00e9r k\u00e9nyelmesnek \u00e9rz\u0151d\u00f6tt, ez csak m\u00e9g jobban kiemelte, mennyire kompaktnak \u00e9rz\u0151d\u00f6tt a GR Yaris az \u00faton \u2013 k\u00fcl\u00f6n\u00f6sen, ha figyelembe vessz\u00fck a vezet\u0151 k\u00f6zels\u00e9g\u00e9t az aut\u00f3 f\u0151 kezel\u0151szerveihez.<br \/>\nLehet, hogy r\u00e1n\u00e9z\u00e9sre nem volt t\u00falzottan sportos, de mindenk\u00e9ppen egy koncentr\u00e1lt \u00e9s c\u00e9ltudatos vezet\u00e9si k\u00f6rnyezetnek \u00e9rz\u0151d\u00f6tt.<br \/>\nA praktikum korl\u00e1tozott volt. A h\u00e1ts\u00f3 \u00fcl\u00e9ssor csak a legkisebb gyerekeknek volt igaz\u00e1n alkalmas, a csomagtart\u00f3 pedig mind\u00f6ssze 174 literes t\u00e1rol\u00f3kapacit\u00e1ssal rendelkezett, ami m\u00e9g a szupermini aut\u00f3k m\u00e9rc\u00e9j\u00e9hez k\u00e9pest is korl\u00e1tozott volt.<\/p>\n","protected":false},"excerpt":{"rendered":"<p>Az egyik legfontosabb \u00faj\u00edt\u00e1s, hogy a vegyes kuk\u00e1ba nem ker\u00fclhet pap\u00edr, m\u0171anyag, f\u00e9m, \u00e9p\u00edt\u00e9si t\u00f6rmel\u00e9k vagy elektronikai hullad\u00e9k. A kuka&#8230; <span class=\"gridview-grid-post-read-more\"><a href=\"https:\/\/matrend.hu\/nekedinfo\/matol-ellenorzik-ha-igy-rakja-ki-a-kukat-nem-viszik-el\/\">read more<span class=\"gridview-sr-only\"> M\u00e1t\u00f3l ellen\u0151rzik! Ha \u00edgy rakja ki a kuk\u00e1t, NEM viszik el!<\/span><\/a><\/span><\/p>\n","protected":false},"author":1,"featured_media":4196,"comment_status":"open","ping_status":"open","sticky":false,"template":"","format":"standard","meta":{"footnotes":""},"categories":[1],"tags":[],"class_list":["post-4195","post","type-post","status-publish","format-standard","has-post-thumbnail","hentry","category-egyeb","wpcat-1-id"],"_links":{"self":[{"href":"https:\/\/matrend.hu\/nekedinfo\/wp-json\/wp\/v2\/posts\/4195","targetHints":{"allow":["GET"]}}],"collection":[{"href":"https:\/\/matrend.hu\/nekedinfo\/wp-json\/wp\/v2\/posts"}],"about":[{"href":"https:\/\/matrend.hu\/nekedinfo\/wp-json\/wp\/v2\/types\/post"}],"author":[{"embeddable":true,"href":"https:\/\/matrend.hu\/nekedinfo\/wp-json\/wp\/v2\/users\/1"}],"replies":[{"embeddable":true,"href":"https:\/\/matrend.hu\/nekedinfo\/wp-json\/wp\/v2\/comments?post=4195"}],"version-history":[{"count":1,"href":"https:\/\/matrend.hu\/nekedinfo\/wp-json\/wp\/v2\/posts\/4195\/revisions"}],"predecessor-version":[{"id":4197,"href":"https:\/\/matrend.hu\/nekedinfo\/wp-json\/wp\/v2\/posts\/4195\/revisions\/4197"}],"wp:featuredmedia":[{"embeddable":true,"href":"https:\/\/matrend.hu\/nekedinfo\/wp-json\/wp\/v2\/media\/4196"}],"wp:attachment":[{"href":"https:\/\/matrend.hu\/nekedinfo\/wp-json\/wp\/v2\/media?parent=4195"}],"wp:term":[{"taxonomy":"category","embeddable":true,"href":"https:\/\/matrend.hu\/nekedinfo\/wp-json\/wp\/v2\/categories?post=4195"},{"taxonomy":"post_tag","embeddable":true,"href":"https:\/\/matrend.hu\/nekedinfo\/wp-json\/wp\/v2\/tags?post=4195"}],"curies":[{"name":"wp","href":"https:\/\/api.w.org\/{rel}","templated":true}]}}